{"id":116957,"date":"2021-05-18T12:39:46","date_gmt":"2021-05-18T16:39:46","guid":{"rendered":"https:\/\/linitiative.ca\/International\/le-fec-beneficie-dun-pret-de-165-millions-de-dollars-accorde-par-la-jica\/"},"modified":"2021-05-18T12:39:46","modified_gmt":"2021-05-18T16:39:46","slug":"le-fec-beneficie-dun-pret-de-165-millions-de-dollars-accorde-par-la-jica","status":"publish","type":"post","link":"https:\/\/linitiative.ca\/International\/le-fec-beneficie-dun-pret-de-165-millions-de-dollars-accorde-par-la-jica\/","title":{"rendered":"Le FEC b\u00e9n\u00e9ficie d\u2019un pr\u00eat de 165 millions de dollars accord\u00e9 par la JICA"},"content":{"rendered":"<p class=\"rtejustify\">L\u2019Agence japonaise de coop\u00e9ration internationale (JICA) soutient le financement des projets de d\u00e9veloppement des collectivit\u00e9s territoriales au Maroc. Elle vient d\u2019accorder un pr\u00eat d\u2019un montant de 165 millions de dollars US au Fonds d\u2019Equipement Communal (FEC) dans le cadre d\u2019un accord sign\u00e9 le 31 mars dernier dont la date d\u2019entr\u00e9e en vigueur est le 1er mai 2021, rappelle un communiqu\u00e9 de la JICA.<\/p>\n<p class=\"rtejustify\">Cet accord de financement va \u00a0\u00bbpermettre au FEC de poursuivre, r\u00e9solument, sa strat\u00e9gie ambitionnant de faire b\u00e9n\u00e9ficier les collectivit\u00e9s territoriales des meilleures conditions de financement possibles\u00a0\u00bb, est-il pr\u00e9cis\u00e9. Il permet \u00e9galement de marquer l\u2019attachement du Fonds \u00e0 promouvoir un d\u00e9veloppement inclusif des territoires par le renforcement de ses capacit\u00e9s de financement au profit des projets \u00e0 forte durabilit\u00e9 o\u00f9 les deux composantes environnementale et sociale sont prises en compte.<\/p>\n<p class=\"rtejustify\">Cette op\u00e9ration est une nouvelle occasion pour la JICA pour marquer sa contribution \u00e0 l\u2019am\u00e9lioration des infrastructures socio-\u00e9conomiques infranationales et des services collectifs en zones urbaines et p\u00e9riurbaines, conclut le communiqu\u00e9.<\/p>\n<p class=\"rtejustify\"><strong><em>N.E.A.<\/em><\/strong><\/p>\n<p>Auteur: hgueye<br \/>\n<a href=\"https:\/\/www.leconomiste.com\/flash-infos\/le-fec-beneficie-d-un-pret-de-165-millions-de-dollars-accorde-par-la-jica\">Cliquez ici pour lire l&rsquo;article depuis sa source.<\/a><\/p>\n","protected":false},"excerpt":{"rendered":"<p>L\u2019Agence japonaise de coop\u00e9ration internationale (JICA) soutient le financement des projets de d\u00e9veloppement des collectivit\u00e9s territoriales au Maroc. Elle vient d\u2019accorder un pr\u00eat d\u2019un montant de 165 millions de dollars US au Fonds d\u2019Equipement Communal (FEC) dans le cadre d\u2019un accord sign\u00e9 le 31 mars dernier dont la date d\u2019entr\u00e9e en vigueur est le 1er [&hellip;]<\/p>\n","protected":false},"author":1763,"featured_media":0,"comment_status":"closed","ping_status":"closed","sticky":false,"template":"","format":"standard","meta":{"fifu_image_url":"","fifu_image_alt":"","footnotes":""},"categories":[78,54],"tags":[],"class_list":["post-116957","post","type-post","status-publish","format-standard","hentry","category-economie","category-maroc"],"_links":{"self":[{"href":"https:\/\/linitiative.ca\/International\/wp-json\/wp\/v2\/posts\/116957","targetHints":{"allow":["GET"]}}],"collection":[{"href":"https:\/\/linitiative.ca\/International\/wp-json\/wp\/v2\/posts"}],"about":[{"href":"https:\/\/linitiative.ca\/International\/wp-json\/wp\/v2\/types\/post"}],"author":[{"embeddable":true,"href":"https:\/\/linitiative.ca\/International\/wp-json\/wp\/v2\/users\/1763"}],"replies":[{"embeddable":true,"href":"https:\/\/linitiative.ca\/International\/wp-json\/wp\/v2\/comments?post=116957"}],"version-history":[{"count":0,"href":"https:\/\/linitiative.ca\/International\/wp-json\/wp\/v2\/posts\/116957\/revisions"}],"wp:attachment":[{"href":"https:\/\/linitiative.ca\/International\/wp-json\/wp\/v2\/media?parent=116957"}],"wp:term":[{"taxonomy":"category","embeddable":true,"href":"https:\/\/linitiative.ca\/International\/wp-json\/wp\/v2\/categories?post=116957"},{"taxonomy":"post_tag","embeddable":true,"href":"https:\/\/linitiative.ca\/International\/wp-json\/wp\/v2\/tags?post=116957"}],"curies":[{"name":"wp","href":"https:\/\/api.w.org\/{rel}","templated":true}]}}