{"id":116958,"date":"2021-05-18T12:43:00","date_gmt":"2021-05-18T16:43:00","guid":{"rendered":"https:\/\/linitiative.ca\/International\/le-dokker-tire-sa-reverence\/"},"modified":"2021-05-18T12:43:00","modified_gmt":"2021-05-18T16:43:00","slug":"le-dokker-tire-sa-reverence","status":"publish","type":"post","link":"https:\/\/linitiative.ca\/International\/le-dokker-tire-sa-reverence\/","title":{"rendered":"Le Dokker tire sa r\u00e9v\u00e9rence"},"content":{"rendered":"<p>Les deux nouveaux mod\u00e8les de Renault devront prendre la rel\u00e8ve de l\u2019un des chevaux de course de l\u2019usine de Tanger, le Dokker. Cet utilitaire, fabriqu\u00e9 \u00e0 quelques centaines de milliers d\u2019unit\u00e9s continuera \u00e0 sortir des chaines de l\u2019usine jusqu\u2019\u00e0 l\u2019\u00e9t\u00e9 prochain, il restera au catalogue jusqu\u2019\u00e0 la fin de l\u2019ann\u00e9e avant d\u2019\u00eatre remplac\u00e9 par le Nouvel Express.<\/p>\n<p><strong><em>A.A.<\/em><\/strong><\/p>\n<p>Auteur: hgueye<br \/>\n<a href=\"https:\/\/www.leconomiste.com\/flash-infos\/le-dokker-tire-sa-reverence\">Cliquez ici pour lire l&rsquo;article depuis sa source.<\/a><\/p>\n","protected":false},"excerpt":{"rendered":"<p>Les deux nouveaux mod\u00e8les de Renault devront prendre la rel\u00e8ve de l\u2019un des chevaux de course de l\u2019usine de Tanger, le Dokker. Cet utilitaire, fabriqu\u00e9 \u00e0 quelques centaines de milliers d\u2019unit\u00e9s continuera \u00e0 sortir des chaines de l\u2019usine jusqu\u2019\u00e0 l\u2019\u00e9t\u00e9 prochain, il restera au catalogue jusqu\u2019\u00e0 la fin de l\u2019ann\u00e9e avant d\u2019\u00eatre remplac\u00e9 par le [&hellip;]<\/p>\n","protected":false},"author":1763,"featured_media":0,"comment_status":"closed","ping_status":"closed","sticky":false,"template":"","format":"standard","meta":{"fifu_image_url":"","fifu_image_alt":"","footnotes":""},"categories":[78,54],"tags":[],"class_list":["post-116958","post","type-post","status-publish","format-standard","hentry","category-economie","category-maroc"],"_links":{"self":[{"href":"https:\/\/linitiative.ca\/International\/wp-json\/wp\/v2\/posts\/116958","targetHints":{"allow":["GET"]}}],"collection":[{"href":"https:\/\/linitiative.ca\/International\/wp-json\/wp\/v2\/posts"}],"about":[{"href":"https:\/\/linitiative.ca\/International\/wp-json\/wp\/v2\/types\/post"}],"author":[{"embeddable":true,"href":"https:\/\/linitiative.ca\/International\/wp-json\/wp\/v2\/users\/1763"}],"replies":[{"embeddable":true,"href":"https:\/\/linitiative.ca\/International\/wp-json\/wp\/v2\/comments?post=116958"}],"version-history":[{"count":0,"href":"https:\/\/linitiative.ca\/International\/wp-json\/wp\/v2\/posts\/116958\/revisions"}],"wp:attachment":[{"href":"https:\/\/linitiative.ca\/International\/wp-json\/wp\/v2\/media?parent=116958"}],"wp:term":[{"taxonomy":"category","embeddable":true,"href":"https:\/\/linitiative.ca\/International\/wp-json\/wp\/v2\/categories?post=116958"},{"taxonomy":"post_tag","embeddable":true,"href":"https:\/\/linitiative.ca\/International\/wp-json\/wp\/v2\/tags?post=116958"}],"curies":[{"name":"wp","href":"https:\/\/api.w.org\/{rel}","templated":true}]}}