{"id":116960,"date":"2021-05-18T13:13:47","date_gmt":"2021-05-18T17:13:47","guid":{"rendered":"https:\/\/linitiative.ca\/International\/le-maroc-rappelle-son-ambassadrice-a-madrid-pour-consultation\/"},"modified":"2021-05-18T13:13:47","modified_gmt":"2021-05-18T17:13:47","slug":"le-maroc-rappelle-son-ambassadrice-a-madrid-pour-consultation","status":"publish","type":"post","link":"https:\/\/linitiative.ca\/International\/le-maroc-rappelle-son-ambassadrice-a-madrid-pour-consultation\/","title":{"rendered":"Le Maroc rappelle son ambassadrice \u00e0 Madrid pour consultation"},"content":{"rendered":"<p class=\"rtejustify\">La crise diplomatique entre le Maroc et l&rsquo;Espagne prend une nouvelle tournure. Mardi, le minist\u00e8re des Affaires \u00e9trang\u00e8res\u00a0a annonc\u00e9 le rappel imm\u00e9diat \u00ab\u00a0pour consultation\u00a0\u00bb de l&rsquo;ambassadrice du Maroc \u00e0 Madrid Karima Benyaich.<\/p>\n<p class=\"rtejustify\">Le m\u00eame jour, le Premier ministre espagnol, le socialiste Pedro Sanchez, s&rsquo;est aussi rendu\u00a0\u00e0 Ceuta, o\u00f9 il a \u00e9t\u00e9 accueilli par les hu\u00e9es de quelques dizaines de r\u00e9sidents, selon des images mises en ligne par le journal local.<\/p>\n<p>Auteur: hgueye<br \/>\n<a href=\"https:\/\/www.leconomiste.com\/flash-infos\/le-maroc-rappelle-son-ambassadrice-madrid-pour-consultation\">Cliquez ici pour lire l&rsquo;article depuis sa source.<\/a><\/p>\n","protected":false},"excerpt":{"rendered":"<p>La crise diplomatique entre le Maroc et l&rsquo;Espagne prend une nouvelle tournure. Mardi, le minist\u00e8re des Affaires \u00e9trang\u00e8res\u00a0a annonc\u00e9 le rappel imm\u00e9diat \u00ab\u00a0pour consultation\u00a0\u00bb de l&rsquo;ambassadrice du Maroc \u00e0 Madrid Karima Benyaich. Le m\u00eame jour, le Premier ministre espagnol, le socialiste Pedro Sanchez, s&rsquo;est aussi rendu\u00a0\u00e0 Ceuta, o\u00f9 il a \u00e9t\u00e9 accueilli par les hu\u00e9es [&hellip;]<\/p>\n","protected":false},"author":1763,"featured_media":0,"comment_status":"closed","ping_status":"closed","sticky":false,"template":"","format":"standard","meta":{"fifu_image_url":"","fifu_image_alt":"","footnotes":""},"categories":[78,54],"tags":[],"class_list":["post-116960","post","type-post","status-publish","format-standard","hentry","category-economie","category-maroc"],"_links":{"self":[{"href":"https:\/\/linitiative.ca\/International\/wp-json\/wp\/v2\/posts\/116960","targetHints":{"allow":["GET"]}}],"collection":[{"href":"https:\/\/linitiative.ca\/International\/wp-json\/wp\/v2\/posts"}],"about":[{"href":"https:\/\/linitiative.ca\/International\/wp-json\/wp\/v2\/types\/post"}],"author":[{"embeddable":true,"href":"https:\/\/linitiative.ca\/International\/wp-json\/wp\/v2\/users\/1763"}],"replies":[{"embeddable":true,"href":"https:\/\/linitiative.ca\/International\/wp-json\/wp\/v2\/comments?post=116960"}],"version-history":[{"count":0,"href":"https:\/\/linitiative.ca\/International\/wp-json\/wp\/v2\/posts\/116960\/revisions"}],"wp:attachment":[{"href":"https:\/\/linitiative.ca\/International\/wp-json\/wp\/v2\/media?parent=116960"}],"wp:term":[{"taxonomy":"category","embeddable":true,"href":"https:\/\/linitiative.ca\/International\/wp-json\/wp\/v2\/categories?post=116960"},{"taxonomy":"post_tag","embeddable":true,"href":"https:\/\/linitiative.ca\/International\/wp-json\/wp\/v2\/tags?post=116960"}],"curies":[{"name":"wp","href":"https:\/\/api.w.org\/{rel}","templated":true}]}}