{"id":116961,"date":"2021-05-18T15:14:05","date_gmt":"2021-05-18T19:14:05","guid":{"rendered":"https:\/\/linitiative.ca\/International\/international-euro-2020-pour-la-france-une-autre-surprise-en-plus-de-benzema\/"},"modified":"2021-05-18T15:14:05","modified_gmt":"2021-05-18T19:14:05","slug":"international-euro-2020-pour-la-france-une-autre-surprise-en-plus-de-benzema","status":"publish","type":"post","link":"https:\/\/linitiative.ca\/International\/international-euro-2020-pour-la-france-une-autre-surprise-en-plus-de-benzema\/","title":{"rendered":"International : Euro 2020 : Pour la France, une autre surprise en plus de Benzema ?"},"content":{"rendered":"<div readability=\"32\">\n<p>Auteur : <span class=\"time\">mardi 18 mai 2021 12:59<\/span><\/p>\n<\/div>\n<div id=\"post_core\" readability=\"46\">\n<p>D\u00e9cid\u00e9ment, c&rsquo;est un groupe plein de surprises qui se pr\u00e9pare ce mardi soir avec l&rsquo;annonce de Didier Deschamps. Comme \u00e9voque ces derni\u00e8res heures, la plus importante pourrait \u00eatre la pr\u00e9sence de Karim Benzema, qui pourrait faire son retour chez les Bleus apr\u00e8s cinq ans d&rsquo;absence comme l&rsquo;indique Onzemondial.<\/p>\n<p>Mais ce n&rsquo;est pas la seule surprise en vue. Romain Giroud, journaliste \u00e0 RMC, annonce de son c\u00f4t\u00e9 que Blaise Matuidi, disparu des plans de Deschamps depuis son d\u00e9part \u00e0 l&rsquo;Inter Miami, devrait lui aussi faire partie de la liste des 26 de Deschamps !<\/p>\n<p><strong>Publi\u00e9 dans :<\/strong> <span>France<\/span><\/p>\n<\/div>\n<p>Auteur:<br \/>\n<a href=\"http:\/\/www.lebuteur.com\/article\/detail?titre=euro-2020-pour-la-france-une-autre-surprise-en-plus-de-benzema&#038;id=100103&#038;utm_source=feedburner&#038;utm_medium=feed&#038;utm_campaign=Feed%3A+GalerieFArtciles+%28Les+derniers+articles++-+lebuteur.com%29\">Cliquez ici pour lire l&rsquo;article depuis sa source.<\/a><\/p>\n","protected":false},"excerpt":{"rendered":"<p>Auteur : mardi 18 mai 2021 12:59 D\u00e9cid\u00e9ment, c&rsquo;est un groupe plein de surprises qui se pr\u00e9pare ce mardi soir avec l&rsquo;annonce de Didier Deschamps. Comme \u00e9voque ces derni\u00e8res heures, la plus importante pourrait \u00eatre la pr\u00e9sence de Karim Benzema, qui pourrait faire son retour chez les Bleus apr\u00e8s cinq ans d&rsquo;absence comme l&rsquo;indique Onzemondial. [&hellip;]<\/p>\n","protected":false},"author":1738,"featured_media":0,"comment_status":"closed","ping_status":"closed","sticky":false,"template":"","format":"standard","meta":{"fifu_image_url":"\/\/cdn.lebuteur.com\/data\/images\/article\/thumbs\/large-euro-2020-pour-la-france-une-autre-surprise-en-plus-de-benzema-d0616.jpg","fifu_image_alt":"International : Euro 2020 : Pour la France, une autre surprise en plus de Benzema ?","footnotes":""},"categories":[53,75],"tags":[],"class_list":["post-116961","post","type-post","status-publish","format-standard","hentry","category-algerie","category-sport"],"_links":{"self":[{"href":"https:\/\/linitiative.ca\/International\/wp-json\/wp\/v2\/posts\/116961","targetHints":{"allow":["GET"]}}],"collection":[{"href":"https:\/\/linitiative.ca\/International\/wp-json\/wp\/v2\/posts"}],"about":[{"href":"https:\/\/linitiative.ca\/International\/wp-json\/wp\/v2\/types\/post"}],"author":[{"embeddable":true,"href":"https:\/\/linitiative.ca\/International\/wp-json\/wp\/v2\/users\/1738"}],"replies":[{"embeddable":true,"href":"https:\/\/linitiative.ca\/International\/wp-json\/wp\/v2\/comments?post=116961"}],"version-history":[{"count":0,"href":"https:\/\/linitiative.ca\/International\/wp-json\/wp\/v2\/posts\/116961\/revisions"}],"wp:attachment":[{"href":"https:\/\/linitiative.ca\/International\/wp-json\/wp\/v2\/media?parent=116961"}],"wp:term":[{"taxonomy":"category","embeddable":true,"href":"https:\/\/linitiative.ca\/International\/wp-json\/wp\/v2\/categories?post=116961"},{"taxonomy":"post_tag","embeddable":true,"href":"https:\/\/linitiative.ca\/International\/wp-json\/wp\/v2\/tags?post=116961"}],"curies":[{"name":"wp","href":"https:\/\/api.w.org\/{rel}","templated":true}]}}