{"id":116964,"date":"2021-05-18T15:14:12","date_gmt":"2021-05-18T19:14:12","guid":{"rendered":"https:\/\/linitiative.ca\/International\/pros-zedadka-dans-lhistoire-de-clermont-foot-63\/"},"modified":"2021-05-18T15:14:12","modified_gmt":"2021-05-18T19:14:12","slug":"pros-zedadka-dans-lhistoire-de-clermont-foot-63","status":"publish","type":"post","link":"https:\/\/linitiative.ca\/International\/pros-zedadka-dans-lhistoire-de-clermont-foot-63\/","title":{"rendered":"Pros : Zedadka dans l\u2019histoire de Clermont Foot 63 !"},"content":{"rendered":"<div readability=\"32\">\n<p>Auteur : <span>Moumen A.<\/span> <span class=\"time\">mardi 18 mai 2021 17:13<\/span><\/p>\n<\/div>\n<div id=\"post_core\" readability=\"37\">\n<p>Le d\u00e9fenseur lat\u00e9ral droit \u2019Alg\u00e9rien Akim Zedadka a r\u00e9ussi un exploit historique avec son club Clermont Foot Auvergne en participant grandement \u00e0 l\u2019accession de son \u00e9quipe\u00a0 en Ligue 1 Uber Eats. Apr\u00e8s une lutte acharn\u00e9e tout au long de la saison avec plusieurs concurrents de la \u00a0Ligue 2 BKT, Clermont a ent\u00e9rin\u00e9 sa mont\u00e9e en Ligue 1\u00a0vendredi lors de la derni\u00e8re journ\u00e9e du Championnat, en d\u00e9pit de sa d\u00e9faite \u00e0 l&rsquo;ext\u00e9rieur deux buts \u00e0 un contre le stade Malherbe de Caen. Apr\u00e8s une grosse saison l&rsquo;Alg\u00e9rien a \u00e9t\u00e9 retenu dans l&rsquo;\u00e9quipe de l&rsquo;ann\u00e9e comme le meilleur arri\u00e8re droit de la Ligue 2 fran\u00e7aise.<\/p>\n<p><strong>Moumen A.<\/strong><\/p>\n<p><strong>Publi\u00e9 dans :<\/strong> <span>Zedadka<\/span><\/p>\n<\/div>\n<p>Auteur:<br \/>\n<a href=\"http:\/\/www.lebuteur.com\/article\/detail?titre=zedadka-dans-lhistoire-de-clermont-foot-63&#038;id=100106&#038;utm_source=feedburner&#038;utm_medium=feed&#038;utm_campaign=Feed%3A+GalerieFArtciles+%28Les+derniers+articles++-+lebuteur.com%29\">Cliquez ici pour lire l&rsquo;article depuis sa source.<\/a><\/p>\n","protected":false},"excerpt":{"rendered":"<p>Auteur : Moumen A. mardi 18 mai 2021 17:13 Le d\u00e9fenseur lat\u00e9ral droit \u2019Alg\u00e9rien Akim Zedadka a r\u00e9ussi un exploit historique avec son club Clermont Foot Auvergne en participant grandement \u00e0 l\u2019accession de son \u00e9quipe\u00a0 en Ligue 1 Uber Eats. Apr\u00e8s une lutte acharn\u00e9e tout au long de la saison avec plusieurs concurrents de la [&hellip;]<\/p>\n","protected":false},"author":1738,"featured_media":0,"comment_status":"closed","ping_status":"closed","sticky":false,"template":"","format":"standard","meta":{"fifu_image_url":"\/\/cdn.lebuteur.com\/data\/images\/article\/thumbs\/large-zedadka-dans-lhistoire-de-clermont-foot-63-91acd.jpg","fifu_image_alt":"Pros : Zedadka dans l\u2019histoire de Clermont Foot 63 !","footnotes":""},"categories":[53,75],"tags":[],"class_list":["post-116964","post","type-post","status-publish","format-standard","hentry","category-algerie","category-sport"],"_links":{"self":[{"href":"https:\/\/linitiative.ca\/International\/wp-json\/wp\/v2\/posts\/116964","targetHints":{"allow":["GET"]}}],"collection":[{"href":"https:\/\/linitiative.ca\/International\/wp-json\/wp\/v2\/posts"}],"about":[{"href":"https:\/\/linitiative.ca\/International\/wp-json\/wp\/v2\/types\/post"}],"author":[{"embeddable":true,"href":"https:\/\/linitiative.ca\/International\/wp-json\/wp\/v2\/users\/1738"}],"replies":[{"embeddable":true,"href":"https:\/\/linitiative.ca\/International\/wp-json\/wp\/v2\/comments?post=116964"}],"version-history":[{"count":0,"href":"https:\/\/linitiative.ca\/International\/wp-json\/wp\/v2\/posts\/116964\/revisions"}],"wp:attachment":[{"href":"https:\/\/linitiative.ca\/International\/wp-json\/wp\/v2\/media?parent=116964"}],"wp:term":[{"taxonomy":"category","embeddable":true,"href":"https:\/\/linitiative.ca\/International\/wp-json\/wp\/v2\/categories?post=116964"},{"taxonomy":"post_tag","embeddable":true,"href":"https:\/\/linitiative.ca\/International\/wp-json\/wp\/v2\/tags?post=116964"}],"curies":[{"name":"wp","href":"https:\/\/api.w.org\/{rel}","templated":true}]}}