{"id":116967,"date":"2021-05-18T14:14:51","date_gmt":"2021-05-18T18:14:51","guid":{"rendered":"https:\/\/linitiative.ca\/International\/medias-el-kadi-ihsane-place-sous-controle-judiciaire-et-kenza-khettou-en-liberte-provisoire\/"},"modified":"2021-05-18T14:14:51","modified_gmt":"2021-05-18T18:14:51","slug":"medias-el-kadi-ihsane-place-sous-controle-judiciaire-et-kenza-khettou-en-liberte-provisoire","status":"publish","type":"post","link":"https:\/\/linitiative.ca\/International\/medias-el-kadi-ihsane-place-sous-controle-judiciaire-et-kenza-khettou-en-liberte-provisoire\/","title":{"rendered":"M\u00e9dias : El Kadi Ihsane plac\u00e9 sous contr\u00f4le judiciaire et Kenza Khettou en Libert\u00e9 provisoire"},"content":{"rendered":"<p>Le journaliste et directeur de Radio M et Maghreb Emergent, El Kadi Ihsane, a \u00e9t\u00e9 plac\u00e9, aujourd\u2019hui mardi 18 mai, sous contr\u00f4le judiciaire, par le juge d\u2019instruction pr\u00e8s le tribunal Sidi M\u2019hamed \u00e0 Alger.<\/p>\n<p>Ayant re\u00e7u la veille une convocation de la part de la gendarmerie de Bab J\u2019did, celui-ci s\u2019est pr\u00e9sent\u00e9 devant le procureur pr\u00e8s ce m\u00eame tribunal qui l\u2019a renvoy\u00e9 devant le juge d\u2019instruction.<\/p>\n<p>Ihsane est poursuivi, selon son entourage, pour les chefs d\u2019accusation d\u2019\u00abatteinte \u00e0 l\u2019unit\u00e9 nationale\u00bb et \u00abpublications pouvant porter atteinte \u00e0 la s\u00fbret\u00e9 de l\u2019Etat\u00bb.<\/p>\n<p>C\u2019est, selon le Comit\u00e9 national pour la lib\u00e9ration des d\u00e9tenus (CNLD), le minist\u00e8re de la Communication qui a d\u00e9pos\u00e9 une plainte \u00e0 son encontre \u00e0 la suite de la publication, par ses soins, d\u2019un article sur le site de Radio M, le 23 mars dernier, relatif \u00e0 Rachad.<\/p>\n<p>\u00abLe pouvoir veut juger les journalistes pour leurs \u00e9crits. C\u2019est ce qui arrive aujourd\u2019hui avec Ihsane El Kadi directeur de Radio M\u00bb, a d\u00e9clar\u00e9 l\u2019avocate Zoubida Assoul, avant d\u2019ajouter : \u00abInstrumentalisation de la justice par le musellement de la presse.\u00bb<\/p>\n<p>Le journaliste, qui n\u2019a pu quitter le tribunal que vers 16h30, devra ainsi, dans le cadre de son contr\u00f4le judiciaire, se pr\u00e9senter chaque lundi matin \u00e0 10h pour \u00e9margement, comme cela a \u00e9t\u00e9 indiqu\u00e9 par Radio M.<\/p>\n<p>Par ailleurs, Ihsane a \u00e9t\u00e9 mis sous ISTN (Interdiction de sortie du territoire national), avec retrait de son passeport, comme il n\u2019a pas le droit de quitter la capitale sans autorisation.<\/p>\n<p>Il faut rappeler que le directeur de Radio M et Maghreb Emergent avait \u00e9t\u00e9 convoqu\u00e9 \u00e0 deux reprises par la gendarmerie auparavant.<\/p>\n<p>La premi\u00e8re fois, c\u2019\u00e9tait le 6 octobre 2020. En arrivant \u00e0 la brigade de Bab J\u2019did, les agents sur place lui ont signifi\u00e9 que finalement sa pr\u00e9sence n\u2019\u00e9tait pas n\u00e9cessaire.<\/p>\n<p>La deuxi\u00e8me fois, c\u2019\u00e9tait le 31 mars dernier. C\u2019\u00e9tait suite \u00e0 la plainte du minist\u00e8re de la Communication au sujet de l\u2019article de presse cit\u00e9 plus haut. Interrog\u00e9 par les gendarmes pendant quelques heures, il a \u00e9t\u00e9 transf\u00e9r\u00e9 au tribunal de Sidi M\u2019hamed.<\/p>\n<p>Finalement, il n\u2019y a pas eu de suite et Ihsane a \u00e9t\u00e9 rel\u00e2ch\u00e9 sur place.<\/p>\n<p>Il est utile de signaler, par ailleurs, que la journaliste Kenza Khettou, exer\u00e7ant \u00e0 Radio M, qui devait \u00eatre jug\u00e9e en comparution imm\u00e9diate aujourd\u2019hui aussi a \u00e9t\u00e9 remise en libert\u00e9, le proc\u00e8s ayant \u00e9t\u00e9 renvoy\u00e9 au 25 mai.<\/p>\n<p>Arr\u00eat\u00e9e vendredi dernier alors qu\u2019elle couvrait le hirak, elle avait \u00e9t\u00e9 plac\u00e9e en garde \u00e0 vue durant 3 jours. Elle est poursuivie pour \u00abatteinte \u00e0 l\u2019unit\u00e9 nationale\u00bb, \u00abpublications pouvant porter atteinte \u00e0 l\u2019int\u00e9r\u00eat national\u00bb, \u00abincitation \u00e0 attroupement non arm\u00e9\u00bb et \u00aboutrage \u00e0 corps constitu\u00e9\u00bb, d\u2019apr\u00e8s le CNLD.<\/p>\n<p>Auteur: Mohand Yahiaoui<br \/>\n<a href=\"https:\/\/www.elwatan.com\/edition\/actualite\/medias-el-kadi-ihsane-place-sous-controle-judiciaire-et-kenza-khettou-en-liberte-provisoire-18-05-2021\">Cliquez ici pour lire l&rsquo;article depuis sa source.<\/a><\/p>\n","protected":false},"excerpt":{"rendered":"<p>Le journaliste et directeur de Radio M et Maghreb Emergent, El Kadi Ihsane, a \u00e9t\u00e9 plac\u00e9, aujourd\u2019hui mardi 18 mai, sous contr\u00f4le judiciaire, par le juge d\u2019instruction pr\u00e8s le tribunal Sidi M\u2019hamed \u00e0 Alger. Ayant re\u00e7u la veille une convocation de la part de la gendarmerie de Bab J\u2019did, celui-ci s\u2019est pr\u00e9sent\u00e9 devant le procureur [&hellip;]<\/p>\n","protected":false},"author":1743,"featured_media":0,"comment_status":"closed","ping_status":"closed","sticky":false,"template":"","format":"standard","meta":{"fifu_image_url":"","fifu_image_alt":"","footnotes":""},"categories":[73,53],"tags":[],"class_list":["post-116967","post","type-post","status-publish","format-standard","hentry","category-actualite","category-algerie"],"_links":{"self":[{"href":"https:\/\/linitiative.ca\/International\/wp-json\/wp\/v2\/posts\/116967","targetHints":{"allow":["GET"]}}],"collection":[{"href":"https:\/\/linitiative.ca\/International\/wp-json\/wp\/v2\/posts"}],"about":[{"href":"https:\/\/linitiative.ca\/International\/wp-json\/wp\/v2\/types\/post"}],"author":[{"embeddable":true,"href":"https:\/\/linitiative.ca\/International\/wp-json\/wp\/v2\/users\/1743"}],"replies":[{"embeddable":true,"href":"https:\/\/linitiative.ca\/International\/wp-json\/wp\/v2\/comments?post=116967"}],"version-history":[{"count":0,"href":"https:\/\/linitiative.ca\/International\/wp-json\/wp\/v2\/posts\/116967\/revisions"}],"wp:attachment":[{"href":"https:\/\/linitiative.ca\/International\/wp-json\/wp\/v2\/media?parent=116967"}],"wp:term":[{"taxonomy":"category","embeddable":true,"href":"https:\/\/linitiative.ca\/International\/wp-json\/wp\/v2\/categories?post=116967"},{"taxonomy":"post_tag","embeddable":true,"href":"https:\/\/linitiative.ca\/International\/wp-json\/wp\/v2\/tags?post=116967"}],"curies":[{"name":"wp","href":"https:\/\/api.w.org\/{rel}","templated":true}]}}