{"id":116968,"date":"2021-05-18T15:38:30","date_gmt":"2021-05-18T19:38:30","guid":{"rendered":"https:\/\/linitiative.ca\/International\/urgent\/"},"modified":"2021-05-18T15:38:30","modified_gmt":"2021-05-18T19:38:30","slug":"urgent","status":"publish","type":"post","link":"https:\/\/linitiative.ca\/International\/urgent\/","title":{"rendered":"Urgent"},"content":{"rendered":"<h4 class=\"title-14\"\/>\n<div class=\"meta-tp-5\" readability=\"4.3555555555556\">\n<div class=\"author-tp-2\"><a href=\"..\/signature\/?signature=R%C3%A9daction%20web\">R\u00e9daction web<\/a><\/div>\n<p>18 mai 2021 \u00e0 20 h 38 min<\/p>\n<div class=\"ptp-1-views\"><a href=\"#main-content-section\"><span>324<\/span><\/a><\/div>\n<\/div>\n<p>Ferhat Mehenni, plac\u00e9 en garde \u00e0 vue cet apr\u00e8s midi dans un commissariat de Paris, a \u00e9t\u00e9 remis en libert\u00e9 aujourd\u2019hui peu apr\u00e8s 19h.<\/p>\n<p>Son affaire a \u00e9t\u00e9 class\u00e9e sans suite.<\/p>\n<div class=\"widget_text awac-wrapper widget_text awac widget custom_html-3 textwidget custom-html-widget\">\n<\/div>\n<p><span class=\"post-views-label\">Post Views:<\/span> <span class=\"post-views-count\">324<\/span><\/p>\n<div class=\"ichhar-apres-le-contenu c1\" id=\"ichhar-1061279325\">\n<\/div>\n<p><br class=\"c2\"\/><\/p>\n<div class=\"ichhar-moneytagnative c4\" id=\"ichhar-1806760380\">\n<p>Advertisements<\/p>\n<\/div>\n<p><br class=\"c2\"\/><br \/>\n<br class=\"c5\"\/><\/p>\n<div class=\"post-tags\">\n<ul class=\"post-tags-list\">\n<li><a href=\"https:\/\/www.elwatan.com\/tag\/ferhat-mehenni\">Ferhat Mehenni<\/a><\/li>\n<li><a href=\"https:\/\/www.elwatan.com\/tag\/garde-a-vue\">Garde \u00e0 vue<\/a><\/li>\n<li><a href=\"https:\/\/www.elwatan.com\/tag\/mak\">MAK<\/a><\/li>\n<li><a href=\"https:\/\/www.elwatan.com\/tag\/paris\">Paris<\/a><\/li>\n<\/ul>\n<\/div>\n<p>Auteur: Mohand Yahiaoui<br \/>\n<a href=\"https:\/\/www.elwatan.com\/edition\/actualite\/urgent-18-05-2021\">Cliquez ici pour lire l&rsquo;article depuis sa source.<\/a><\/p>\n","protected":false},"excerpt":{"rendered":"<p>R\u00e9daction web 18 mai 2021 \u00e0 20 h 38 min 324 Ferhat Mehenni, plac\u00e9 en garde \u00e0 vue cet apr\u00e8s midi dans un commissariat de Paris, a \u00e9t\u00e9 remis en libert\u00e9 aujourd\u2019hui peu apr\u00e8s 19h. Son affaire a \u00e9t\u00e9 class\u00e9e sans suite. Post Views: 324 Advertisements Ferhat Mehenni Garde \u00e0 vue MAK Paris Auteur: Mohand [&hellip;]<\/p>\n","protected":false},"author":1743,"featured_media":0,"comment_status":"closed","ping_status":"closed","sticky":false,"template":"","format":"standard","meta":{"fifu_image_url":"","fifu_image_alt":"","footnotes":""},"categories":[73,53],"tags":[],"class_list":["post-116968","post","type-post","status-publish","format-standard","hentry","category-actualite","category-algerie"],"_links":{"self":[{"href":"https:\/\/linitiative.ca\/International\/wp-json\/wp\/v2\/posts\/116968","targetHints":{"allow":["GET"]}}],"collection":[{"href":"https:\/\/linitiative.ca\/International\/wp-json\/wp\/v2\/posts"}],"about":[{"href":"https:\/\/linitiative.ca\/International\/wp-json\/wp\/v2\/types\/post"}],"author":[{"embeddable":true,"href":"https:\/\/linitiative.ca\/International\/wp-json\/wp\/v2\/users\/1743"}],"replies":[{"embeddable":true,"href":"https:\/\/linitiative.ca\/International\/wp-json\/wp\/v2\/comments?post=116968"}],"version-history":[{"count":0,"href":"https:\/\/linitiative.ca\/International\/wp-json\/wp\/v2\/posts\/116968\/revisions"}],"wp:attachment":[{"href":"https:\/\/linitiative.ca\/International\/wp-json\/wp\/v2\/media?parent=116968"}],"wp:term":[{"taxonomy":"category","embeddable":true,"href":"https:\/\/linitiative.ca\/International\/wp-json\/wp\/v2\/categories?post=116968"},{"taxonomy":"post_tag","embeddable":true,"href":"https:\/\/linitiative.ca\/International\/wp-json\/wp\/v2\/tags?post=116968"}],"curies":[{"name":"wp","href":"https:\/\/api.w.org\/{rel}","templated":true}]}}