{"id":116970,"date":"2021-05-18T06:00:00","date_gmt":"2021-05-18T10:00:00","guid":{"rendered":"https:\/\/linitiative.ca\/International\/lamorgese-et-johansson-ce-mercredi-a-tunis-litalie-et-lue-pressent-tunis-de-renforcer-la-lutte-contre-la-migration-clandestine-sauf-que\/"},"modified":"2021-05-18T06:00:00","modified_gmt":"2021-05-18T10:00:00","slug":"lamorgese-et-johansson-ce-mercredi-a-tunis-litalie-et-lue-pressent-tunis-de-renforcer-la-lutte-contre-la-migration-clandestine-sauf-que","status":"publish","type":"post","link":"https:\/\/linitiative.ca\/International\/lamorgese-et-johansson-ce-mercredi-a-tunis-litalie-et-lue-pressent-tunis-de-renforcer-la-lutte-contre-la-migration-clandestine-sauf-que\/","title":{"rendered":"Lamorgese et Johansson, ce mercredi \u00e0 Tunis: L\u2019Italie et l\u2019UE pressent Tunis de renforcer la lutte contre la migration clandestine, sauf que&#8230;"},"content":{"rendered":"<p>D\u2019une m\u00eame voix, l\u2019Italie et l\u2019Union europ\u00e9enne reviennent \u00e0 la charge pour demander \u00e0 la Tunisie de renforcer davantage le d\u00e9mant\u00e8lement des r\u00e9seaux de passeurs et la lutte contre la migration clandestine vers l\u2019\u00eele de Lampedusa. Au risque de se limiter au s\u00e9curitaire, sans prendre en charge la question dans sa globalit\u00e9. Avec l\u2019arriv\u00e9e de l\u2019\u00e9t\u00e9 marquant habituellement la recrudescence des travers\u00e9es, il s\u2019agit de soutenir le dispositif de surveillance des rivages et la traque des trafiquants d\u2019\u00eatres humains. La ministre italienne de l\u2019Int\u00e9rieur, Luciana Lamorgese, est d\u00e9p\u00each\u00e9e ce mercredi \u00e0 Tunis, en compagnie de la Commissaire europ\u00e9enne aux Affaires int\u00e9rieures, Ylva Johansson, pour s\u2019en entretenir avec les autorit\u00e9s tunisiennes. Mme Lamorgese n&rsquo;est pas \u00e0 sa premi\u00e8re visite en Tunisie \u00e0 ce sujet.\u00a0Elle y \u00e9tait venue l&rsquo;\u00e9t\u00e9 dernier <a href=\"https:\/\/www.leaders.com.tn\/article\/30343-recue-par-saied-la-ministre-italienne-de-l-interieur-luciana-lamorgese-est-rassuree-quant-a-l-engagement-de-la-tunisie-contre-la-migration-clandestine\">en juillet<\/a>, puis <a href=\"https:\/\/www.leaders.com.tn\/article\/30433-migration-clandestine-deux-ministres-italiens-et-deux-commissaires-europeens-a-tunis-ce-lundi-tiendront-ils-leurs-engagements\">en ao\u00fbt 2020<\/a>&#8230;<\/p>\n<p>Jusque-l\u00e0, le discours est essentiellement s\u00e9curitaire, sur fond d\u2019aide au d\u00e9veloppement pour cr\u00e9er des emplois. L\u2019espoir de r\u00e9duire le nombre de ceux qui sont tent\u00e9s par la migration clandestine, bien risqu\u00e9e, est loin de se r\u00e9aliser. Certes un contr\u00f4le plus rigoureux des rivages, notamment au cours de l\u2019\u00e9t\u00e9 dernier, a permis de r\u00e9duire le nombre des d\u00e9parts, mais sans pour autant l\u2019avoir frein\u00e9. A peine d\u00e9mantel\u00e9, les r\u00e9seaux se reconstituent, le traitement s\u00e9curitaire s\u2019av\u00e8re limit\u00e9. Le <a href=\"https:\/\/ftdes.net\/rapport-annuel-migration-non-reglementaire-en-tunisie\/\">rapport annuel du FTDES sur la migration non-r\u00e9glemnt\u00e9e, pour l&rsquo;ann\u00e9e 2020<\/a>, qui vient de para\u00eetre, est \u00e9difiant \u00e0 cet \u00e9gard.<\/p>\n<h2>Pourtant la d\u00e9mographie europ\u00e9enne suscite de nouveaux besoins \u00e9trangers<\/h2>\n<p>De plus en plus de voix commencent \u00e0 se lever en Tunisie pour remettre \u00e0 plat cette approche qui ne tient pas compte de la r\u00e9alit\u00e9. Aujourd\u2019hui, l\u2019Europe fait face \u00e0 un d\u00e9ficit d\u00e9mographique significatif, creusant l\u2019\u00e9cart entre le nombre des d\u00e9c\u00e8s en hausse et celui des nouveaux n\u00e9s en baisse. Dans une note publi\u00e9e cette semaine, Fran\u00e7ois Bayrou, Commissaire fran\u00e7ais au Plan en donne l\u2019alerte, appelant \u00e0 mettre en d\u00e9bat la politique migratoire. De son c\u00f4t\u00e9, Val\u00e9ry P\u00e9cresse, qui rempile \u00e0 la pr\u00e9sidence de la r\u00e9gion Ile de France, lorgnant l\u2019Elys\u00e9e pour 2022, parle d\u2019une n\u00e9cessaire \u00ab migration s\u00e9lective et voulue\u00bb.<\/p>\n<p>Les besoins en main d\u2019\u0153uvre agricole, saisonni\u00e8re ou \u00e0 plein temps, de qualifications professionnelles dans de nombreux m\u00e9tiers, de soignants et de personnels d\u2019aide \u00e0 la personne, se multiplient dans plusieurs pays europ\u00e9ens. Face \u00e0 la droitisation accentu\u00e9e des partis politiques et aux surench\u00e8res \u00e9lectorales, un vrai d\u00e9bat sur la migration et l\u2019int\u00e9gration est occult\u00e9. Bien au contraire, la stigmatisation du migrant, souvent li\u00e9 \u00e0 l\u2019ins\u00e9curit\u00e9, est agit\u00e9e en danger imminent. De nombreux pays du Sud de la M\u00e9diterran\u00e9e et du Sahara continuent de leur c\u00f4t\u00e9 d\u2019aborder la question migratoire \u00e0 travers le prisme des faibles aides au d\u00e9veloppement et au contr\u00f4le des fronti\u00e8res, alors que le vrai d\u00e9bat est ailleurs.<\/p>\n<p>Il est temps de discuter avec l\u2019Europe de la r\u00e9gularisation des sans-papiers, ces dizaines de milliers de personnes maintenues dans la clandestinit\u00e9 et l\u2019abus de leurs droits, menac\u00e9 d\u2019expulsion \u00e0 tout moment. Sans cette r\u00e9gularisation, avec en corollaire un programme de regroupement familial et d\u2019int\u00e9gration, la pr\u00e9carisation des migrants non-r\u00e9guliers et leur marginalisation sera facteur de risques et de tension.<\/p>\n<h2>Une vision nouvelle<\/h2>\n<p>Un corridor s\u00e9curis\u00e9 pour une migration organis\u00e9e, bien pr\u00e9par\u00e9e et bien suivie, est \u00e9galement \u00e0 n\u00e9gocier avec l\u2019Europe. Des centaines de vies p\u00e9rissent en mer, chaque ann\u00e9e, n\u2019\u00e9pargnant ni femmes enceintes, ni b\u00e9b\u00e9s. Ce drame humanitaire qui continue sous le regard insouciant ne saurait perdurer davantage. Des trafiquants d\u2019\u00eatres humains et leurs complices d\u00e9pouillent les d\u00e9sesp\u00e9r\u00e9s contraints \u00e0 l\u2019aventure et leurs familles de leurs derniers sous, promettant l\u2019eldorado gu\u00e8re garanti.<\/p>\n<p>C\u2019est un d\u00e9bat en profondeur qui doit s\u2019instaurer. Il n\u2019y a pas que les vedettes des garde-c\u00f4tes en panne \u00e0 r\u00e9parer et multiplier, des passeurs \u00e0 arr\u00eater et poursuivre en justice, des mis\u00e9rables \u00e0 dissuader, des maigres aides publiques au d\u00e9veloppement \u00e0 obtenir, c\u2019est une vision nouvelle \u00e0 partager entre la Tunisie et l\u2019Europe. Sans une approche innovante, incluant r\u00e9gularisation, corridor s\u00e9curis\u00e9, et migration organis\u00e9e, le cercle vicieux fera tous tourner en rond.<\/p>\n<p>Auteur:<br \/>\n<a href=\"https:\/\/www.leaders.com.tn\/article\/31887-lamorgese-et-johansson-ce-mercredi-a-tunis-l-italie-et-l-ue-pressent-tunis-de-renforcer-la-lutte-contre-la-migration-clandestine-sauf-que\">Cliquez ici pour lire l&rsquo;article depuis sa source.<\/a><\/p>\n","protected":false},"excerpt":{"rendered":"<p>D\u2019une m\u00eame voix, l\u2019Italie et l\u2019Union europ\u00e9enne reviennent \u00e0 la charge pour demander \u00e0 la Tunisie de renforcer davantage le d\u00e9mant\u00e8lement des r\u00e9seaux de passeurs et la lutte contre la migration clandestine vers l\u2019\u00eele de Lampedusa. Au risque de se limiter au s\u00e9curitaire, sans prendre en charge la question dans sa globalit\u00e9. Avec l\u2019arriv\u00e9e de [&hellip;]<\/p>\n","protected":false},"author":1772,"featured_media":0,"comment_status":"closed","ping_status":"closed","sticky":false,"template":"","format":"standard","meta":{"fifu_image_url":"","fifu_image_alt":"","footnotes":""},"categories":[73,55],"tags":[],"class_list":["post-116970","post","type-post","status-publish","format-standard","hentry","category-actualite","category-tunisie"],"_links":{"self":[{"href":"https:\/\/linitiative.ca\/International\/wp-json\/wp\/v2\/posts\/116970","targetHints":{"allow":["GET"]}}],"collection":[{"href":"https:\/\/linitiative.ca\/International\/wp-json\/wp\/v2\/posts"}],"about":[{"href":"https:\/\/linitiative.ca\/International\/wp-json\/wp\/v2\/types\/post"}],"author":[{"embeddable":true,"href":"https:\/\/linitiative.ca\/International\/wp-json\/wp\/v2\/users\/1772"}],"replies":[{"embeddable":true,"href":"https:\/\/linitiative.ca\/International\/wp-json\/wp\/v2\/comments?post=116970"}],"version-history":[{"count":0,"href":"https:\/\/linitiative.ca\/International\/wp-json\/wp\/v2\/posts\/116970\/revisions"}],"wp:attachment":[{"href":"https:\/\/linitiative.ca\/International\/wp-json\/wp\/v2\/media?parent=116970"}],"wp:term":[{"taxonomy":"category","embeddable":true,"href":"https:\/\/linitiative.ca\/International\/wp-json\/wp\/v2\/categories?post=116970"},{"taxonomy":"post_tag","embeddable":true,"href":"https:\/\/linitiative.ca\/International\/wp-json\/wp\/v2\/tags?post=116970"}],"curies":[{"name":"wp","href":"https:\/\/api.w.org\/{rel}","templated":true}]}}