{"id":116971,"date":"2021-05-18T06:00:00","date_gmt":"2021-05-18T10:00:00","guid":{"rendered":"https:\/\/linitiative.ca\/International\/ratification\/"},"modified":"2021-05-18T06:00:00","modified_gmt":"2021-05-18T10:00:00","slug":"ratification","status":"publish","type":"post","link":"https:\/\/linitiative.ca\/International\/ratification\/","title":{"rendered":"Ratification"},"content":{"rendered":"<p class=\"c3\">L\u2019Alg\u00e9rie ratifie officiellement l\u2019accord portant cr\u00e9ation de la Zone de libre-\u00e9change continentale africaine, sign\u00e9 \u00e0 Kigali en mars 2018. L\u2019approbation de l\u2019Alg\u00e9rie de cet accord, appel\u00e9 \u00e0 r\u00e9volutionner l\u2019\u00e9conomie dans le continent, est d\u00e9sormais effective, apr\u00e8s la signature par le Pr\u00e9sident Tebboune du d\u00e9cret pr\u00e9sidentiel \u00e0 cet effet et publi\u00e9 au Journal officiel.<\/p>\n<p>Auteur:<br \/>\n<a href=\"https:\/\/www.lesoirdalgerie.com\/periscoop\/ratification-61270\">Cliquez ici pour lire l&rsquo;article depuis sa source.<\/a><\/p>\n","protected":false},"excerpt":{"rendered":"<p>L\u2019Alg\u00e9rie ratifie officiellement l\u2019accord portant cr\u00e9ation de la Zone de libre-\u00e9change continentale africaine, sign\u00e9 \u00e0 Kigali en mars 2018. L\u2019approbation de l\u2019Alg\u00e9rie de cet accord, appel\u00e9 \u00e0 r\u00e9volutionner l\u2019\u00e9conomie dans le continent, est d\u00e9sormais effective, apr\u00e8s la signature par le Pr\u00e9sident Tebboune du d\u00e9cret pr\u00e9sidentiel \u00e0 cet effet et publi\u00e9 au Journal officiel. Auteur: Cliquez [&hellip;]<\/p>\n","protected":false},"author":1741,"featured_media":0,"comment_status":"closed","ping_status":"closed","sticky":false,"template":"","format":"standard","meta":{"fifu_image_url":"","fifu_image_alt":"","footnotes":""},"categories":[73,53],"tags":[],"class_list":["post-116971","post","type-post","status-publish","format-standard","hentry","category-actualite","category-algerie"],"_links":{"self":[{"href":"https:\/\/linitiative.ca\/International\/wp-json\/wp\/v2\/posts\/116971","targetHints":{"allow":["GET"]}}],"collection":[{"href":"https:\/\/linitiative.ca\/International\/wp-json\/wp\/v2\/posts"}],"about":[{"href":"https:\/\/linitiative.ca\/International\/wp-json\/wp\/v2\/types\/post"}],"author":[{"embeddable":true,"href":"https:\/\/linitiative.ca\/International\/wp-json\/wp\/v2\/users\/1741"}],"replies":[{"embeddable":true,"href":"https:\/\/linitiative.ca\/International\/wp-json\/wp\/v2\/comments?post=116971"}],"version-history":[{"count":0,"href":"https:\/\/linitiative.ca\/International\/wp-json\/wp\/v2\/posts\/116971\/revisions"}],"wp:attachment":[{"href":"https:\/\/linitiative.ca\/International\/wp-json\/wp\/v2\/media?parent=116971"}],"wp:term":[{"taxonomy":"category","embeddable":true,"href":"https:\/\/linitiative.ca\/International\/wp-json\/wp\/v2\/categories?post=116971"},{"taxonomy":"post_tag","embeddable":true,"href":"https:\/\/linitiative.ca\/International\/wp-json\/wp\/v2\/tags?post=116971"}],"curies":[{"name":"wp","href":"https:\/\/api.w.org\/{rel}","templated":true}]}}