{"id":116976,"date":"2021-05-18T07:05:00","date_gmt":"2021-05-18T11:05:00","guid":{"rendered":"https:\/\/linitiative.ca\/International\/mon-histoire-avec-les-medicaments-une-autobiographie-de-feu-omar-tazi-chapitre-7\/"},"modified":"2021-05-18T07:05:00","modified_gmt":"2021-05-18T11:05:00","slug":"mon-histoire-avec-les-medicaments-une-autobiographie-de-feu-omar-tazi-chapitre-7","status":"publish","type":"post","link":"https:\/\/linitiative.ca\/International\/mon-histoire-avec-les-medicaments-une-autobiographie-de-feu-omar-tazi-chapitre-7\/","title":{"rendered":"\u00abMon histoire avec les m\u00e9dicaments\u00bb, une autobiographie de feu Omar Tazi [Chapitre 7]"},"content":{"rendered":"<p><strong>Son enfance, sa bataille contre le trust des multinationales qui dominaient le march\u00e9 des m\u00e9dicaments \u00e0 l\u2019\u00e9poque, son militantisme pour l\u2019industrie pharmaceutique marocaine, plus \u00e9panouie, innovante et comp\u00e9titive, son engagement pour un entrepreneuriat citoyen et responsable\u2026\u00ab Mon histoire avec les m\u00e9dicaments \u00bb, l\u2019autobiographie de feu Omar Tazi publi\u00e9e \u00e0 titre posthume, v\u00e9hicule des le\u00e7ons aussi bien dans le champ manag\u00e9rial que sur le registre des valeurs morales et citoyennes ou encore pour les perles sur l\u2019histoire \u00e9conomique et sociale du Royaume, que vous propose CHALLENGE, \u00e0 travers 19 chapitres. Capitaine d\u2019industrie, feu Omar Tazi qui nous a quitt\u00e9s le 20 mars 2020, faisait partie de cette g\u00e9n\u00e9ration de grands industriels qui ont contribu\u00e9 \u00e0 fa\u00e7onner l\u2019industrie marocaine.<\/strong><\/p>\n<div class=\"c10\">\n<\/div>\n<p><strong>La premi\u00e8re pierre \u00e0 l\u2019\u00e9difice<\/strong><\/p>\n<p>Quelques heures apr\u00e8s l\u2019heureuse nouvelle de l\u2019acceptation de mon dossier par le minist\u00e8re de la Sant\u00e9, je commen\u00e7ais d\u00e9j\u00e0 mes rep\u00e9rages en qu\u00eate d\u2019un terrain convenable pour la future usine de Sothema. Lilly refusa qu\u2019elle soit install\u00e9e \u00e0 la zone industrielle d\u2019A\u00efn Seba\u00e2 en raison de son taux de pollution \u00e9lev\u00e9. Je prospectais donc la banlieue de Casablanca, surtout des r\u00e9gions vierges qui devinrent plus tard d\u2019importantes zones industrielles. Mon d\u00e9volu se jeta sur la zone agricole d\u2019Ouled Saleh dans la r\u00e9gion de Bouskoura. Aucune industrie n\u2019y \u00e9tait encore \u00e9tablie. Je commen\u00e7ais par acheter un terrain de deux hectares au prix de 13 DH le m\u00e8tre carr\u00e9. Un an plus tard, j\u2019acqu\u00e9rais un second terrain coll\u00e9 au premier au prix de 17 DH le m\u00e8tre carr\u00e9. Quelques ann\u00e9es plus tard, j\u2019augmentais la superficie par l\u2019acquisition d\u2019un troisi\u00e8me terrain de deux hectares situ\u00e9 \u00e0 c\u00f4t\u00e9 des deux premiers. Cette derni\u00e8re parcelle \u00e9tait la propri\u00e9t\u00e9 de feu professeur Habib Kerdoudi, une sommit\u00e9 marocaine en neurochirurgie. Malgr\u00e9 une quasi-inflation des prix \u00e0 cette \u00e9poque, feu Kerdoudi r\u00e9clama seulement 50 DH le m\u00e8tre carr\u00e9. Une bonne affaire pour moi. Lilly d\u00e9p\u00eacha au Maroc son principal architecte et lui fixa une mission urgente\u00a0: valider le terrain et pr\u00e9parer un plan de construction en prenant en compte la taille pr\u00e9vue pour l\u2019usine qui \u00e9tait de 2600 m\u00e8tres carr\u00e9s. Rigoureux sur le respect de la s\u00e9curit\u00e9, de l\u2019environnement et des aspects li\u00e9s \u00e0 l\u2019ing\u00e9nierie du futur b\u00e2timent, l\u2019architecte de Lilly faisait preuve d\u2019une grande flexibilit\u00e9. Il aimait se faire appeler le problem solver. Son dicton favori : il ne sert \u00e0 rien de discuter des probl\u00e8mes \u00e0 moins qu\u2019on parle de leur solution.<\/p>\n<p>Une fois le plan \u00e9labor\u00e9, le chantier d\u00e9marra. J\u2019assistais \u00e0 toutes les r\u00e9unions avec les soci\u00e9t\u00e9s de construction repr\u00e9sentant divers m\u00e9tiers. Ces derni\u00e8res d\u00e9couvraient avec plaisir les sp\u00e9cificit\u00e9s d\u2019un \u00e9tablissement pharmaceutique. Souvent \u00e0 la fin de nos r\u00e9unions, les repr\u00e9sentants de ces entreprises m\u2019exprimaient leur gratitude car, en travaillant sur le projet de Sothema, ils devinrent sp\u00e9cialistes des b\u00e2timents pharmaceutiques. La plupart d\u2019entre eux \u00e9difi\u00e8rent les usines des confr\u00e8res ouvertes des ann\u00e9es plus tard. Parmi ces sp\u00e9cificit\u00e9s figurent, par exemple, l\u2019interdiction \u00a0formelle d\u2019utiliser du bois ou tout autre mat\u00e9riau cr\u00e9ateur de particules quand on construit une salle blanche [1]. Les murs ne devaient pas non plus rel\u00e9guer de particules dans l\u2019air. Les surfaces devaient \u00eatre lisses, de mani\u00e8re \u00e0 \u00eatre facilement nettoyables. Les hauts des murs menant vers les plafonds, ainsi que les parties basses menant vers le plancher devaient \u00eatre arrondies afin d\u2019\u00e9viter les contaminations. Les surfaces murales, le plafond, ainsi que l\u2019ensemble des mati\u00e8res pr\u00e9sentes dans ce genre de pi\u00e8ce devaient r\u00e9sister \u00e0 des nettoyages par vaporisation de peroxyde d\u2019hydrog\u00e8ne, couramment utilis\u00e9 pour d\u00e9contaminer l\u2019ensemble d\u2019un local de mani\u00e8re efficace et sans r\u00e9sidu. L\u2019architecte de Lilly validait rapidement les diff\u00e9rentes phases du projet. \u00c0 ma grande satisfaction, le chantier avan\u00e7ait plus vite que je l\u2019esp\u00e9rais. Mon enthousiasme ne dura pas longtemps puisque des obstacles inattendus \u00e9merg\u00e8rent.<\/p>\n<p><strong>Lire aussi | <a href=\"https:\/\/www.challenge.ma\/le-groupe-financecom-change-didentite-institutionnelle-184809\/\" target=\"_blank\" rel=\"noreferrer noopener\">Le groupe FinanceCom change d\u2019identit\u00e9 institutionnelle<\/a><\/strong><\/p>\n<p>La r\u00e9gion d\u2019Ouled Saleh n\u2019\u00e9tait pas raccord\u00e9e aux r\u00e9seaux d\u2019eau et d\u2019\u00e9lectricit\u00e9. Elle n\u2019\u00e9tait pas non plus connect\u00e9e au r\u00e9seau des t\u00e9l\u00e9coms. Pour rem\u00e9dier \u00e0 cela, je proposais aux patrons des quelques petites unit\u00e9s industrielles de la r\u00e9gion de Sidi M\u00e2arouf-Bouskoura de cr\u00e9er une association. Ils accept\u00e8rent et m\u2019\u00e9lurent unanimement pr\u00e9sident. Avec cette nouvelle casquette, je me rendis \u00e0 Rabat pour rencontrer Abdessalam Ahizoune, actuel PDG de Maroc Telecom, afin de lui demander la liaison au r\u00e9seau t\u00e9l\u00e9phonique. Ahizoune \u00e9tait \u00e0 l\u2019\u00e9poque un jeune cadre des PTT (Postes, t\u00e9l\u00e9graphes et t\u00e9l\u00e9phones). Lors de notre rencontre, il fut charmant et coop\u00e9ratif. Pour acc\u00e9l\u00e9rer ma requ\u00eate, Ahizoune me proposa de construire une centrale t\u00e9l\u00e9phonique \u00e0 Bouskoura et une deuxi\u00e8me \u00e0 Sidi M\u00e2arouf. Il me promettait qu\u2019une fois que ces deux b\u00e2timents seront achev\u00e9s, le raccordement au r\u00e9seau des PTT se fera rapidement.<\/p>\n<p>Effectivement, chacun de nous remplit sa part du deal et Ouled Saleh \u00e9tait enfin connect\u00e9e au r\u00e9seau t\u00e9l\u00e9phonique. Restait le probl\u00e8me de l\u2019eau et de l\u2019\u00e9lectricit\u00e9. Pour le r\u00e9gler, il fallait l\u2019intervention du gouverneur de Nouaceur aupr\u00e8s de l\u2019Office National de l\u2019\u00c9lectricit\u00e9. Moins r\u00e9actif qu\u2019Ahizoune, le gouverneur tra\u00eena les pieds pour r\u00e9pondre \u00e0 ma demande. Je d\u00e9cidais alors de l\u2019agacer par des r\u00e9clamations r\u00e9p\u00e9titives. J\u2019\u00e9tais persuad\u00e9 qu\u2019il finirait par r\u00e9gler mon probl\u00e8me ne serait-ce que pour se d\u00e9barrasser de moi. Ce fut le cas. Apr\u00e8s des mois de rupture, le chantier put red\u00e9marrer.<\/p>\n<hr class=\"wp-block-separator\"\/>\n<p>[1] Une salle blanche est une pi\u00e8ce o\u00f9 la concentration particulaire est ma\u00eetris\u00e9e afin de minimiser l\u2019introduction, la g\u00e9n\u00e9ration, la r\u00e9tention de particules \u00e0 l\u2019int\u00e9rieur, g\u00e9n\u00e9ralement dans un but sp\u00e9cifique industriel ou de recherche scientifique. Source\u00a0: Wikip\u00e9dia.<\/p>\n<div class=\"vw-sticky-sidebar-wrapper vw-sticky-sidebar widget_text awac-wrapper widget_text awac widget custom_html-4 textwidget custom-html-widget\">\n<p class=\"has-background c12\"><span class=\"widget-title c11\">Tribune et D\u00e9bats<\/span><\/p>\n<p>La tribune qui vous parle d\u2019une actu, d\u2019un sujet qui fait d\u00e9bat, les traite et les analyse. \u00c9conomistes et autres experts, patrons d\u2019entreprises, d\u00e9cideurs, acteurs de la soci\u00e9t\u00e9 civile, s\u2019y prononcent et contribuent \u00e0 sa grande richesse. Vous avez votre opinion, convergente ou diff\u00e9rente. Exprimez-la et mesurez-vous ainsi \u00e0 nos tribuns et d\u00e9batteurs.<\/p>\n<p>Envoyez vos analyses \u00e0 : <a href=\"\/cdn-cgi\/l\/email-protection#365559584257554276555e575a5a53585153185b57\"><span class=\"__cf_email__\" data-cfemail=\"b4d7dbdac0d5d7c0f4d7dcd5d8d8d1dad3d19ad9d5\">[email\u00a0protected]<\/span><\/a>, en pr\u00e9cisant votre nom, votre pr\u00e9nom et votre m\u00e9tier.<\/p>\n<\/div>\n<p>Auteur: challenge<br \/>\n<a href=\"https:\/\/www.challenge.ma\/mon-histoire-avec-les-medicaments-une-autobiographie-de-feu-omar-tazi-chapitre-7-184825\/\">Cliquez ici pour lire l&rsquo;article depuis sa source.<\/a><\/p>\n","protected":false},"excerpt":{"rendered":"<p>Son enfance, sa bataille contre le trust des multinationales qui dominaient le march\u00e9 des m\u00e9dicaments \u00e0 l\u2019\u00e9poque, son militantisme pour l\u2019industrie pharmaceutique marocaine, plus \u00e9panouie, innovante et comp\u00e9titive, son engagement pour un entrepreneuriat citoyen et responsable\u2026\u00ab Mon histoire avec les m\u00e9dicaments \u00bb, l\u2019autobiographie de feu Omar Tazi publi\u00e9e \u00e0 titre posthume, v\u00e9hicule des le\u00e7ons aussi [&hellip;]<\/p>\n","protected":false},"author":1787,"featured_media":0,"comment_status":"closed","ping_status":"closed","sticky":false,"template":"","format":"standard","meta":{"fifu_image_url":"","fifu_image_alt":"","footnotes":""},"categories":[78,54],"tags":[],"class_list":["post-116976","post","type-post","status-publish","format-standard","hentry","category-economie","category-maroc"],"_links":{"self":[{"href":"https:\/\/linitiative.ca\/International\/wp-json\/wp\/v2\/posts\/116976","targetHints":{"allow":["GET"]}}],"collection":[{"href":"https:\/\/linitiative.ca\/International\/wp-json\/wp\/v2\/posts"}],"about":[{"href":"https:\/\/linitiative.ca\/International\/wp-json\/wp\/v2\/types\/post"}],"author":[{"embeddable":true,"href":"https:\/\/linitiative.ca\/International\/wp-json\/wp\/v2\/users\/1787"}],"replies":[{"embeddable":true,"href":"https:\/\/linitiative.ca\/International\/wp-json\/wp\/v2\/comments?post=116976"}],"version-history":[{"count":0,"href":"https:\/\/linitiative.ca\/International\/wp-json\/wp\/v2\/posts\/116976\/revisions"}],"wp:attachment":[{"href":"https:\/\/linitiative.ca\/International\/wp-json\/wp\/v2\/media?parent=116976"}],"wp:term":[{"taxonomy":"category","embeddable":true,"href":"https:\/\/linitiative.ca\/International\/wp-json\/wp\/v2\/categories?post=116976"},{"taxonomy":"post_tag","embeddable":true,"href":"https:\/\/linitiative.ca\/International\/wp-json\/wp\/v2\/tags?post=116976"}],"curies":[{"name":"wp","href":"https:\/\/api.w.org\/{rel}","templated":true}]}}