{"id":116979,"date":"2021-05-18T10:11:02","date_gmt":"2021-05-18T14:11:02","guid":{"rendered":"https:\/\/linitiative.ca\/International\/dr-tayeb-hamdi-le-maroc-peut-alleger-les-restrictions-a-une-seule-condition\/"},"modified":"2021-05-18T10:11:02","modified_gmt":"2021-05-18T14:11:02","slug":"dr-tayeb-hamdi-le-maroc-peut-alleger-les-restrictions-a-une-seule-condition","status":"publish","type":"post","link":"https:\/\/linitiative.ca\/International\/dr-tayeb-hamdi-le-maroc-peut-alleger-les-restrictions-a-une-seule-condition\/","title":{"rendered":"Dr Tayeb Hamdi : \u00able Maroc peut all\u00e9ger les restrictions \u00e0 une seule condition\u00bb"},"content":{"rendered":"<p><strong>Le Maroc va-t-il op\u00e9rer un all\u00e8gement des mesures de restriction anti-covid-19 dans les prochains jours, \u00e0 l\u2019instar de nombreux autres pays tels que la France ? La question taraude l\u2019esprit de nombreux Marocains, et notamment les professionnels du secteur touristique qui se pr\u00e9parent pour la saison estivale. Dr Tayeb Hamdi, Vice-pr\u00e9sident de la F\u00e9d\u00e9ration nationale de la sant\u00e9, analyse l\u2019\u00e9volution r\u00e9cente de la situation \u00e9pid\u00e9miologique du pays et les perspectives pour un \u00e9ventuel all\u00e8gement des mesures dans les prochaines semaines .<\/strong><\/p>\n<div class=\"c10\">\n<\/div>\n<p><strong>\u00a0Challenge : La vaccination vient d\u2019\u00eatre ouverte aux personnes de 50-45 ans. Comment appr\u00e9ciez-vous l\u2019\u00e9volution de la campagne de vaccination sur le territoire national ?\u00a0<\/strong><\/p>\n<p>Pour appr\u00e9cier la campagne de vaccination, je pense qu\u2019il est important de revenir aux objectifs fix\u00e9s au d\u00e9part. Ces objectifs \u00e9taient de trois ordres, avec trois phases. La phase 1 et l\u2019objectif qui l\u2019accompagnait \u00e9taient de r\u00e9duire le nombre de d\u00e9c\u00e8s et le nombre de cas de graves en vaccinant les personnes qui sont \u00e0 risques. Cette phase comprenait aussi la vaccination des personnels en premi\u00e8re ligne pour la riposte anti-covid tels que les m\u00e9decins, les forces de l\u2019ordre, etc. Actuellement, nous sommes arriv\u00e9s \u00e0 la tranche d\u2019\u00e2ge situ\u00e9e entre les 50-45 ans. Cela veut dire que nous nous approchons de la cat\u00e9gorie des 40 ans qui est un \u00e2ge tr\u00e8s important\u00a0 dans la mesure o\u00f9 au-dessous de cet \u00e2ge, le risque de d\u00e9c\u00e8s n\u2019est pas nul, mais beaucoup moins important que pour les cat\u00e9gories des 50 ans et plus.<\/p>\n<p>Une fois qu\u2019on aura atteint la cat\u00e9gorie des 40 ans, cela voudra dire que le premier objectif de la campagne de vaccination est atteint, et qu\u2019il faudra donc passer \u00e0 la deuxi\u00e8me phase dont l\u2019objectif est de limiter et contr\u00f4ler la transmission et la propagation du virus dans la soci\u00e9t\u00e9 gr\u00e2ce \u00e0 la vaccination. Cela est possible si on arrive \u00e0 vacciner 50% voire 60% de la population. La troisi\u00e8me phase consiste \u00e0 vacciner 80% de la population pour ainsi atteindre l\u2019immunit\u00e9 collective. Donc, il va sans dire aujourd\u2019hui que la campagne se d\u00e9roule normalement et que nous nous approchons de la fin de la premi\u00e8re phase, et du but de voir les services de r\u00e9animation vid\u00e9s ou presque. Toutefois, je dois souligner le fait que les moins de 40 ans peuvent aussi faire les formes graves de la maladie, donc le respect des gestes barri\u00e8res est toujours de mise pour tout le monde sans distinction. Personne n\u2019est \u00e0 l\u2019abri du coronavirus, m\u00eame les jeunes de moins de 40 ans.<\/p>\n<p><strong>Lire aussi| <a href=\"https:\/\/www.challenge.ma\/dessalement-le-marocain-hyrenco-propose-une-technologie-a-faible-cout-184844\/\">Dessalement : le marocain Hyrenco propose une technologie \u00e0 faible co\u00fbt<\/a><\/strong><\/p>\n<p><strong>Challenge : Le variant indien suscite de plus en plus d\u2019inqui\u00e9tude. Le Maroc a-t-il des raisons d\u2019\u00eatre inquiet \u00e0 ce sujet ?\u00a0<\/strong><\/p>\n<p>Le variant indien inqui\u00e8te le monde entier, donc le Maroc aussi s\u2019inqui\u00e8te. Nous nous sommes inqui\u00e9t\u00e9s quand le variant anglais faisait ravage ailleurs, et n\u2019avait m\u00eame pas encore \u00e9t\u00e9 d\u00e9tect\u00e9 dans le royaume. C\u2019\u00e9tait pareil pour les autres variants notamment br\u00e9silien et sus-africain. Jusqu\u2019\u00e0 pr\u00e9sent, il y a deux cas avec des cas contacts qui sont n\u00e9gatifs. C\u2019est une situation qui est sous contr\u00f4le total. Bien s\u00fbr, il faut \u00eatre vigilant parce que les variants n\u2019ont pas de fronti\u00e8res. Ils circulent comme ils veulent. Nous savons selon les donn\u00e9es disponibles que le variant indien serait plus contagieux, mais nous ne savons pas encore s\u2019il est plus virulent que les autres souches (britannique par exemple) ou pas. Il y a encore beaucoup d\u2019interrogations au sujet de ce variant. Vu qu\u2019il n\u2019y a pas encore de donn\u00e9es disponibles sur sa dangerosit\u00e9, il faut donc se pr\u00e9munir pour ne pas lui laisser de chance de se propager. Cela vaut d\u2019ailleurs pour tous les autres virus.<\/p>\n<p><strong>Lire aussi| <a href=\"https:\/\/www.challenge.ma\/le-laboratoire-pharmaceutique-cheplapharm-arzneimittel-accelere-son-developpement-au-maroc-183897\/\">Le laboratoire pharmaceutique Cheplapharm Arzneimittel acc\u00e9l\u00e8re son d\u00e9veloppement au Maroc<\/a><\/strong><\/p>\n<p><strong>Challenge : Vu l\u2019\u00e9volution de la campagne de vaccination, est-il possible d\u2019aller vers un assouplissement graduel des mesures de restriction d\u2019ici juin pour permettre entre autres au secteur touristique de profiter de la saison estivale ?\u00a0<\/strong><\/p>\n<p>Nous avons une situation \u00e9pid\u00e9miologique qui est sous contr\u00f4le. Nous avons le taux de reproduction qui est inf\u00e9rieur \u00e0 1, le nombre de d\u00e9c\u00e8s est nettement en de\u00e7\u00e0 de 10 par jour, et une incidence en 24 heures qui est inf\u00e9rieure \u00e0 0,7 pour 1000 habitants. Nous avons aussi les lits de r\u00e9animation Covid-19 qui sont de moins de 7% d\u2019occupation et un taux de positivit\u00e9 de 3 \u00e0 4 cas positifs sur 100 tests faits quotidiennement. Ce sont des indicateurs qui sont tr\u00e8s verts et qui indiquent que le situation est sous contr\u00f4le. Maintenant, cela est-il suffisant pour all\u00e9ger\u00a0les restrictions ? Ma r\u00e9ponse est oui, mais \u00e0 la condition de continuer \u00e0 respecter rigoureusement les mesures barri\u00e8res.<\/p>\n<p>Cet all\u00e8gement doit se faire progressivement avec des outils de surveillance tr\u00e8s stricts de l\u2019\u00e9volution de la situation. Je rappelle qu\u2019en f\u00e9vrier l\u2019Inde avait une situation \u00e9pid\u00e9miologique sous contr\u00f4le, comme c\u2019est le cas au Maroc, et malheureusement les populations indiennes ont laiss\u00e9 tomber les mesures barri\u00e8res et le r\u00e9sultat aujourd\u2019hui est plut\u00f4t catastrophique. Cela montre bien que le fait d\u2019avoir une situation \u00e9pid\u00e9miologique sous contr\u00f4le ne veut pas dire qu\u2019on peut surtout se rel\u00e2cher sans mesures barri\u00e8res. La campagne de vaccination \u00e9volue tr\u00e8s bien aussi, mais le respect des mesures barri\u00e8res doit \u00eatre continu si nous voulons un all\u00e8gement sans risque. Vacciner \u00e0 grande \u00e9chelle ne signifie pas qu\u2019on a r\u00e9ussi \u00e0 vaincre le virus.<\/p>\n<p>Nous avons vu des exemples r\u00e9cents de pays ayant r\u00e9ussi leur campagne de vaccination, mais qui ont bascul\u00e9 dans un nouveau cycle de contamination apr\u00e8s avoir lev\u00e9 le pied sur le respect des mesures barri\u00e8res. C\u2019est le cas des \u00celes Seychelles par exemple. Au contraire, les Etats-Unis et Isra\u00ebl ont massivement vaccin\u00e9 leurs populations respectives et ont d\u00e9confin\u00e9 tout en gardant le respect des mesures barri\u00e8res. C\u2019est tr\u00e8s important. Le Maroc peut donc all\u00e9ger les restrictions, mais \u00e0 la condition de respecter strictement les mesures barri\u00e8res.<\/p>\n<p>Auteur: challenge<br \/>\n<a href=\"https:\/\/www.challenge.ma\/dr-tayeb-hamdi-vice-president-de-la-federation-nationale-de-la-sante-le-maroc-peut-alleger-les-restrictions-a-une-seule-condition-184842\/\">Cliquez ici pour lire l&rsquo;article depuis sa source.<\/a><\/p>\n","protected":false},"excerpt":{"rendered":"<p>Le Maroc va-t-il op\u00e9rer un all\u00e8gement des mesures de restriction anti-covid-19 dans les prochains jours, \u00e0 l\u2019instar de nombreux autres pays tels que la France ? La question taraude l\u2019esprit de nombreux Marocains, et notamment les professionnels du secteur touristique qui se pr\u00e9parent pour la saison estivale. Dr Tayeb Hamdi, Vice-pr\u00e9sident de la F\u00e9d\u00e9ration nationale [&hellip;]<\/p>\n","protected":false},"author":1787,"featured_media":0,"comment_status":"closed","ping_status":"closed","sticky":false,"template":"","format":"standard","meta":{"fifu_image_url":"","fifu_image_alt":"","footnotes":""},"categories":[78,54],"tags":[],"class_list":["post-116979","post","type-post","status-publish","format-standard","hentry","category-economie","category-maroc"],"_links":{"self":[{"href":"https:\/\/linitiative.ca\/International\/wp-json\/wp\/v2\/posts\/116979","targetHints":{"allow":["GET"]}}],"collection":[{"href":"https:\/\/linitiative.ca\/International\/wp-json\/wp\/v2\/posts"}],"about":[{"href":"https:\/\/linitiative.ca\/International\/wp-json\/wp\/v2\/types\/post"}],"author":[{"embeddable":true,"href":"https:\/\/linitiative.ca\/International\/wp-json\/wp\/v2\/users\/1787"}],"replies":[{"embeddable":true,"href":"https:\/\/linitiative.ca\/International\/wp-json\/wp\/v2\/comments?post=116979"}],"version-history":[{"count":0,"href":"https:\/\/linitiative.ca\/International\/wp-json\/wp\/v2\/posts\/116979\/revisions"}],"wp:attachment":[{"href":"https:\/\/linitiative.ca\/International\/wp-json\/wp\/v2\/media?parent=116979"}],"wp:term":[{"taxonomy":"category","embeddable":true,"href":"https:\/\/linitiative.ca\/International\/wp-json\/wp\/v2\/categories?post=116979"},{"taxonomy":"post_tag","embeddable":true,"href":"https:\/\/linitiative.ca\/International\/wp-json\/wp\/v2\/tags?post=116979"}],"curies":[{"name":"wp","href":"https:\/\/api.w.org\/{rel}","templated":true}]}}