{"id":116980,"date":"2021-05-18T12:57:08","date_gmt":"2021-05-18T16:57:08","guid":{"rendered":"https:\/\/linitiative.ca\/International\/arancha-gonzalez-laya-ministre-espagnole-des-affaires-etrangeres-le-controle-des-frontieres-doit-rester-une-responsabilite-partagee-video\/"},"modified":"2021-05-18T12:57:08","modified_gmt":"2021-05-18T16:57:08","slug":"arancha-gonzalez-laya-ministre-espagnole-des-affaires-etrangeres-le-controle-des-frontieres-doit-rester-une-responsabilite-partagee-video","status":"publish","type":"post","link":"https:\/\/linitiative.ca\/International\/arancha-gonzalez-laya-ministre-espagnole-des-affaires-etrangeres-le-controle-des-frontieres-doit-rester-une-responsabilite-partagee-video\/","title":{"rendered":"Arancha Gonzalez Laya, ministre espagnole des affaires \u00e9trang\u00e8res : \u00able contr\u00f4le des fronti\u00e8res doit rester une responsabilit\u00e9 partag\u00e9e\u00bb [Vid\u00e9o]"},"content":{"rendered":"<p><strong>Le gouvernement espagnol a convoqu\u00e9 l\u2019ambassadrice marocaine pour lui exprimer son \u00ab\u00a0m\u00e9contentement\u00a0\u00bb face \u00e0 l\u2019arriv\u00e9e de plus de 6000 migrants \u00e0 Sebta depuis lundi en provenance du Royaume, sur fond de crise diplomatique majeure entre les deux pays.<br \/><\/strong><br \/>\u00ab\u00a0Je lui ai rappel\u00e9 que le contr\u00f4le des fronti\u00e8res a \u00e9t\u00e9 et doit rester de la responsabilit\u00e9 partag\u00e9e de l\u2019Espagne et du Maroc\u00a0\u00bb, a d\u00e9clar\u00e9 la ministre espagnole des Affaires \u00e9trang\u00e8res, Arancha Gonzalez Laya, \u00e0 la presse. A Rabat, le minist\u00e8re des Affaires \u00e9trang\u00e8res marocain a annonc\u00e9 le rappel imm\u00e9diat \u00ab\u00a0pour consultation\u00a0\u00bb de son ambassadrice. Face \u00e0 la gravit\u00e9 de la situation, le premier ministre espagnol, le socialiste Pedro Sanchez, est arriv\u00e9 vers 15h00 GMT \u00e0 Sebta, o\u00f9 il a \u00e9t\u00e9 accueilli par les hu\u00e9es de quelques dizaines de r\u00e9sidents, selon des images mises en ligne par le journal local.<\/p>\n<div class=\"c10\">\n<\/div>\n<p><\/p>\n<figure class=\"wp-block-embed is-type-video is-provider-youtube wp-block-embed-youtube wp-embed-aspect-16-9 wp-has-aspect-ratio\">\n<div class=\"wp-block-embed__wrapper\"><iframe loading=\"lazy\" title=\"Crisis Ceuta: abucheos a Pedro S\u00e1nchez y Fernando Grande-Marlaska\" width=\"1140\" height=\"641\" src=\"https:\/\/www.youtube.com\/embed\/Sxn03BjyHNg?feature=oembed\" frameborder=\"0\" allow=\"accelerometer; autoplay; clipboard-write; encrypted-media; gyroscope; picture-in-picture\" allowfullscreen=\"allowfullscreen\">[embedded content]<\/iframe><\/div>\n<\/figure>\n<p>Il devait ensuite se rendre \u00e0 Melilla. \u00ab\u00a0Nous allons r\u00e9tablir l\u2019ordre dans (la) ville et \u00e0 nos fronti\u00e8res le plus rapidement possible\u00a0\u00bb, avait-il d\u00e9clar\u00e9 plus t\u00f4t lors d\u2019une br\u00e8ve allocution t\u00e9l\u00e9vis\u00e9e depuis Madrid. \u00ab\u00a0Cet afflux soudain de migrants irr\u00e9guliers est une grave crise pour l\u2019Espagne et pour l\u2019Europe \u00bb, avait-il ajout\u00e9.<\/p>\n<p><iframe loading=\"lazy\" width=\"1013\" height=\"570\" src=\"https:\/\/www.youtube.com\/embed\/CAw5iKYEUrg\" title=\"YouTube video player\" frameborder=\"0\" allow=\"accelerometer; autoplay; clipboard-write; encrypted-media; gyroscope; picture-in-picture\" allowfullscreen=\"allowfullscreen\">[embedded content]<\/iframe><\/p>\n<p><strong>Avec AFP<\/strong><\/p>\n<p>Auteur: challenge<br \/>\n<a href=\"https:\/\/www.challenge.ma\/arancha-gonzalez-laya-ministre-espagnole-des-affaires-etrangeres-le-controle-des-frontieres-doit-rester-une-responsabilite-partagee-184898\/\">Cliquez ici pour lire l&rsquo;article depuis sa source.<\/a><\/p>\n","protected":false},"excerpt":{"rendered":"<p>Le gouvernement espagnol a convoqu\u00e9 l\u2019ambassadrice marocaine pour lui exprimer son \u00ab\u00a0m\u00e9contentement\u00a0\u00bb face \u00e0 l\u2019arriv\u00e9e de plus de 6000 migrants \u00e0 Sebta depuis lundi en provenance du Royaume, sur fond de crise diplomatique majeure entre les deux pays.\u00ab\u00a0Je lui ai rappel\u00e9 que le contr\u00f4le des fronti\u00e8res a \u00e9t\u00e9 et doit rester de la responsabilit\u00e9 partag\u00e9e [&hellip;]<\/p>\n","protected":false},"author":1787,"featured_media":0,"comment_status":"closed","ping_status":"closed","sticky":false,"template":"","format":"standard","meta":{"fifu_image_url":"","fifu_image_alt":"","footnotes":""},"categories":[78,54],"tags":[],"class_list":["post-116980","post","type-post","status-publish","format-standard","hentry","category-economie","category-maroc"],"_links":{"self":[{"href":"https:\/\/linitiative.ca\/International\/wp-json\/wp\/v2\/posts\/116980","targetHints":{"allow":["GET"]}}],"collection":[{"href":"https:\/\/linitiative.ca\/International\/wp-json\/wp\/v2\/posts"}],"about":[{"href":"https:\/\/linitiative.ca\/International\/wp-json\/wp\/v2\/types\/post"}],"author":[{"embeddable":true,"href":"https:\/\/linitiative.ca\/International\/wp-json\/wp\/v2\/users\/1787"}],"replies":[{"embeddable":true,"href":"https:\/\/linitiative.ca\/International\/wp-json\/wp\/v2\/comments?post=116980"}],"version-history":[{"count":0,"href":"https:\/\/linitiative.ca\/International\/wp-json\/wp\/v2\/posts\/116980\/revisions"}],"wp:attachment":[{"href":"https:\/\/linitiative.ca\/International\/wp-json\/wp\/v2\/media?parent=116980"}],"wp:term":[{"taxonomy":"category","embeddable":true,"href":"https:\/\/linitiative.ca\/International\/wp-json\/wp\/v2\/categories?post=116980"},{"taxonomy":"post_tag","embeddable":true,"href":"https:\/\/linitiative.ca\/International\/wp-json\/wp\/v2\/tags?post=116980"}],"curies":[{"name":"wp","href":"https:\/\/api.w.org\/{rel}","templated":true}]}}