{"id":116981,"date":"2021-05-18T16:26:23","date_gmt":"2021-05-18T20:26:23","guid":{"rendered":"https:\/\/linitiative.ca\/International\/monde-daily-brief-du-18-mai-2021\/"},"modified":"2021-05-18T16:26:23","modified_gmt":"2021-05-18T20:26:23","slug":"monde-daily-brief-du-18-mai-2021","status":"publish","type":"post","link":"https:\/\/linitiative.ca\/International\/monde-daily-brief-du-18-mai-2021\/","title":{"rendered":"Monde: Daily brief du 18 mai 2021"},"content":{"rendered":"<div class=\"post-cont-in left relative\">\n<div id=\"post-info-wrap\" class=\"left relative post-info-out\">\n<div class=\"post-info-img left relative\"><img decoding=\"async\" alt=\"\" src=\"https:\/\/secure.gravatar.com\/avatar\/4e507094cc8003289b58af26e43363e6?s=50&amp;d=mm&amp;r=g\" srcset=\"https:\/\/secure.gravatar.com\/avatar\/4e507094cc8003289b58af26e43363e6?s=100&amp;d=mm&amp;r=g 2x\" class=\"avatar avatar-50 photo\" height=\"50\" width=\"50\" loading=\"lazy\"\/><\/div>\n<div class=\"post-info-in\">\n<div class=\"post-info-right left relative post-info-name left relative\"><span><span class=\"post-info-text\">Par<\/span> <span class=\"author-name vcard fn author\"><a href=\"https:\/\/www.tunisienumerique.com\/author\/sabrine-hamouda\/\" title=\"Articles par Mayara\" rel=\"author\">Mayara<\/a><\/span><\/span> <span class=\"post-date updated\"><time class=\"post-date updated\" datetime=\"2021-05-18\">\u00a0| Il y a 16 secondes<\/time><\/span><br \/>\n<meta itemprop=\"dateModified\" content=\"2021-05-18\"\/><\/div>\n<div class=\"left relative\"><button id=\"listenButton1\" class=\"responsivevoice-button\" type=\"button\" value=\"Play\" title=\"\u00c9coutez l'article\"><span>\ud83d\udd0a \u00c9coutez l&rsquo;article<\/span><\/button>\n<\/div>\n<\/div>\n<\/div>\n<h2>Tourisme: Le Maroc renforce son positionnement sur le march\u00e9 arabe<\/h2>\n<p><img decoding=\"async\" loading=\"lazy\" class=\"wp-image-664001 aligncenter\" src=\"https:\/\/www.tunisienumerique.com\/wp-content\/uploads\/2021\/05\/maroc.jpg\" alt=\"\" width=\"418\" height=\"235\" srcset=\"https:\/\/www.tunisienumerique.com\/wp-content\/uploads\/2021\/05\/maroc.jpg 1280w, https:\/\/www.tunisienumerique.com\/wp-content\/uploads\/2021\/05\/maroc-768x432.jpg 768w, https:\/\/www.tunisienumerique.com\/wp-content\/uploads\/2021\/05\/maroc-600x338.jpg 600w\" sizes=\"auto, (max-width: 418px) 100vw, 418px\"\/><\/p>\n<div class=\"code-block code-block-1 c4\">\n <ins class=\"adsbygoogle c3\" data-ad-layout=\"in-article\" data-ad-format=\"fluid\" data-ad-client=\"ca-pub-2102118777505746\" data-ad-slot=\"7301775417\"\/>\n<\/div>\n<p>Le Maroc a sign\u00e9 de nouveaux partenariats permettant au tourisme national de renforcer son attractivit\u00e9, et ce en marge de sa participation\u00a0 ce week-end \u00e0 la 28\u00e8me \u00e9dition de l\u2019Arabian Travel Market (ATM) dont les travaux se poursuivent jusqu\u2019au mercredi 19 mai 2021.<\/p>\n<p>A cet effet, le Maroc a conclu plusieurs partenariats avec des tours op\u00e9rateurs notamment Seera Holidays, principal tour-op\u00e9rateur de la r\u00e9gion du Golfe.<\/p>\n<h2><strong>Chef de l\u2019OMS: Le monde est entr\u00e9 dans la phase de \u00abl\u2019apartheid vaccinal\u00bb<\/strong><\/h2>\n<p><img decoding=\"async\" loading=\"lazy\" class=\"wp-image-663936 aligncenter\" src=\"https:\/\/www.tunisienumerique.com\/wp-content\/uploads\/2021\/05\/oms-1.jpg\" alt=\"\" width=\"388\" height=\"203\" srcset=\"https:\/\/www.tunisienumerique.com\/wp-content\/uploads\/2021\/05\/oms-1.jpg 1200w, https:\/\/www.tunisienumerique.com\/wp-content\/uploads\/2021\/05\/oms-1-768x402.jpg 768w, https:\/\/www.tunisienumerique.com\/wp-content\/uploads\/2021\/05\/oms-1-600x314.jpg 600w\" sizes=\"auto, (max-width: 388px) 100vw, 388px\"\/><\/p>\n<p>Le Directeur G\u00e9nral de l\u2019Organisation mondiale de la sant\u00e9, Tedros Adanom Ghebreyesus, a d\u00e9clar\u00e9 lundi que le monde \u00e9tait entr\u00e9 dans la phase de l\u2019apartheid vaccinal.<\/p>\n<p>L\u2019OMS appelle les pays ayant un niveau \u00e9lev\u00e9 de vaccination de la population \u00e0 ne pas vacciner les enfants contre Covid-19, mais \u00e0 partager d\u2019abord les doses avec les pays pauvres.<\/p>\n<p>Les \u00c9tats-Unis ont d\u00e9j\u00e0 r\u00e9pondu \u00e0 l\u2019appel: lundi, Biden a d\u00e9clar\u00e9 que l\u2019Am\u00e9rique partagerait 80 millions de doses de vaccins contre le coronavirus, soit 13% de son stock total. Dans le m\u00eame temps, le reste est encore suffisant pour vacciner tous les adultes am\u00e9ricains.<\/p>\n<h2><strong>Les m\u00e9decins de Tokyo appellent \u00e0 l\u2019annulation des Jeux Olympiques en raison du COVID-19<\/strong><\/h2>\n<p>L\u2019Association des m\u00e9decins de Tokyo, qui repr\u00e9sente environ 6 000 m\u00e9decins de soins primaires, a d\u00e9clar\u00e9 que les h\u00f4pitaux de la ville h\u00f4te des Jeux \u201cont atteint le maximum de leur capacit\u00e9 d\u2019accueil et n\u2019ont presque pas de capacit\u00e9 de r\u00e9serve\u201d au milieu d\u2019une flamb\u00e9e d\u2019infections.<\/p>\n<h2><strong>Gaza : Joe Biden a affirm\u00e9 qu\u2019il \u00e9tait favorable \u00e0 un cessez-le-feu, sans demander cependant la fin des hostilit\u00e9s.<\/strong><\/h2>\n<p>Lundi soir, le pr\u00e9sident am\u00e9ricain Joe Biden a eu une conversation t\u00e9l\u00e9phonique avec le Premier ministre isra\u00e9lien Benjamin Netanyahu.<\/p>\n<p>Dans un rapport de la Maison Blanche sur la conversation, Biden s\u2019est prononc\u00e9 en faveur d\u2019une tr\u00eave entre Isra\u00ebl et le groupe du Hamas.<\/p>\n<p>C\u2019\u00e9tait la premi\u00e8re mention du cessez-le-feu dans les d\u00e9clarations officielles des \u00c9tats-Unis depuis le d\u00e9but de l\u2019escalade du conflit en mai.<\/p>\n<p>La condamnation internationale d\u00e9coule des victimes civiles de Gaza \u00e0 la suite des frappes a\u00e9riennes isra\u00e9liennes \u2013 au moins 212 personnes sont d\u00e9j\u00e0 mortes, dont 61 enfants, selon des m\u00e9decins palestiniens.<\/p>\n<p>En Isra\u00ebl, les attaques du Hamas ont tu\u00e9 10 personnes, dont deux enfants.<\/p>\n<p>L\u2019arm\u00e9e isra\u00e9lienne a d\u00e9clar\u00e9 que la plupart des personnes tu\u00e9es \u00e0 Gaza \u00e9taient des militants \u2013 au moins 130 des 200 tu\u00e9s, ont-ils d\u00e9clar\u00e9.<\/p>\n<div class=\"video-container\">\n<blockquote class=\"twitter-tweet\" data-width=\"550\" data-dnt=\"true\">\n<p lang=\"fr\" dir=\"ltr\" xml:lang=\"fr\">ISRA\u00cbL\/PALESTINE Joe Biden a affirm\u00e9 qu\u2019il \u00e9tait favorable \u00e0 un cessez-le-feu, sans demander cependant la fin des hostilit\u00e9s. C\u2019est la premi\u00e8re fois que la Maison Blanche emploie ce terme. | par <a href=\"https:\/\/twitter.com\/louis_imbert?ref_src=twsrc%5Etfw\">@louis_imbert<\/a> <a href=\"https:\/\/t.co\/kNgdL9xReW\">https:\/\/t.co\/kNgdL9xReW<\/a><\/p>\n<p>\u2014 Le Monde (@lemondefr) <a href=\"https:\/\/twitter.com\/lemondefr\/status\/1394531846885621760?ref_src=twsrc%5Etfw\">May 18, 2021<\/a><\/p>\n<\/blockquote>\n<\/div>\n<h2>Chine: un gratte-ciel de 291 m se met \u00e0 trembler<\/h2>\n<div class=\"video-container\">\n<blockquote class=\"twitter-tweet\" data-width=\"550\" data-dnt=\"true\">\n<p lang=\"en\" dir=\"ltr\" xml:lang=\"en\">One of China&rsquo;s tallest skyscrapers, SEG Plaza in Shenzhen, was evacuated Tuesday after it began to shake, sending panicked shoppers scampering to safety. No earthquake was reported around the time; the exact cause of the wobbling is being investigated. <a href=\"https:\/\/t.co\/tOZGVifz9w\">pic.twitter.com\/tOZGVifz9w<\/a><\/p>\n<p>\u2014 People&rsquo;s Daily, China (@PDChina) <a href=\"https:\/\/twitter.com\/PDChina\/status\/1394648969578520576?ref_src=twsrc%5Etfw\">May 18, 2021<\/a><\/p>\n<\/blockquote>\n<\/div>\n<p>SEG Plaza, un gratte-ciel embl\u00e9matique dans la ville de Shenzhen, en Chine s\u2019est mis soudainement \u00e0 trembler engendrant un mouvement de panique.<\/p>\n<p>Le bureau de gestion des situations d\u2019urgence de Shenzhen a indiqu\u00e9 sur le r\u00e9seau social Weibo \u00ab v\u00e9rifier les causes du tremblement \u00bb du gratte-ciel, tout en pr\u00e9cisant \u00ab qu\u2019aucun s\u00e9isme n\u2019a frapp\u00e9 la ville aujourd\u2019hui \u00bb.<\/p>\n<h2 id=\"mainContent\" class=\"article__title\">Br\u00e9sil : Lula premier dans les sondages pour la pr\u00e9sidentielle de 2022<\/h2>\n<p>R\u00e9habilit\u00e9 par la justice br\u00e9silienne, l\u2019ancien pr\u00e9sident Luiz In\u00e1cio\u00a0Lula\u00a0da Silva est d\u00e9j\u00e0 en t\u00eate des sondages pour les \u00e9lections pr\u00e9sidentielles de 2022.<\/p>\n<div class=\"swp_social_panel swp_horizontal_panel swp_flat_fresh swp_default_full_color swp_individual_full_color swp_other_full_color scale-100 scale-\" data-min-width=\"1100\" data-float-color=\"#ffffff\" data-float=\"bottom\" data-float-mobile=\"bottom\" data-transition=\"slide\">\n<div class=\"nc_tweetContainer swp_share_button total_shares total_sharesalt\"><span class=\"swp_count\">0 <span class=\"swp_label\">Partages<\/span><\/span><\/div>\n<\/div>\n<p><strong>Que se passe-t-il en Tunisie?<\/strong><br \/>Nous expliquons sur notre <a href=\"https:\/\/www.youtube.com\/channel\/UCRzypVq0B_yBad5eGrwBx0Q?sub_confirmation=1\" target=\"_blank\" rel=\"noopener\">cha\u00eene YouTube<\/a> . <a href=\"https:\/\/www.youtube.com\/channel\/UCRzypVq0B_yBad5eGrwBx0Q?sub_confirmation=1\" target=\"_blank\" rel=\"noopener\">Abonnez-vous!<\/a><\/p>\n<div class=\"mvp-org-wrap\" itemprop=\"publisher\">\n<div class=\"mvp-org-logo\" itemprop=\"logo\"><img decoding=\"async\" src=\"https:\/\/www.tunisienumerique.com\/wp-content\/uploads\/2017\/02\/logo_tunisie_numerique.png\"\/><br \/>\n<meta itemprop=\"url\" content=\"https:\/\/www.tunisienumerique.com\/wp-content\/uploads\/2017\/02\/logo_tunisie_numerique.png\"\/><\/div>\n<p><meta content=\"Tunisie\"\/><\/div>\n<div class=\"mvp-related-posts left relative\">\n<h4 class=\"post-header\"><span class=\"post-header\">Lire aussi<\/span><\/h4>\n<\/div>\n<div id=\"article-ad\">\n <ins class=\"adsbygoogle c5\" data-ad-client=\"ca-pub-2102118777505746\" data-ad-slot=\"6513972734\" data-ad-format=\"auto\" data-full-width-responsive=\"true\"\/>\n<\/div>\n<\/div>\n<div id=\"post-sidebar-wrap\">\n <ins class=\"adsbygoogle c5\" data-ad-client=\"ca-pub-2102118777505746\" data-ad-slot=\"6168283410\" data-ad-format=\"auto\" data-full-width-responsive=\"true\"\/>\n<\/div>\n<p>Auteur: Mayara<br \/>\n<a href=\"https:\/\/www.tunisienumerique.com\/monde-daily-brief-du-18-mai-2021\/\">Cliquez ici pour lire l&rsquo;article depuis sa source.<\/a><\/p>\n","protected":false},"excerpt":{"rendered":"<p>Par Mayara \u00a0| Il y a 16 secondes \ud83d\udd0a \u00c9coutez l&rsquo;article Tourisme: Le Maroc renforce son positionnement sur le march\u00e9 arabe Le Maroc a sign\u00e9 de nouveaux partenariats permettant au tourisme national de renforcer son attractivit\u00e9, et ce en marge de sa participation\u00a0 ce week-end \u00e0 la 28\u00e8me \u00e9dition de l\u2019Arabian Travel Market (ATM) dont [&hellip;]<\/p>\n","protected":false},"author":1789,"featured_media":0,"comment_status":"closed","ping_status":"closed","sticky":false,"template":"","format":"standard","meta":{"fifu_image_url":"https:\/\/secure.gravatar.com\/avatar\/4e507094cc8003289b58af26e43363e6?s=50&d=mm&r=g","fifu_image_alt":"Monde: Daily brief du 18 mai 2021","footnotes":""},"categories":[73,55],"tags":[],"class_list":["post-116981","post","type-post","status-publish","format-standard","hentry","category-actualite","category-tunisie"],"_links":{"self":[{"href":"https:\/\/linitiative.ca\/International\/wp-json\/wp\/v2\/posts\/116981","targetHints":{"allow":["GET"]}}],"collection":[{"href":"https:\/\/linitiative.ca\/International\/wp-json\/wp\/v2\/posts"}],"about":[{"href":"https:\/\/linitiative.ca\/International\/wp-json\/wp\/v2\/types\/post"}],"author":[{"embeddable":true,"href":"https:\/\/linitiative.ca\/International\/wp-json\/wp\/v2\/users\/1789"}],"replies":[{"embeddable":true,"href":"https:\/\/linitiative.ca\/International\/wp-json\/wp\/v2\/comments?post=116981"}],"version-history":[{"count":0,"href":"https:\/\/linitiative.ca\/International\/wp-json\/wp\/v2\/posts\/116981\/revisions"}],"wp:attachment":[{"href":"https:\/\/linitiative.ca\/International\/wp-json\/wp\/v2\/media?parent=116981"}],"wp:term":[{"taxonomy":"category","embeddable":true,"href":"https:\/\/linitiative.ca\/International\/wp-json\/wp\/v2\/categories?post=116981"},{"taxonomy":"post_tag","embeddable":true,"href":"https:\/\/linitiative.ca\/International\/wp-json\/wp\/v2\/tags?post=116981"}],"curies":[{"name":"wp","href":"https:\/\/api.w.org\/{rel}","templated":true}]}}