{"id":116987,"date":"2021-05-17T19:02:15","date_gmt":"2021-05-17T23:02:15","guid":{"rendered":"https:\/\/linitiative.ca\/International\/reglementation-des-drones-civils-un-vide-juridique-comble\/"},"modified":"2021-05-17T19:02:15","modified_gmt":"2021-05-17T23:02:15","slug":"reglementation-des-drones-civils-un-vide-juridique-comble","status":"publish","type":"post","link":"https:\/\/linitiative.ca\/International\/reglementation-des-drones-civils-un-vide-juridique-comble\/","title":{"rendered":"R\u00e8glementation des drones civils : Un vide juridique combl\u00e9"},"content":{"rendered":"<div class=\"td-post-featured-image\">\n<figure><a href=\"https:\/\/www.sidwaya.info\/wp-content\/uploads\/2021\/05\/an.jpg\" data-caption=\"Les 125 votants ont adopt\u00e9 \u00e0 l\u2019unanimit\u00e9 la loi portant r\u00e9gime juridique applicable\u2026\"><img loading=\"lazy\" decoding=\"async\" width=\"696\" height=\"464\" class=\"entry-thumb td-modal-image\" src=\"https:\/\/www.sidwaya.info\/wp-content\/uploads\/2021\/05\/an-696x464.jpg\" srcset=\"https:\/\/www.sidwaya.info\/wp-content\/uploads\/2021\/05\/an-696x464.jpg 696w, https:\/\/www.sidwaya.info\/wp-content\/uploads\/2021\/05\/an-300x200.jpg 300w, https:\/\/www.sidwaya.info\/wp-content\/uploads\/2021\/05\/an-150x100.jpg 150w, https:\/\/www.sidwaya.info\/wp-content\/uploads\/2021\/05\/an-630x420.jpg 630w, https:\/\/www.sidwaya.info\/wp-content\/uploads\/2021\/05\/an.jpg 720w\" sizes=\"auto, (max-width: 696px) 100vw, 696px\" alt=\"\" title=\"an\"\/><\/a><figcaption class=\"wp-caption-text\">Les 125 votants ont adopt\u00e9 \u00e0 l\u2019unanimit\u00e9 la loi portant r\u00e9gime juridique applicable\u2026<\/figcaption><\/figure>\n<\/div>\n<p><strong>L\u2019Assembl\u00e9e nationale a adopt\u00e9, le lundi 17 mai 2021 \u00e0 Ouagadougou, un projet de loi portant r\u00e9gime juridique applicable aux drones civils au Burkina Faso.<\/strong><\/p>\n<p>La fabrication, l\u2019assemblage, la modification, l\u2019acquisition, l\u2019importation et l\u2019exploitation des drones civils sont d\u00e9sormais soumis \u00e0 autorisation du minist\u00e8re de la S\u00e9curit\u00e9. Le projet de lui portant r\u00e9gime juridique applicables aux drones civils a \u00e9t\u00e9 adopt\u00e9 \u00e0 l\u2019unanimit\u00e9 des 125 d\u00e9put\u00e9s votant de l\u2019Assembl\u00e9e nationale, hier lundi 17 mai 2021.<\/p>\n<p>Des explications du rapporteur de la Commission des affaires g\u00e9n\u00e9rales, institutionnelles et des droits humains (CAGIDH), D\u00e9sir\u00e9e Marie Chantal Boni, tout drone civil qui d\u00e9colle ou qui atterrit sur le territoire burkinab\u00e8 ou encore qui effectue une partie de son vol dans l\u2019espace a\u00e9rien burkinab\u00e8 ; toute activit\u00e9 particuli\u00e8re, \u00e0 la savoir la photographie a\u00e9rienne, les relev\u00e9s topographiques, les couvertures m\u00e9diatiques, l\u2019observation et la surveillance, l\u2019inspection, l\u2019\u00e9pandage, le comptage, la faune et la flore, le transport et la livraison, les enqu\u00eates environnementales, devant \u00eatre r\u00e9alis\u00e9e par un drone civil est pris en compte.<\/p>\n<figure id=\"attachment_35426\" aria-describedby=\"caption-attachment-35426\" class=\"wp-caption alignleft c1\"><img decoding=\"async\" loading=\"lazy\" class=\"size-medium wp-image-35426\" src=\"https:\/\/www.sidwaya.info\/wp-content\/uploads\/2021\/05\/drone-300x188.jpg\" alt=\"\" width=\"300\" height=\"188\" srcset=\"https:\/\/www.sidwaya.info\/wp-content\/uploads\/2021\/05\/drone-300x188.jpg 300w, https:\/\/www.sidwaya.info\/wp-content\/uploads\/2021\/05\/drone-150x94.jpg 150w, https:\/\/www.sidwaya.info\/wp-content\/uploads\/2021\/05\/drone-696x435.jpg 696w, https:\/\/www.sidwaya.info\/wp-content\/uploads\/2021\/05\/drone-672x420.jpg 672w, https:\/\/www.sidwaya.info\/wp-content\/uploads\/2021\/05\/drone.jpg 720w\" sizes=\"auto, (max-width: 300px) 100vw, 300px\"\/><figcaption id=\"caption-attachment-35426\" class=\"wp-caption-text\">\u2026aux drones civils.<\/figcaption><\/figure>\n<p>\u00ab M\u00eames les utilisateurs de drones ayant acquis leurs drones avant l\u2019adoption du pr\u00e9sent projet de loi ont l\u2019obligation de s\u2019y conformer\u00bb, a-t-elle fait savoir. Elle a poursuivi que les autorisations d\u2019importation ou d\u2019achat seront d\u00e9livr\u00e9s \u00e0 titre de r\u00e9gularisation pour leur permettre de se faire enregistrer au minist\u00e8re de la S\u00e9curit\u00e9 et d\u2019identifier lesdits drones \u00e0 l\u2019administration de l\u2019aviation civile. En dehors des drones \u00e0 usage de sports et de loisirs dont la masse maximale au d\u00e9collage est inf\u00e9rieure \u00e0 800 grammes et qui s\u2019op\u00e8re dans un but exclusivement r\u00e9cr\u00e9atif, tout autre usage de drone civil est consid\u00e9r\u00e9 comme professionnel et une autorisation d\u2019exploitation est n\u00e9cessaire, a-t-elle pr\u00e9cis\u00e9.<\/p>\n<p>Selon Mme Boni, l\u2019adoption du projet de loi va permettre l\u2019exploitation des drones sur le territoire national tout en \u00e9vitant tout danger li\u00e9 \u00e0 leur utilisation. Elle a ajout\u00e9 qu\u2019il s\u2019agit, notamment de l\u2019utilisation malicieuse du drone, les collisions avec d\u2019autres appareils volants, le survol des sites sensibles, le crash de drone et l\u2019atteinte \u00e0 la protection de l\u2019environnement. A entendre Mme Nignan, cette r\u00e8glementation a \u00e9galement l\u2019avantage de permettre aux op\u00e9rateurs de l\u2019industrie, y compris les utilisateurs de drones dans les divers domaines, d\u2019\u00eatre professionnels et d\u2019utiliser leurs appareils dans des conditions de s\u00e9curit\u00e9 et de s\u00fbret\u00e9 acceptables.<\/p>\n<p>Le ministre de la S\u00e9curit\u00e9, Ouss\u00e9ni Compaor\u00e9 a traduit sa satisfaction \u00e0 la Repr\u00e9sentation nationale pour l\u2019adoption de cette loi qui va permettre de prot\u00e9ger le Burkina Faso. \u00ab En adoptant cette loi, les services de s\u00e9curit\u00e9s et la justice vont avoir les moyens de lutter contre l\u2019utilisation non autoris\u00e9e des drones \u00bb, a indiqu\u00e9 M.Compaor\u00e9.<\/p>\n<p class=\"c2\"><strong>Aly SAWADOGO<\/strong><\/p>\n<div class=\"td-a-rec td-a-rec-id-content_bottom tdi_33_373 td_block_template_1\">\n<p><img loading=\"lazy\" decoding=\"async\" class=\"aligncenter size-full wp-image-27454\" src=\"https:\/\/www.sidwaya.info\/wp-content\/uploads\/2020\/10\/PUB-Bandeau-paiement-mobile-siteweb.jpg\" alt=\"\" width=\"728\" height=\"90\"\/><\/div>\n<p>Auteur: JK. Sidwaya<br \/>\n<a href=\"https:\/\/www.sidwaya.info\/blog\/2021\/05\/17\/reglementation-des-drones-civils-un-vide-juridique-comble\/\">Cliquez ici pour lire l&rsquo;article depuis sa source.<\/a><\/p>\n","protected":false},"excerpt":{"rendered":"<p>Les 125 votants ont adopt\u00e9 \u00e0 l\u2019unanimit\u00e9 la loi portant r\u00e9gime juridique applicable\u2026 L\u2019Assembl\u00e9e nationale a adopt\u00e9, le lundi 17 mai 2021 \u00e0 Ouagadougou, un projet de loi portant r\u00e9gime juridique applicable aux drones civils au Burkina Faso. La fabrication, l\u2019assemblage, la modification, l\u2019acquisition, l\u2019importation et l\u2019exploitation des drones civils sont d\u00e9sormais soumis \u00e0 autorisation [&hellip;]<\/p>\n","protected":false},"author":1816,"featured_media":0,"comment_status":"closed","ping_status":"closed","sticky":false,"template":"","format":"standard","meta":{"fifu_image_url":"https:\/\/www.sidwaya.info\/wp-content\/uploads\/2021\/05\/an-696x464.jpg","fifu_image_alt":"R\u00e8glementation des drones civils : Un vide juridique combl\u00e9","footnotes":""},"categories":[73,81],"tags":[],"class_list":["post-116987","post","type-post","status-publish","format-standard","hentry","category-actualite","category-burkina-faso"],"_links":{"self":[{"href":"https:\/\/linitiative.ca\/International\/wp-json\/wp\/v2\/posts\/116987","targetHints":{"allow":["GET"]}}],"collection":[{"href":"https:\/\/linitiative.ca\/International\/wp-json\/wp\/v2\/posts"}],"about":[{"href":"https:\/\/linitiative.ca\/International\/wp-json\/wp\/v2\/types\/post"}],"author":[{"embeddable":true,"href":"https:\/\/linitiative.ca\/International\/wp-json\/wp\/v2\/users\/1816"}],"replies":[{"embeddable":true,"href":"https:\/\/linitiative.ca\/International\/wp-json\/wp\/v2\/comments?post=116987"}],"version-history":[{"count":0,"href":"https:\/\/linitiative.ca\/International\/wp-json\/wp\/v2\/posts\/116987\/revisions"}],"wp:attachment":[{"href":"https:\/\/linitiative.ca\/International\/wp-json\/wp\/v2\/media?parent=116987"}],"wp:term":[{"taxonomy":"category","embeddable":true,"href":"https:\/\/linitiative.ca\/International\/wp-json\/wp\/v2\/categories?post=116987"},{"taxonomy":"post_tag","embeddable":true,"href":"https:\/\/linitiative.ca\/International\/wp-json\/wp\/v2\/tags?post=116987"}],"curies":[{"name":"wp","href":"https:\/\/api.w.org\/{rel}","templated":true}]}}