{"id":116989,"date":"2021-05-18T05:38:53","date_gmt":"2021-05-18T09:38:53","guid":{"rendered":"https:\/\/linitiative.ca\/International\/burkina-faso-covid-19-la-commission-economique-pour-lafrique-salue-la-gestion-prudente-du-president-du-faso\/"},"modified":"2021-05-18T05:38:53","modified_gmt":"2021-05-18T09:38:53","slug":"burkina-faso-covid-19-la-commission-economique-pour-lafrique-salue-la-gestion-prudente-du-president-du-faso","status":"publish","type":"post","link":"https:\/\/linitiative.ca\/International\/burkina-faso-covid-19-la-commission-economique-pour-lafrique-salue-la-gestion-prudente-du-president-du-faso\/","title":{"rendered":"Burkina Faso\/ COVID-19 : la Commission \u00e9conomique pour l\u2019Afrique salue la gestion prudente du pr\u00e9sident du Faso"},"content":{"rendered":"<div class=\"td-post-featured-image\"><a href=\"https:\/\/www.sidwaya.info\/wp-content\/uploads\/2021\/05\/187297551_1770558519793077_5101129572904271302_n.jpg\" data-caption=\"\"><img loading=\"lazy\" decoding=\"async\" width=\"696\" height=\"655\" class=\"entry-thumb td-modal-image\" src=\"https:\/\/www.sidwaya.info\/wp-content\/uploads\/2021\/05\/187297551_1770558519793077_5101129572904271302_n-696x655.jpg\" srcset=\"https:\/\/www.sidwaya.info\/wp-content\/uploads\/2021\/05\/187297551_1770558519793077_5101129572904271302_n-696x655.jpg 696w, https:\/\/www.sidwaya.info\/wp-content\/uploads\/2021\/05\/187297551_1770558519793077_5101129572904271302_n-300x282.jpg 300w, https:\/\/www.sidwaya.info\/wp-content\/uploads\/2021\/05\/187297551_1770558519793077_5101129572904271302_n-768x723.jpg 768w, https:\/\/www.sidwaya.info\/wp-content\/uploads\/2021\/05\/187297551_1770558519793077_5101129572904271302_n-150x141.jpg 150w, https:\/\/www.sidwaya.info\/wp-content\/uploads\/2021\/05\/187297551_1770558519793077_5101129572904271302_n-446x420.jpg 446w, https:\/\/www.sidwaya.info\/wp-content\/uploads\/2021\/05\/187297551_1770558519793077_5101129572904271302_n.jpg 800w\" sizes=\"auto, (max-width: 696px) 100vw, 696px\" alt=\"\" title=\"187297551_1770558519793077_5101129572904271302_n\"\/><\/a><\/div>\n<p>(Paris, 18 mai 2021). Le pr\u00e9sident du Faso Roch Marc Christian Kabor\u00e9 a poursuivi ce matin ses entretiens parisiens avec la Secr\u00e9taire ex\u00e9cutive de la Commission \u00e9conomique pour l\u2019Afrique, V\u00e9ra Songwe.<\/p>\n<p>Au cour de cette s\u00e9ance de travail, la Secr\u00e9taire ex\u00e9cutive a salu\u00e9 la gestion tr\u00e8s prudente de la COVID-19 par le Burkina Faso. La Commission \u00e9conomique pour l\u2019Afrique a par ailleurs manifest\u00e9 sa disponibilit\u00e9 \u00e0 accompagner le Burkina Faso dans le d\u00e9veloppement des technologies de l\u2019information et de la communication.<\/p>\n<p>Direction de la communication de la pr\u00e9sidence du Faso<\/p>\n<div class=\"td-a-rec td-a-rec-id-content_bottom tdi_33_e4e td_block_template_1\">\n<p><img loading=\"lazy\" decoding=\"async\" class=\"aligncenter size-full wp-image-27454\" src=\"https:\/\/www.sidwaya.info\/wp-content\/uploads\/2020\/10\/PUB-Bandeau-paiement-mobile-siteweb.jpg\" alt=\"\" width=\"728\" height=\"90\"\/><\/div>\n<p>Auteur: BS. Sidwaya<br \/>\n<a href=\"https:\/\/www.sidwaya.info\/blog\/2021\/05\/18\/burkina-faso-covid-19-la-commission-economique-pour-lafrique-salue-la-gestion-prudente-du-president-du-faso\/\">Cliquez ici pour lire l&rsquo;article depuis sa source.<\/a><\/p>\n","protected":false},"excerpt":{"rendered":"<p>(Paris, 18 mai 2021). Le pr\u00e9sident du Faso Roch Marc Christian Kabor\u00e9 a poursuivi ce matin ses entretiens parisiens avec la Secr\u00e9taire ex\u00e9cutive de la Commission \u00e9conomique pour l\u2019Afrique, V\u00e9ra Songwe. Au cour de cette s\u00e9ance de travail, la Secr\u00e9taire ex\u00e9cutive a salu\u00e9 la gestion tr\u00e8s prudente de la COVID-19 par le Burkina Faso. La [&hellip;]<\/p>\n","protected":false},"author":1816,"featured_media":0,"comment_status":"closed","ping_status":"closed","sticky":false,"template":"","format":"standard","meta":{"fifu_image_url":"https:\/\/www.sidwaya.info\/wp-content\/uploads\/2021\/05\/187297551_1770558519793077_5101129572904271302_n-696x655.jpg","fifu_image_alt":"Burkina Faso\/ COVID-19 : la Commission \u00e9conomique pour l\u2019Afrique salue la gestion prudente du pr\u00e9sident du Faso","footnotes":""},"categories":[73,81],"tags":[],"class_list":["post-116989","post","type-post","status-publish","format-standard","hentry","category-actualite","category-burkina-faso"],"_links":{"self":[{"href":"https:\/\/linitiative.ca\/International\/wp-json\/wp\/v2\/posts\/116989","targetHints":{"allow":["GET"]}}],"collection":[{"href":"https:\/\/linitiative.ca\/International\/wp-json\/wp\/v2\/posts"}],"about":[{"href":"https:\/\/linitiative.ca\/International\/wp-json\/wp\/v2\/types\/post"}],"author":[{"embeddable":true,"href":"https:\/\/linitiative.ca\/International\/wp-json\/wp\/v2\/users\/1816"}],"replies":[{"embeddable":true,"href":"https:\/\/linitiative.ca\/International\/wp-json\/wp\/v2\/comments?post=116989"}],"version-history":[{"count":0,"href":"https:\/\/linitiative.ca\/International\/wp-json\/wp\/v2\/posts\/116989\/revisions"}],"wp:attachment":[{"href":"https:\/\/linitiative.ca\/International\/wp-json\/wp\/v2\/media?parent=116989"}],"wp:term":[{"taxonomy":"category","embeddable":true,"href":"https:\/\/linitiative.ca\/International\/wp-json\/wp\/v2\/categories?post=116989"},{"taxonomy":"post_tag","embeddable":true,"href":"https:\/\/linitiative.ca\/International\/wp-json\/wp\/v2\/tags?post=116989"}],"curies":[{"name":"wp","href":"https:\/\/api.w.org\/{rel}","templated":true}]}}