{"id":116990,"date":"2021-05-18T05:51:06","date_gmt":"2021-05-18T09:51:06","guid":{"rendered":"https:\/\/linitiative.ca\/International\/paris-le-burkina-faso-et-la-banque-mondiale-entendent-renforcer-leur-partenariat\/"},"modified":"2021-05-18T05:51:06","modified_gmt":"2021-05-18T09:51:06","slug":"paris-le-burkina-faso-et-la-banque-mondiale-entendent-renforcer-leur-partenariat","status":"publish","type":"post","link":"https:\/\/linitiative.ca\/International\/paris-le-burkina-faso-et-la-banque-mondiale-entendent-renforcer-leur-partenariat\/","title":{"rendered":"Paris\u00a0: le Burkina Faso et la Banque mondiale entendent renforcer leur partenariat."},"content":{"rendered":"<div class=\"td-post-featured-image\"><a href=\"https:\/\/www.sidwaya.info\/wp-content\/uploads\/2021\/05\/president.jpg\" data-caption=\"\"><img loading=\"lazy\" decoding=\"async\" width=\"696\" height=\"524\" class=\"entry-thumb td-modal-image\" src=\"https:\/\/www.sidwaya.info\/wp-content\/uploads\/2021\/05\/president-696x524.jpg\" srcset=\"https:\/\/www.sidwaya.info\/wp-content\/uploads\/2021\/05\/president-696x524.jpg 696w, https:\/\/www.sidwaya.info\/wp-content\/uploads\/2021\/05\/president-300x226.jpg 300w, https:\/\/www.sidwaya.info\/wp-content\/uploads\/2021\/05\/president-768x578.jpg 768w, https:\/\/www.sidwaya.info\/wp-content\/uploads\/2021\/05\/president-150x113.jpg 150w, https:\/\/www.sidwaya.info\/wp-content\/uploads\/2021\/05\/president-558x420.jpg 558w, https:\/\/www.sidwaya.info\/wp-content\/uploads\/2021\/05\/president-80x60.jpg 80w, https:\/\/www.sidwaya.info\/wp-content\/uploads\/2021\/05\/president.jpg 960w\" sizes=\"auto, (max-width: 696px) 100vw, 696px\" alt=\"\" title=\"president\"\/><\/a><\/div>\n<p>Le pr\u00e9sident du Faso Roch Marc Christian Kabore a eu une s\u00e9ance de travail mardi avec le Directeur des op\u00e9rations de la Banque mondiale, Axel Van Trotsenburg. Le pr\u00e9sident a salu\u00e9 l\u2019accompagnement de la Banque dans le financement des projets et programmes. Il a rel\u00e8ve les priorit\u00e9s qui seront celles du Burkina pour les ann\u00e9es \u00e0 venir. Il s\u2019agit du renforcement de la d\u00e9mocratie et de la gouvernance administrative, de la r\u00e9conciliation nationale, de la lutte contre l\u2019ins\u00e9curit\u00e9, et de la r\u00e9silience \u00e9conomique.<\/p>\n<div class=\"td-a-rec td-a-rec-id-content_bottom tdi_33_7fa td_block_template_1\">\n<p><img loading=\"lazy\" decoding=\"async\" class=\"aligncenter size-full wp-image-27454\" src=\"https:\/\/www.sidwaya.info\/wp-content\/uploads\/2020\/10\/PUB-Bandeau-paiement-mobile-siteweb.jpg\" alt=\"\" width=\"728\" height=\"90\"\/><\/div>\n<p>Auteur: Wamini SIDWAYA<br \/>\n<a href=\"https:\/\/www.sidwaya.info\/blog\/2021\/05\/18\/paris-le-burkina-faso-et-la-banque-mondiale-entendent-renforcer-leur-partenariat\/\">Cliquez ici pour lire l&rsquo;article depuis sa source.<\/a><\/p>\n","protected":false},"excerpt":{"rendered":"<p>Le pr\u00e9sident du Faso Roch Marc Christian Kabore a eu une s\u00e9ance de travail mardi avec le Directeur des op\u00e9rations de la Banque mondiale, Axel Van Trotsenburg. Le pr\u00e9sident a salu\u00e9 l\u2019accompagnement de la Banque dans le financement des projets et programmes. Il a rel\u00e8ve les priorit\u00e9s qui seront celles du Burkina pour les ann\u00e9es [&hellip;]<\/p>\n","protected":false},"author":1816,"featured_media":0,"comment_status":"closed","ping_status":"closed","sticky":false,"template":"","format":"standard","meta":{"fifu_image_url":"https:\/\/www.sidwaya.info\/wp-content\/uploads\/2021\/05\/president-696x524.jpg","fifu_image_alt":"Paris\u00a0: le Burkina Faso et la Banque mondiale entendent renforcer leur partenariat.","footnotes":""},"categories":[73,81],"tags":[],"class_list":["post-116990","post","type-post","status-publish","format-standard","hentry","category-actualite","category-burkina-faso"],"_links":{"self":[{"href":"https:\/\/linitiative.ca\/International\/wp-json\/wp\/v2\/posts\/116990","targetHints":{"allow":["GET"]}}],"collection":[{"href":"https:\/\/linitiative.ca\/International\/wp-json\/wp\/v2\/posts"}],"about":[{"href":"https:\/\/linitiative.ca\/International\/wp-json\/wp\/v2\/types\/post"}],"author":[{"embeddable":true,"href":"https:\/\/linitiative.ca\/International\/wp-json\/wp\/v2\/users\/1816"}],"replies":[{"embeddable":true,"href":"https:\/\/linitiative.ca\/International\/wp-json\/wp\/v2\/comments?post=116990"}],"version-history":[{"count":0,"href":"https:\/\/linitiative.ca\/International\/wp-json\/wp\/v2\/posts\/116990\/revisions"}],"wp:attachment":[{"href":"https:\/\/linitiative.ca\/International\/wp-json\/wp\/v2\/media?parent=116990"}],"wp:term":[{"taxonomy":"category","embeddable":true,"href":"https:\/\/linitiative.ca\/International\/wp-json\/wp\/v2\/categories?post=116990"},{"taxonomy":"post_tag","embeddable":true,"href":"https:\/\/linitiative.ca\/International\/wp-json\/wp\/v2\/tags?post=116990"}],"curies":[{"name":"wp","href":"https:\/\/api.w.org\/{rel}","templated":true}]}}