{"id":116991,"date":"2021-05-18T11:12:05","date_gmt":"2021-05-18T15:12:05","guid":{"rendered":"https:\/\/linitiative.ca\/International\/operations-de-securisation-10-au-16-mai-2021-des-bases-terroristes-demantelees\/"},"modified":"2021-05-18T11:12:05","modified_gmt":"2021-05-18T15:12:05","slug":"operations-de-securisation-10-au-16-mai-2021-des-bases-terroristes-demantelees","status":"publish","type":"post","link":"https:\/\/linitiative.ca\/International\/operations-de-securisation-10-au-16-mai-2021-des-bases-terroristes-demantelees\/","title":{"rendered":"Op\u00e9rations de s\u00e9curisation (10 au 16 mai 2021): des bases terroristes d\u00e9mantel\u00e9es"},"content":{"rendered":"<div class=\"td-post-featured-image\"><a href=\"https:\/\/www.sidwaya.info\/wp-content\/uploads\/2021\/05\/FASO2.jpg\" data-caption=\"\"><img loading=\"lazy\" decoding=\"async\" width=\"650\" height=\"365\" class=\"entry-thumb td-modal-image\" src=\"https:\/\/www.sidwaya.info\/wp-content\/uploads\/2021\/05\/FASO2.jpg\" srcset=\"https:\/\/www.sidwaya.info\/wp-content\/uploads\/2021\/05\/FASO2.jpg 650w, https:\/\/www.sidwaya.info\/wp-content\/uploads\/2021\/05\/FASO2-300x168.jpg 300w, https:\/\/www.sidwaya.info\/wp-content\/uploads\/2021\/05\/FASO2-150x84.jpg 150w\" sizes=\"auto, (max-width: 650px) 100vw, 650px\" alt=\"\" title=\"FASO2\"\/><\/a><\/div>\n<p><strong>Situation g\u00e9n\u00e9rale<\/strong><\/p>\n<p>Les Forces Arm\u00e9es Nationales poursuivent les op\u00e9rations de s\u00e9curisation du territoire national \u00e0 travers les activit\u00e9s men\u00e9es au sein des Groupements de Forces. Elles conduisent \u00e9galement des activit\u00e9s de soutien au d\u00e9veloppement au profit des structures de l\u2019Etat, de structures priv\u00e9es, ainsi que des activit\u00e9s au profit des populations.<\/p>\n<p><strong>GROUPEMENT DE FORCES DU SECTEUR NORD<\/strong><\/p>\n<p><strong>\u00a0<\/strong><strong>Op\u00e9ration HOUNE<\/strong>: Les op\u00e9rations se sont poursuivies cette semaine dans les r\u00e9gions du Nord et du Sahel.<\/p>\n<p>De nombreux axes et for\u00eats ont \u00e9t\u00e9 reconnus. Au cours de ces op\u00e9rations, une autre base terroriste a \u00e9t\u00e9 d\u00e9\u00admantel\u00e9e le mercredi 12 mai 2021 dans la zone de TINAKOFF. De l\u2019armement, des munitions, des motos, du mat\u00e9riel de communication (t\u00e9l\u00e9phones portables et radios \u00e9metteurs-r\u00e9cepteurs), du mat\u00e9riel IED, des vivres et bien d\u2019autres mat\u00e9riels ont \u00e9t\u00e9 saisis ou d\u00e9truits.<\/p>\n<p>Les unit\u00e9s engag\u00e9es, dans chaque village ou hameau, entrent en contact avec les autorit\u00e9s locales et les populations afin de les rassurer.<\/p>\n<p><strong>15 mai 2021<\/strong>: Le d\u00e9tachement militaire de MANSILA a s\u00e9curis\u00e9 la pri\u00e8re de la f\u00eate du Ramadan. Les populations de Mansila ont mas\u00adsivement particip\u00e9 \u00e0 cette pri\u00e8re \u00e0 laquelle ont \u00e9galement particip\u00e9 les musulmans du d\u00e9tachement. La collaboration entre militaires et populations se renforce et permet la reprise des activit\u00e9s dans la localit\u00e9.<\/p>\n<p><strong>16 mai 2021<\/strong>: Des unit\u00e9s d\u2019intervention de Kaya ont \u00e9t\u00e9 d\u00e9ploy\u00e9es dans la commune rurale de Pissila (Centre-nord) suite \u00e0 l\u2019attaque contre des populations civiles. Elles ont s\u00e9curis\u00e9 la zone et entam\u00e9 des op\u00e9rations de ratissage.<\/p>\n<p><strong>Groupement de forces du secteur centre et Est<\/strong><\/p>\n<p><strong>14 au 16 mai 2021<\/strong>: Le Ministre d\u2019Etat, Ministre de la D\u00e9fense Nationale et des Anciens Combattants a effectu\u00e9 une tourn\u00e9e des d\u00e9tachements militaires \u00e0 l\u2019Est. Il s\u2019est entretenu avec les Hommes, leur a apport\u00e9 son soutien \u00a0et adress\u00e9 ses encouragements. Fada, Madjoari, Pama, Foutouri, Gay\u00e9ri et Tenkodogo ont constitu\u00e9 les diff\u00e9rentes \u00e9tapes de la tourn\u00e9e.<\/p>\n<p><strong>Autres activit\u00e9s<\/strong><\/p>\n<p><strong>-Aide \u00e0 la r\u00e9installation de personnes d\u00e9plac\u00e9es internes dans certaines localit\u00e9s.<\/strong><\/p>\n<p><strong>\u2013 Escorte de ravitaillement au profit de structures priv\u00e9es dans la r\u00e9gion de l\u2019Est.<\/strong><\/p>\n<p><strong>\u2013 S\u00e9curisation de la mise en \u0153uvre du projet Backbone dans la r\u00e9gion de l\u2019Est<\/strong><\/p>\n<p><strong>\u00a0<\/strong><\/p>\n<p class=\"c1\"><strong>Point de situation N\u00b00048 du 17 mai 2021<\/strong><\/p>\n<p class=\"c1\">Pour plus d\u2019informations concernant ce point de situation, contacter la Direction de la Communication et des Relations Publiques des Arm\u00e9es<\/p>\n<div class=\"td-a-rec td-a-rec-id-content_bottom tdi_33_2da td_block_template_1\">\n<p><img loading=\"lazy\" decoding=\"async\" class=\"aligncenter size-full wp-image-27454\" src=\"https:\/\/www.sidwaya.info\/wp-content\/uploads\/2020\/10\/PUB-Bandeau-paiement-mobile-siteweb.jpg\" alt=\"\" width=\"728\" height=\"90\"\/><\/div>\n<p>Auteur: BS. Sidwaya<br \/>\n<a href=\"https:\/\/www.sidwaya.info\/blog\/2021\/05\/18\/point-de-situation-hebdomadaire-des-operations-de-securisation-10-au-16-mai-2021\/\">Cliquez ici pour lire l&rsquo;article depuis sa source.<\/a><\/p>\n","protected":false},"excerpt":{"rendered":"<p>Situation g\u00e9n\u00e9rale Les Forces Arm\u00e9es Nationales poursuivent les op\u00e9rations de s\u00e9curisation du territoire national \u00e0 travers les activit\u00e9s men\u00e9es au sein des Groupements de Forces. Elles conduisent \u00e9galement des activit\u00e9s de soutien au d\u00e9veloppement au profit des structures de l\u2019Etat, de structures priv\u00e9es, ainsi que des activit\u00e9s au profit des populations. GROUPEMENT DE FORCES DU [&hellip;]<\/p>\n","protected":false},"author":1816,"featured_media":0,"comment_status":"closed","ping_status":"closed","sticky":false,"template":"","format":"standard","meta":{"fifu_image_url":"https:\/\/www.sidwaya.info\/wp-content\/uploads\/2021\/05\/FASO2.jpg","fifu_image_alt":"Op\u00e9rations de s\u00e9curisation (10 au 16 mai 2021): des bases terroristes d\u00e9mantel\u00e9es","footnotes":""},"categories":[73,81],"tags":[],"class_list":["post-116991","post","type-post","status-publish","format-standard","hentry","category-actualite","category-burkina-faso"],"_links":{"self":[{"href":"https:\/\/linitiative.ca\/International\/wp-json\/wp\/v2\/posts\/116991","targetHints":{"allow":["GET"]}}],"collection":[{"href":"https:\/\/linitiative.ca\/International\/wp-json\/wp\/v2\/posts"}],"about":[{"href":"https:\/\/linitiative.ca\/International\/wp-json\/wp\/v2\/types\/post"}],"author":[{"embeddable":true,"href":"https:\/\/linitiative.ca\/International\/wp-json\/wp\/v2\/users\/1816"}],"replies":[{"embeddable":true,"href":"https:\/\/linitiative.ca\/International\/wp-json\/wp\/v2\/comments?post=116991"}],"version-history":[{"count":0,"href":"https:\/\/linitiative.ca\/International\/wp-json\/wp\/v2\/posts\/116991\/revisions"}],"wp:attachment":[{"href":"https:\/\/linitiative.ca\/International\/wp-json\/wp\/v2\/media?parent=116991"}],"wp:term":[{"taxonomy":"category","embeddable":true,"href":"https:\/\/linitiative.ca\/International\/wp-json\/wp\/v2\/categories?post=116991"},{"taxonomy":"post_tag","embeddable":true,"href":"https:\/\/linitiative.ca\/International\/wp-json\/wp\/v2\/tags?post=116991"}],"curies":[{"name":"wp","href":"https:\/\/api.w.org\/{rel}","templated":true}]}}