{"id":116992,"date":"2021-05-18T10:18:02","date_gmt":"2021-05-18T14:18:02","guid":{"rendered":"https:\/\/linitiative.ca\/International\/poste-la-cote-divoire-prete-a-abriter-le-27e-congres-de-lupu\/"},"modified":"2021-05-18T10:18:02","modified_gmt":"2021-05-18T14:18:02","slug":"poste-la-cote-divoire-prete-a-abriter-le-27e-congres-de-lupu","status":"publish","type":"post","link":"https:\/\/linitiative.ca\/International\/poste-la-cote-divoire-prete-a-abriter-le-27e-congres-de-lupu\/","title":{"rendered":"Poste: la C\u00f4te d\u2019Ivoire \u00ab\u00a0pr\u00eate\u00a0\u00bb \u00e0 abriter le 27e Congr\u00e8s de l\u2019UPU"},"content":{"rendered":"<div readability=\"32\">\n<p>Publi\u00e9 le 18.05.2021 \u00e0 15h18 par APA News<\/p>\n<\/div>\n<div readability=\"98\">\n<p>La C\u00f4te d\u2019Ivoire est \u00ab\u00a0pr\u00eate\u00a0\u00bb \u00e0 organiser le 27e Congr\u00e8s de l\u2019Union postale universelle (UPU) report\u00e9 du 9 au 27 ao\u00fbt 2021 \u00e0 Abidjan, en raison de la Covid-19, a assur\u00e9 mardi le ministre de l\u2019\u00c9conomie num\u00e9rique, des t\u00e9l\u00e9communications et de l\u2019innovation, Roger Adom.<\/p>\n<p>\u00ab\u00a0Nous attendons ce congr\u00e8s l\u00e0 depuis 21 ans, nous sommes en 2021 et pr\u00eats \u00e0 le recevoir; donc pour nous c\u2019est une fiert\u00e9\u00a0\u00bb, a d\u00e9clar\u00e9 M. Roger Adom, \u00e0 l\u2019issue d\u2019une rencontre \u00e0 son Cabinet \u00e0 Abidjan avec une d\u00e9l\u00e9gation de l\u2019UPU.<\/p>\n<p>La C\u00f4te d\u2019Ivoire, dira-t-il, \u00ab\u00a0fera tout pour que ce congr\u00e8s puisse se tenir \u00e0 Abidjan aux dates indiqu\u00e9es par l\u2019UPU\u00a0\u00bb, et surtout \u00e0 r\u00e9pondre aux d\u00e9fis technologiques, \u00e0 savoir un \u00ab\u00a0congr\u00e8s digital\u00a0\u00bb avec \u00ab\u00a0z\u00e9ro papier\u00a0\u00bb.<\/p>\n<p>M. Pascal Clivaz, vice-directeur g\u00e9n\u00e9ral de l\u2019UPU, chef de la d\u00e9l\u00e9gation, a indiqu\u00e9 que la mission qu\u2019il conduit est \u00e0 Abidjan pour \u00ab\u00a0\u00e9valuer les derniers pr\u00e9paratifs\u00a0\u00bb pour la tenue du 27e congr\u00e8s de l\u2019organisation internationale dans la capitale \u00e9conomique ivoirienne.<\/p>\n<p>Cette mission intervient \u00ab\u00a0au nom des pays membres (de l\u2019UPU) qui ont demand\u00e9 au directeur g\u00e9n\u00e9ral de pr\u00e9parer le Conseil d\u2019administration pour sa d\u00e9cision finale qui est attendue au 30 juin 2021, et on est ici pour conduire les petits audits\u00a0\u00bb, a-t-il ajout\u00e9.<\/p>\n<p>Elle vise \u00e0 faire en sorte que le 27e congr\u00e8s de l\u2019UPU puisse se tenir du 9 au 27 ao\u00fbt 2021 \u00e0 Abidjan, a-t-il renseign\u00e9, mentionnant que le principal enjeu de cet \u00e9v\u00e9nement est la digitalisation du secteur postal qui sera d\u00e9battu lors de ces assises.<\/p>\n<p>Il a r\u00e9v\u00e9l\u00e9 que \u00ab\u00a0sur le fond, il y a 140 propositions qui attendent d\u2019\u00eatre pr\u00e9par\u00e9es pour la refonte des actes de l\u2019organisation (UPU) qui signe des trait\u00e9s internationaux\u00a0\u00bb et dans cette optique \u00ab\u00a0le gouvernement ivoirien, ici, va s\u2019engager par sa signature \u00e0 respecter un cadre international\u00a0\u00bb.<\/p>\n<p>\u00ab\u00a0C\u2019est la partie trait\u00e9 qui nous occupe maintenant jusqu\u2019au au congr\u00e8s, a-t-il poursuivi, rassurant que la d\u00e9l\u00e9gation se fera \u00ab\u00a0l\u2019avocat de la cause\u00a0\u00bb pour la tenue du 27e congr\u00e8s de l\u2019UPU en C\u00f4te d\u2019Ivoire.<\/p>\n<p>Le ministre ivoirien de l\u2019\u00c9conomie num\u00e9rique, des t\u00e9l\u00e9communications et de l\u2019innovation, Roger Adom, a fait observer que la pand\u00e9mie de Covid-19 en C\u00f4te d\u2019Ivoire est \u00ab\u00a0ma\u00eetris\u00e9e\u00a0\u00bb avec un faible taux de personnes infect\u00e9es par la maladie.<\/p>\n<p>\u00a0Le 27e Congr\u00e8s de l\u2019UPU pr\u00e9vu \u00e0 Abidjan du 10 au 28 ao\u00fbt 2020 avait \u00e9t\u00e9 report\u00e9 en raison de la maladie \u00e0 Coronavirus. L\u2019Etat ivoirien avait \u00e9crit \u00e0 l\u2019union pour proposer de reporter la date du Congr\u00e8s, afin de le tenir lorsque la situation de Covid-19 le permettra.<\/p>\n<\/div>\n<p>Auteur: APA News<br \/>\n<a href=\"https:\/\/www.journalducameroun.com\/poste-la-cote-divoire-prete-a-abriter-le-27e-congres-de-lupu\/\">Cliquez ici pour lire l&rsquo;article depuis sa source.<\/a><\/p>\n","protected":false},"excerpt":{"rendered":"<p>Publi\u00e9 le 18.05.2021 \u00e0 15h18 par APA News La C\u00f4te d\u2019Ivoire est \u00ab\u00a0pr\u00eate\u00a0\u00bb \u00e0 organiser le 27e Congr\u00e8s de l\u2019Union postale universelle (UPU) report\u00e9 du 9 au 27 ao\u00fbt 2021 \u00e0 Abidjan, en raison de la Covid-19, a assur\u00e9 mardi le ministre de l\u2019\u00c9conomie num\u00e9rique, des t\u00e9l\u00e9communications et de l\u2019innovation, Roger Adom. \u00ab\u00a0Nous attendons ce [&hellip;]<\/p>\n","protected":false},"author":1965,"featured_media":0,"comment_status":"closed","ping_status":"closed","sticky":false,"template":"","format":"standard","meta":{"fifu_image_url":"","fifu_image_alt":"","footnotes":""},"categories":[73,82],"tags":[],"class_list":["post-116992","post","type-post","status-publish","format-standard","hentry","category-actualite","category-cameroun"],"_links":{"self":[{"href":"https:\/\/linitiative.ca\/International\/wp-json\/wp\/v2\/posts\/116992","targetHints":{"allow":["GET"]}}],"collection":[{"href":"https:\/\/linitiative.ca\/International\/wp-json\/wp\/v2\/posts"}],"about":[{"href":"https:\/\/linitiative.ca\/International\/wp-json\/wp\/v2\/types\/post"}],"author":[{"embeddable":true,"href":"https:\/\/linitiative.ca\/International\/wp-json\/wp\/v2\/users\/1965"}],"replies":[{"embeddable":true,"href":"https:\/\/linitiative.ca\/International\/wp-json\/wp\/v2\/comments?post=116992"}],"version-history":[{"count":0,"href":"https:\/\/linitiative.ca\/International\/wp-json\/wp\/v2\/posts\/116992\/revisions"}],"wp:attachment":[{"href":"https:\/\/linitiative.ca\/International\/wp-json\/wp\/v2\/media?parent=116992"}],"wp:term":[{"taxonomy":"category","embeddable":true,"href":"https:\/\/linitiative.ca\/International\/wp-json\/wp\/v2\/categories?post=116992"},{"taxonomy":"post_tag","embeddable":true,"href":"https:\/\/linitiative.ca\/International\/wp-json\/wp\/v2\/tags?post=116992"}],"curies":[{"name":"wp","href":"https:\/\/api.w.org\/{rel}","templated":true}]}}