{"id":116993,"date":"2021-05-18T10:18:02","date_gmt":"2021-05-18T14:18:02","guid":{"rendered":"https:\/\/linitiative.ca\/International\/sommet-de-paris-entretiens-bilateraux-franco-rwandais\/"},"modified":"2021-05-18T10:18:02","modified_gmt":"2021-05-18T14:18:02","slug":"sommet-de-paris-entretiens-bilateraux-franco-rwandais","status":"publish","type":"post","link":"https:\/\/linitiative.ca\/International\/sommet-de-paris-entretiens-bilateraux-franco-rwandais\/","title":{"rendered":"Sommet de Paris: entretiens bilat\u00e9raux franco-rwandais"},"content":{"rendered":"<div readability=\"32\">\n<p>Publi\u00e9 le 18.05.2021 \u00e0 15h18 par APA News<\/p>\n<\/div>\n<div readability=\"57\">\n<p>Le pr\u00e9sident rwandais, Paul Kagam\u00e9, s\u2019est entretenu avec son homologue fran\u00e7ais, Emmanuel Macron sur les relations entre Kigali et Paris.Les \u00e9changes entre les deux chefs d\u2019Etat ont aussi port\u00e9 sur d\u2019autres sujets relatifs \u00e0 la r\u00e9gion d\u2019Afrique de l\u2019Est, annonce la pr\u00e9sidence de la R\u00e9publique du Rwanda.<\/p>\n<p>Le pr\u00e9sident Kagame s\u2019est joint aux chefs d\u2019Etat et de gouvernement de toute l\u2019Afrique et aux chefs d\u2019institutions financi\u00e8res \u00e0 la Conf\u00e9rence internationale sur le Soudan, et a ensuite rencontr\u00e9 le pr\u00e9sident fran\u00e7ais Emmanuel Macron en marge du Sommet de Paris sur la dette africaine.<\/p>\n<p>Dans un entretien accord\u00e9 \u00e0 France 24, le pr\u00e9sident Kagam\u00e9 a d\u00e9clar\u00e9 que les deux rapports sur le g\u00e9nocide rwandais, et sur lesquels le deux pays ont une convergence de vue, ont ouvert la voie \u00e0 de meilleures perspectives dans leurs relations diplomatiques et bilat\u00e9rales.<\/p>\n<p>Kagam\u00e9 a \u00e9galement rencontr\u00e9 son homologue de la R\u00e9publique d\u00e9mocratique du Congo (RDC), le pr\u00e9sident F\u00e9lix Tshisekedi, par ailleurs pr\u00e9sident en exercice de l\u2019Union africaine (UA).<\/p>\n<\/div>\n<p>Auteur: APA News<br \/>\n<a href=\"https:\/\/www.journalducameroun.com\/sommet-de-paris-entretiens-bilateraux-franco-rwandais\/\">Cliquez ici pour lire l&rsquo;article depuis sa source.<\/a><\/p>\n","protected":false},"excerpt":{"rendered":"<p>Publi\u00e9 le 18.05.2021 \u00e0 15h18 par APA News Le pr\u00e9sident rwandais, Paul Kagam\u00e9, s\u2019est entretenu avec son homologue fran\u00e7ais, Emmanuel Macron sur les relations entre Kigali et Paris.Les \u00e9changes entre les deux chefs d\u2019Etat ont aussi port\u00e9 sur d\u2019autres sujets relatifs \u00e0 la r\u00e9gion d\u2019Afrique de l\u2019Est, annonce la pr\u00e9sidence de la R\u00e9publique du Rwanda. [&hellip;]<\/p>\n","protected":false},"author":1965,"featured_media":0,"comment_status":"closed","ping_status":"closed","sticky":false,"template":"","format":"standard","meta":{"fifu_image_url":"","fifu_image_alt":"","footnotes":""},"categories":[73,82],"tags":[],"class_list":["post-116993","post","type-post","status-publish","format-standard","hentry","category-actualite","category-cameroun"],"_links":{"self":[{"href":"https:\/\/linitiative.ca\/International\/wp-json\/wp\/v2\/posts\/116993","targetHints":{"allow":["GET"]}}],"collection":[{"href":"https:\/\/linitiative.ca\/International\/wp-json\/wp\/v2\/posts"}],"about":[{"href":"https:\/\/linitiative.ca\/International\/wp-json\/wp\/v2\/types\/post"}],"author":[{"embeddable":true,"href":"https:\/\/linitiative.ca\/International\/wp-json\/wp\/v2\/users\/1965"}],"replies":[{"embeddable":true,"href":"https:\/\/linitiative.ca\/International\/wp-json\/wp\/v2\/comments?post=116993"}],"version-history":[{"count":0,"href":"https:\/\/linitiative.ca\/International\/wp-json\/wp\/v2\/posts\/116993\/revisions"}],"wp:attachment":[{"href":"https:\/\/linitiative.ca\/International\/wp-json\/wp\/v2\/media?parent=116993"}],"wp:term":[{"taxonomy":"category","embeddable":true,"href":"https:\/\/linitiative.ca\/International\/wp-json\/wp\/v2\/categories?post=116993"},{"taxonomy":"post_tag","embeddable":true,"href":"https:\/\/linitiative.ca\/International\/wp-json\/wp\/v2\/tags?post=116993"}],"curies":[{"name":"wp","href":"https:\/\/api.w.org\/{rel}","templated":true}]}}