{"id":116994,"date":"2021-05-18T12:18:01","date_gmt":"2021-05-18T16:18:01","guid":{"rendered":"https:\/\/linitiative.ca\/International\/lagence-ivoirienne-de-presse-celebre-ses-60-ans-les-2-et-3-juin-2021\/"},"modified":"2021-05-18T12:18:01","modified_gmt":"2021-05-18T16:18:01","slug":"lagence-ivoirienne-de-presse-celebre-ses-60-ans-les-2-et-3-juin-2021","status":"publish","type":"post","link":"https:\/\/linitiative.ca\/International\/lagence-ivoirienne-de-presse-celebre-ses-60-ans-les-2-et-3-juin-2021\/","title":{"rendered":"L\u2019Agence ivoirienne de presse c\u00e9l\u00e8bre ses 60 ans les 2 et 3 juin 2021"},"content":{"rendered":"<div readability=\"32\">\n<p>Publi\u00e9 le 18.05.2021 \u00e0 17h18 par APA News<\/p>\n<\/div>\n<div readability=\"124\">\n<p>L\u2019Agence ivoirienne de presse (AIP, publique) a lanc\u00e9 mardi la c\u00e9l\u00e9bration de son 60e anniversaire pr\u00e9vue les 2 et 3 juin 2021 et qui se d\u00e9roulera autour de th\u00e9matiques relatifs aux nouveaux outils de communication, aux infos et aux fake news.<\/p>\n<p>Les articulations des festivit\u00e9s du soixantenaire de cette agence de presse publique ont \u00e9t\u00e9 pr\u00e9sent\u00e9es par le Comit\u00e9 d\u2019organisation, pr\u00e9sid\u00e9 par Mme Mireille Kouam\u00e9, lors d\u2019une conf\u00e9rence de presse \u00e0 Abidjan.<\/p>\n<p>L\u2019\u00e9v\u00e9nement, plac\u00e9 sous la pr\u00e9sidence de M. Amadou Coulibaly, le ministre de la Communication, des m\u00e9dias et de la Francophonie, \u00ab\u00a0auront lieu les 2 et 3 juin 2021 \u00e0 Abidjan, dans nos locaux au Plateau\u00a0\u00bb, le centre des Affaires d\u2019Abidjan, a-t-elle indiqu\u00e9.<\/p>\n<p>Mme Mireille Kouam\u00e9, sous-directrice charg\u00e9e de la Communication et du marketing \u00e0 l\u2019AIP, a ajout\u00e9 que \u00ab\u00a0plus tard, des soixantenaires \u00e9clat\u00e9s dans au moins un bureau r\u00e9gional et un poste de collecte sous le th\u00e8me l\u2019AIP, passionn\u00e9ment au service de l\u2019information depuis 60 ans\u00a0\u00bb seront organis\u00e9s.<\/p>\n<p>Cette comm\u00e9moration impose de \u00ab\u00a0marquer un arr\u00eat et de nous interroger sur les grands enjeux de notre secteur qui fait plus l\u2019objet de mutations diverses: nouvelles tendances m\u00e9diatiques, r\u00e9seaux sociaux mais aussi le d\u00e9veloppement des fake news\u00a0\u00bb, a-t-elle not\u00e9.\u00a0<\/p>\n<p>Dans cette optique, il est pr\u00e9vu deux panels, le premier portant sur le th\u00e8me \u00ab\u00a0Les agences de presse \u00e0 l\u2019\u00e8re des nouveaux outils de communication et des infox\u00a0\u00bb et le second autour de la th\u00e9matique \u00ab\u00a0De la d\u00e9p\u00eache \u00e0 l\u2019article de presse: Quel nouveau mode de consommation de l\u2019information ?\u00a0\u00bb.<\/p>\n<p>Le 2 juin 2021 sont pr\u00e9vus ces deux panels, mais le 3 juin sera marqu\u00e9e par une journ\u00e9e porte ouverte, r\u00e9serv\u00e9e au public et aux \u00e9tudiants, a fait remarquer Mme Mireille Kouam\u00e9, \u00a0qui esp\u00e8re mobiliser toutes les \u00e9nergies en faveur de cet \u00e9v\u00e9nement et surtout l\u2019appui de partenaires.\u00a0<\/p>\n<p>Interrog\u00e9 en marge de la conf\u00e9rence de presse, Mamadou Traor\u00e9, le r\u00e9dacteur en chef central de l\u2019AIP, a d\u00e9clar\u00e9 que l\u2019organe de presse travaille \u00e0 ce qu\u2019il puise \u00ab\u00a0vraiment \u00eatre une agence qui compte en Afrique\u00a0\u00bb.<\/p>\n<p>Pour ce faire, \u00ab\u00a0l\u2019AIP doit faire face \u00e0 cette kyrielle de fake news qui foisonne sur les r\u00e9seaux sociaux, \u00e9galement dans l\u2019\u00e9cosyst\u00e8me de l\u2019information pour \u00eatre \u00e0 la pointe de la lutte contre les fausses nouvelles et des informations fiables\u00a0\u00bb, a-t-il poursuivi. \u00a0<\/p>\n<p>Et ce, \u00ab\u00a0mettre le m\u00e9tier de journaliste au c\u0153ur de l\u2019activit\u00e9 de l\u2019information\u00a0\u00bb d\u2019une part et d\u2019autre part de montrer aux usagers et consommateurs de l\u2019information la place pr\u00e9pond\u00e9rante des agences de presse en tant qu\u2019 organe par excellence de l\u2019information exacte, a-t-il dit.<\/p>\n<p>Concernant les perspectives, M. Mamadou Traor\u00e9 a fait savoir qu&rsquo;\u00a0\u00bbaujourd\u2019hui, l\u2019AIP pense \u00e0 son internationalisation et \u00e0 ouvrir beaucoup d\u2019autres bureaux, car il y a encore des villes (en C\u00f4te d\u2019Ivoire) qui ne sont pas encore fournies par des agents de l\u2019AIP\u00a0\u00bb. \u00a0\u00a0<\/p>\n<p>En tant que m\u00e9dia de service public \u00ab\u00a0ind\u00e9pendant\u00a0\u00bb, l\u2019agence \u00ab\u00a0est toujours dans son r\u00f4le d\u2019\u0153uvrer \u00e0 ce que les Ivoiriens aient des informations plurielles et fiables\u00a0\u00bb, a-t-il insinu\u00e9. L\u2019agence \u00e0 ce jour compte \u00ab\u00a0plus de 150 agents dont la plupart sont des journalistes et des correspondants\u00a0\u00bb.\u00a0<\/p>\n<p>Apr\u00e8s l\u2019accession du pays \u00e0 l\u2019ind\u00e9pendance, l\u2019Assembl\u00e9e nationale ivoirienne a adopt\u00e9 le 2 juin 1961 une loi portant organisation et statut de l\u2019Agence ivoirienne de presse (AIP), le premier m\u00e9dia d\u2019Etat cr\u00e9e par la C\u00f4te d\u2019Ivoire ind\u00e9pendante. \u00a0<\/p>\n<\/div>\n<p>Auteur: APA News<br \/>\n<a href=\"https:\/\/www.journalducameroun.com\/lagence-ivoirienne-de-presse-celebre-ses-60-ans-les-2-et-3-juin-2021\/\">Cliquez ici pour lire l&rsquo;article depuis sa source.<\/a><\/p>\n","protected":false},"excerpt":{"rendered":"<p>Publi\u00e9 le 18.05.2021 \u00e0 17h18 par APA News L\u2019Agence ivoirienne de presse (AIP, publique) a lanc\u00e9 mardi la c\u00e9l\u00e9bration de son 60e anniversaire pr\u00e9vue les 2 et 3 juin 2021 et qui se d\u00e9roulera autour de th\u00e9matiques relatifs aux nouveaux outils de communication, aux infos et aux fake news. Les articulations des festivit\u00e9s du soixantenaire [&hellip;]<\/p>\n","protected":false},"author":1965,"featured_media":0,"comment_status":"closed","ping_status":"closed","sticky":false,"template":"","format":"standard","meta":{"fifu_image_url":"","fifu_image_alt":"","footnotes":""},"categories":[73,82],"tags":[],"class_list":["post-116994","post","type-post","status-publish","format-standard","hentry","category-actualite","category-cameroun"],"_links":{"self":[{"href":"https:\/\/linitiative.ca\/International\/wp-json\/wp\/v2\/posts\/116994","targetHints":{"allow":["GET"]}}],"collection":[{"href":"https:\/\/linitiative.ca\/International\/wp-json\/wp\/v2\/posts"}],"about":[{"href":"https:\/\/linitiative.ca\/International\/wp-json\/wp\/v2\/types\/post"}],"author":[{"embeddable":true,"href":"https:\/\/linitiative.ca\/International\/wp-json\/wp\/v2\/users\/1965"}],"replies":[{"embeddable":true,"href":"https:\/\/linitiative.ca\/International\/wp-json\/wp\/v2\/comments?post=116994"}],"version-history":[{"count":0,"href":"https:\/\/linitiative.ca\/International\/wp-json\/wp\/v2\/posts\/116994\/revisions"}],"wp:attachment":[{"href":"https:\/\/linitiative.ca\/International\/wp-json\/wp\/v2\/media?parent=116994"}],"wp:term":[{"taxonomy":"category","embeddable":true,"href":"https:\/\/linitiative.ca\/International\/wp-json\/wp\/v2\/categories?post=116994"},{"taxonomy":"post_tag","embeddable":true,"href":"https:\/\/linitiative.ca\/International\/wp-json\/wp\/v2\/tags?post=116994"}],"curies":[{"name":"wp","href":"https:\/\/api.w.org\/{rel}","templated":true}]}}