{"id":116995,"date":"2021-05-18T13:21:31","date_gmt":"2021-05-18T17:21:31","guid":{"rendered":"https:\/\/linitiative.ca\/International\/cameroun-des-parlementaires-plaident-pour-lacceleration-de-la-decentralisation\/"},"modified":"2021-05-18T13:21:31","modified_gmt":"2021-05-18T17:21:31","slug":"cameroun-des-parlementaires-plaident-pour-lacceleration-de-la-decentralisation","status":"publish","type":"post","link":"https:\/\/linitiative.ca\/International\/cameroun-des-parlementaires-plaident-pour-lacceleration-de-la-decentralisation\/","title":{"rendered":"Cameroun : des parlementaires plaident pour l\u2019acc\u00e9l\u00e9ration de la d\u00e9centralisation"},"content":{"rendered":"<div readability=\"32\">\n<p>Publi\u00e9 le 18.05.2021 \u00e0 18h21 par Blaise Mombenga<\/p>\n<\/div>\n<div readability=\"70\">\n<h5 class=\"c9\">Membres du\u00a0<strong>R\u00e9seau des Parlementaires pour la D\u00e9centralisation et le D\u00e9veloppement Local (REPADDEL), ils ont organis\u00e9 ce mardi 18 mai, un atelier de validation de la Convection-cadre pour la mise en \u0153uvre du PAAD-Cameroun\/Parlement, au palais des congr\u00e8s de Yaound\u00e9.<\/strong><\/h5>\n<p class=\"c10\">Selon l\u2019honorable <strong>Nanga Mefant Berthe Epse Owono<\/strong>, pr\u00e9sidente du R\u00e9seau des Parlementaires pour la D\u00e9centralisation et le D\u00e9veloppement Local, cet atelier de Yaound\u00e9, avait pour objectif : \u00ab\u00a0<em>de valider les documents du programme d\u2019appui \u00e0 la D\u00e9centralisation \u00a0au Cameroun et d\u2019examiner les documents qui ont \u00e9t\u00e9 pr\u00e9par\u00e9s avec les participants qui sont venus dans toute la R\u00e9publique\u00a0<\/em>\u00bb.<\/p>\n<p class=\"c10\">Apr\u00e8s l\u2019examen de ce programme d\u2019appui \u00e0 la D\u00e9centralisation, \u00ab\u00a0<em>le dossier sera soumis \u00e0 la hi\u00e9rarchie parlementaire pour la validation finale\u00a0<\/em>\u00bb.\u00a0 a pr\u00e9cis\u00e9 l\u2019honorable\u00a0Nanga Mefant Berthe Epse Owono pr\u00e9sidente du\u00a0<strong>REPADDEL<\/strong>.<\/p>\n<p class=\"c10\">Le s\u00e9nateur <strong>Etam\u00e9 Masoma<\/strong>, a dans son allocution, salu\u00e9 l\u2019initiative qui est n\u00e9e du chef de l\u2019\u00c9tat Paul Biya et qui met les acteurs politiques au centre du processus de la D\u00e9centralisation. L\u2019ancien gouverneur du Littoral a encourag\u00e9 le REPADDEL non sans\u00a0 appel\u00e9 les participants\u00a0 \u00e0 susciter le d\u00e9sir d\u2019adh\u00e9sion de tous dans ce programme de la d\u00e9centralisation.<\/p>\n<p class=\"c12\">Parmi les participants \u00e0 cet l\u2019atelier, l\u2019on retrouvait des personnalit\u00e9s politiques du pays notamment les d\u00e9put\u00e9s, les s\u00e9nateurs, les maires des communes et de ville, les acteurs de la soci\u00e9t\u00e9 civile et les partenaires bilat\u00e9raux et multilat\u00e9raux notamment, la R\u00e9publique F\u00e9d\u00e9rale d\u2019Allemagne \u00e0 travers la GIZ et son Ambassadeur, le Royaume de la Belgique via son Ambassadeur, la R\u00e9publique de Cor\u00e9e pr\u00e9sente par son Ambassadeur, le Royaume Uni de Grande Bretagne par son Haut-Commissariat , ainsi que le Programme des nations Unies pour le D\u00e9veloppement.<\/p>\n<p class=\"c10\">Pour rappel, le Programme parlementaire d\u2019Accompagnement et d\u2019Appui \u00e0 la D\u00e9centralisation au Cameroun, a pour objectif de contribuer au renforcement de l\u2019autonomisation administrative et financi\u00e8re des collectivit\u00e9s Territoriales D\u00e9centralis\u00e9es.<\/p>\n<\/div>\n<p>Auteur: Christian DJIMADEU<br \/>\n<a href=\"https:\/\/www.journalducameroun.com\/cameroun-des-parlementaires-plaident-pour-lacceleration-de-la-decentralisation\/\">Cliquez ici pour lire l&rsquo;article depuis sa source.<\/a><\/p>\n","protected":false},"excerpt":{"rendered":"<p>Publi\u00e9 le 18.05.2021 \u00e0 18h21 par Blaise Mombenga Membres du\u00a0R\u00e9seau des Parlementaires pour la D\u00e9centralisation et le D\u00e9veloppement Local (REPADDEL), ils ont organis\u00e9 ce mardi 18 mai, un atelier de validation de la Convection-cadre pour la mise en \u0153uvre du PAAD-Cameroun\/Parlement, au palais des congr\u00e8s de Yaound\u00e9. Selon l\u2019honorable Nanga Mefant Berthe Epse Owono, pr\u00e9sidente [&hellip;]<\/p>\n","protected":false},"author":1965,"featured_media":0,"comment_status":"closed","ping_status":"closed","sticky":false,"template":"","format":"standard","meta":{"fifu_image_url":"","fifu_image_alt":"","footnotes":""},"categories":[73,82],"tags":[],"class_list":["post-116995","post","type-post","status-publish","format-standard","hentry","category-actualite","category-cameroun"],"_links":{"self":[{"href":"https:\/\/linitiative.ca\/International\/wp-json\/wp\/v2\/posts\/116995","targetHints":{"allow":["GET"]}}],"collection":[{"href":"https:\/\/linitiative.ca\/International\/wp-json\/wp\/v2\/posts"}],"about":[{"href":"https:\/\/linitiative.ca\/International\/wp-json\/wp\/v2\/types\/post"}],"author":[{"embeddable":true,"href":"https:\/\/linitiative.ca\/International\/wp-json\/wp\/v2\/users\/1965"}],"replies":[{"embeddable":true,"href":"https:\/\/linitiative.ca\/International\/wp-json\/wp\/v2\/comments?post=116995"}],"version-history":[{"count":0,"href":"https:\/\/linitiative.ca\/International\/wp-json\/wp\/v2\/posts\/116995\/revisions"}],"wp:attachment":[{"href":"https:\/\/linitiative.ca\/International\/wp-json\/wp\/v2\/media?parent=116995"}],"wp:term":[{"taxonomy":"category","embeddable":true,"href":"https:\/\/linitiative.ca\/International\/wp-json\/wp\/v2\/categories?post=116995"},{"taxonomy":"post_tag","embeddable":true,"href":"https:\/\/linitiative.ca\/International\/wp-json\/wp\/v2\/tags?post=116995"}],"curies":[{"name":"wp","href":"https:\/\/api.w.org\/{rel}","templated":true}]}}