{"id":116996,"date":"2021-05-18T17:18:02","date_gmt":"2021-05-18T21:18:02","guid":{"rendered":"https:\/\/linitiative.ca\/International\/le-maroc-rappelle-son-ambassadeur-a-madrid-pour-consultations-sur-fond-de-tensions-entre-les-deux-pays\/"},"modified":"2021-05-18T17:18:02","modified_gmt":"2021-05-18T21:18:02","slug":"le-maroc-rappelle-son-ambassadeur-a-madrid-pour-consultations-sur-fond-de-tensions-entre-les-deux-pays","status":"publish","type":"post","link":"https:\/\/linitiative.ca\/International\/le-maroc-rappelle-son-ambassadeur-a-madrid-pour-consultations-sur-fond-de-tensions-entre-les-deux-pays\/","title":{"rendered":"Le Maroc rappelle son ambassadeur \u00e0 Madrid pour consultations sur fond de tensions entre les deux pays"},"content":{"rendered":"<div readability=\"32\">\n<p>Publi\u00e9 le 18.05.2021 \u00e0 22h18 par APA News<\/p>\n<\/div>\n<div readability=\"95\">\n<p>Le Maroc a d\u00e9cid\u00e9, ce mardi, de rappeler son ambassadeur en Espagne, Mme Karima Benyaich, pour consultations, a appris APA de source diplomatique s\u00fbre.Cette mesure diplomatique intervient dans un contexte tendu entre Rabat et Madrid apr\u00e8s l\u2019accueil par l\u2019Espagne, sur son territoire et sous une fausse identit\u00e9, du chef du front polisario, de Brahim Ghali, poursuivi pour crimes de guerres s\u00e9rieux et des atteintes graves aux droits de l\u2019Homme.<\/p>\n<p>Dans un communiqu\u00e9, dat\u00e9 du 25 avril dernier, le minist\u00e8re marocain des Affaires \u00e9trang\u00e8res, avait exprim\u00e9 \u00ab sa d\u00e9ception \u00e0 l\u2019\u00e9gard de cet acte contraire \u00e0 l\u2019esprit de partenariat et de bon voisinage, et qui concerne une question fondamentale pour le peuple marocain et ses forces vives \u00bb.<\/p>\n<p>En date du 8 mai courant, un autre communiqu\u00e9 du MAE a indiqu\u00e9 que \u00ab depuis que l\u2019Espagne a re\u00e7u sur son territoire le chef des milices du \u00ab\u00a0polisario\u00a0\u00bb, accus\u00e9 de crimes de guerre et de violations flagrantes des droits de l\u2019Homme, les responsables espagnols ont multipli\u00e9 les d\u00e9clarations tentant de justifier cet acte grave et contraire \u00e0 l\u2019esprit de partenariat et de bon voisinage \u00bb.<\/p>\n<p>Dans un entretien \u00e0 l\u2019agence Europa Press, l\u2019ambassadrice du Maroc en Espagne, Karima Benyaich, assure que dans les relations entre pays, il y a des actes qui ont des cons\u00e9quences, et \u00ab il faut les assumer \u00bb.<\/p>\n<p>Selon la diplomate marocaine, il existe \u00ab des attitudes qui ne peuvent \u00eatre accept\u00e9es \u00bb, en r\u00e9f\u00e9rence \u00e0 la d\u00e9cision du gouvernement de Pedro S\u00e1nchez d\u2019accueillir le chef du Polisario Brahim Ghali pour y recevoir des soins.<\/p>\n<p>Depuis la matin\u00e9e du lundi 17 mai, plus de 6000 migrants sont entr\u00e9s \u00e0 la nage ou \u00e0 pied dans le pr\u00e9side occup\u00e9 de Sebta, et les autorit\u00e9s espagnoles ont d\u2019ores et d\u00e9j\u00e0 annonc\u00e9 avoir expuls\u00e9 2700 d\u2019entre eux.<\/p>\n<p>Dans le m\u00eame temps, dans la nuit de lundi \u00e0 mardi, 86 migrants, sur un total de plus de 300, ont p\u00e9n\u00e9tr\u00e9 dans l\u2019enclave occup\u00e9e de Melilla, situ\u00e9e \u00e0 400 kilom\u00e8tres \u00e0 l\u2019est.<\/p>\n<p>Des voix espagnoles commencent \u00e0 pointer du doigt le Maroc, en laissant entendre que les autorit\u00e9s marocaines ont \u00e9t\u00e9 indiff\u00e9rentes aux tentatives des migrants de rejoindre la ville occup\u00e9e de Sebta.<\/p>\n<\/div>\n<p>Auteur: APA News<br \/>\n<a href=\"https:\/\/www.journalducameroun.com\/le-maroc-rappelle-son-ambassadeur-a-madrid-pour-consultations-sur-fond-de-tensions-entre-les-deux-pays\/\">Cliquez ici pour lire l&rsquo;article depuis sa source.<\/a><\/p>\n","protected":false},"excerpt":{"rendered":"<p>Publi\u00e9 le 18.05.2021 \u00e0 22h18 par APA News Le Maroc a d\u00e9cid\u00e9, ce mardi, de rappeler son ambassadeur en Espagne, Mme Karima Benyaich, pour consultations, a appris APA de source diplomatique s\u00fbre.Cette mesure diplomatique intervient dans un contexte tendu entre Rabat et Madrid apr\u00e8s l\u2019accueil par l\u2019Espagne, sur son territoire et sous une fausse identit\u00e9, [&hellip;]<\/p>\n","protected":false},"author":1965,"featured_media":0,"comment_status":"closed","ping_status":"closed","sticky":false,"template":"","format":"standard","meta":{"fifu_image_url":"","fifu_image_alt":"","footnotes":""},"categories":[73,82],"tags":[],"class_list":["post-116996","post","type-post","status-publish","format-standard","hentry","category-actualite","category-cameroun"],"_links":{"self":[{"href":"https:\/\/linitiative.ca\/International\/wp-json\/wp\/v2\/posts\/116996","targetHints":{"allow":["GET"]}}],"collection":[{"href":"https:\/\/linitiative.ca\/International\/wp-json\/wp\/v2\/posts"}],"about":[{"href":"https:\/\/linitiative.ca\/International\/wp-json\/wp\/v2\/types\/post"}],"author":[{"embeddable":true,"href":"https:\/\/linitiative.ca\/International\/wp-json\/wp\/v2\/users\/1965"}],"replies":[{"embeddable":true,"href":"https:\/\/linitiative.ca\/International\/wp-json\/wp\/v2\/comments?post=116996"}],"version-history":[{"count":0,"href":"https:\/\/linitiative.ca\/International\/wp-json\/wp\/v2\/posts\/116996\/revisions"}],"wp:attachment":[{"href":"https:\/\/linitiative.ca\/International\/wp-json\/wp\/v2\/media?parent=116996"}],"wp:term":[{"taxonomy":"category","embeddable":true,"href":"https:\/\/linitiative.ca\/International\/wp-json\/wp\/v2\/categories?post=116996"},{"taxonomy":"post_tag","embeddable":true,"href":"https:\/\/linitiative.ca\/International\/wp-json\/wp\/v2\/tags?post=116996"}],"curies":[{"name":"wp","href":"https:\/\/api.w.org\/{rel}","templated":true}]}}