{"id":116997,"date":"2021-05-18T08:14:24","date_gmt":"2021-05-18T12:14:24","guid":{"rendered":"https:\/\/linitiative.ca\/International\/zones-industrielles-la-magzi-impuissante-face-aux-occupants-illegaux-de-nsam-et-mvan\/"},"modified":"2021-05-18T08:14:24","modified_gmt":"2021-05-18T12:14:24","slug":"zones-industrielles-la-magzi-impuissante-face-aux-occupants-illegaux-de-nsam-et-mvan","status":"publish","type":"post","link":"https:\/\/linitiative.ca\/International\/zones-industrielles-la-magzi-impuissante-face-aux-occupants-illegaux-de-nsam-et-mvan\/","title":{"rendered":"Zones industrielles : la Magzi impuissante face aux occupants ill\u00e9gaux de Nsam et Mvan"},"content":{"rendered":"<p>Christol Georges Manon, le Directeur g\u00e9n\u00e9ral de la Magzi d\u00e9nonce vivement l\u2019occupation irr\u00e9guli\u00e8re de la zone, la modification de sa superficie, le refus de lib\u00e9rer, la vente ill\u00e9gale de terrains dans la zone, et l\u2019\u00e9tablissement de nouveaux titres fonciers. La zone industrielle Ziyas enregistre 124 clients Magzi install\u00e9s en son sein, pour un taux de viabilisation de 40%. Multisectorielle sa nomenclature pr\u00e9sente les essences (bois), les magasins (stockage), l\u2019industrie pharmaceutique, le profilage de t\u00f4les, les services (transports, commerce), l\u2019agroalimentaire, et l\u2019industrie p\u00e9troli\u00e8re. Les occupants ill\u00e9gaux de la Ziyas mise en service en 1983 freinent en effet le processus de viabilisation de la zone par la Magzi qui envisage rapidement combler le gap de viabilisation estim\u00e9 \u00e0 un taux de 60%.<\/p>\n<p><strong>Lire aussi<\/strong> : <strong><a href=\"https:\/\/ecomatin.net\/magzi-le-poids-des-zones-industrielles-dans-leconomie\/\">Magzi : le poids des zones industrielles dans l\u2019\u00e9conomie<\/a><\/strong><\/p>\n<p>D\u2019apr\u00e8s le Directeur g\u00e9n\u00e9ral de la Magzi, les autorit\u00e9s administratives comp\u00e9tentes habilit\u00e9es \u00e0 proc\u00e9der au d\u00e9guerpissement de ces occupants ill\u00e9gaux tardent \u00e0 s\u2019ex\u00e9cuter. Ce, malgr\u00e9 les interpellations de la Magzi. Le D\u00e9cret n\u00b085\/1714 en date du 9 d\u00e9cembre 1985 incorpore les parcelles de terrains Nsam et Mvan dans le domaine priv\u00e9 de l\u2019\u00c9tat, en vue de la r\u00e9alisation des travaux d\u2019extension de la zone industrielle de Yaound\u00e9-Sud. Un autre D\u00e9cret n\u00b085\/1791\/ du 27 d\u00e9cembre 1985 porte indemnisation des personnes victimes de destruction de biens ou de perte de droit. L\u2019Etat mettra par la suite ces terrains \u00e0 la disposition de la Magzi, avec pour objectif, la r\u00e9alisation des lotissements industriels. Cette derni\u00e8re proc\u00e9dera \u00e0 leur immatriculation consacr\u00e9e par les titres fonciers n\u00b028084 et 28085 dat\u00e9s du 28 janvier 2000.<\/p>\n<p><strong>Tribunaux<\/strong><\/p>\n<p>Malgr\u00e9 cet arsenal juridique en faveur de la Magzi, nous apprendrons de sources autoris\u00e9es qu\u2019en plus du refus de lib\u00e9rer, les ex-propri\u00e9taires dont le montant total des indemnisations se fixe \u00e0 1,4 milliards de FCFA, proc\u00e8dent \u00e0 de ventes de parcelles \u00e0 des tiers. Ce, sur la base de titres fonciers conserv\u00e9s ill\u00e9galement. Les m\u00eames sources font \u00e9tat de ce que de nouveaux titres fonciers ont \u00e9t\u00e9 \u00e9tablis et attribu\u00e9s \u00e0 des familles pourtant expropri\u00e9es conform\u00e9ment aux d\u00e9crets de 1985. Des collectivit\u00e9s territoriales d\u00e9centralis\u00e9es ont par ailleurs occup\u00e9, de fait, plusieurs hectares de la Ziyas. Depuis le D\u00e9cret n\u00b02019\/205 du 24 avril 2019 la Magzi est dot\u00e9e d\u2019un statut institutionnel \u00e0 capital public. Fort de ces pr\u00e9rogatives, Georges Christol Manon menace et \u00e9vacue toute faiblesse de la Magzi \u00e0 r\u00e9agir fermement contre les occupants de la Ziyas. Il envisage \u00e0 tout moment \u00abmettre en \u0153uvre les directives re\u00e7ues du gouvernement, mais \u00e9galement les d\u00e9cisions obtenues des tribunaux ordonnant leur d\u00e9guerpissement tant de corps que de biens des occupants ill\u00e9gaux\u00bb.<\/p>\n<p><strong>Lire aussi<\/strong> : <strong><a href=\"https:\/\/ecomatin.net\/77-milliards-de-fcfa-pour-la-magzi-en-2021\/\">7,7 milliards de Fcfa pour la Magzi en 2021<\/a><\/strong><\/p>\n<p>En 2017, les entreprises install\u00e9es dans les zones industrielles de Bonaberi, Bassa et Yaound\u00e9-Sud ont r\u00e9alis\u00e9 un chiffre d\u2019affaires de pr\u00e8s de 306,5 milliards de FCFA. Par ailleurs, les entreprises sous zones Magzi employaient plus de 13.277 personnes en 2017, pour une masse salariale de 16.326 milliards de FCFA. Une main-d\u2019\u0153uvre qui repr\u00e9sente 4,3 % de la main d\u2019\u0153uvre nationale formelle estim\u00e9e \u00e0 305.357 actifs. Sur le plan financier, ces entreprises ont contribu\u00e9 pour pr\u00e8s de 503,5 milliards de FCFA aux recettes internes en 2017, et repr\u00e9sentent 10,9 % de l\u2019ensemble des ressources de l\u2019Etat. Le taux de croissance des imp\u00f4ts et taxes pay\u00e9s par les entreprises est pass\u00e9 de 6,2 % en 2015 \u00e0 19,5 % en 2017, avec des exportations \u00e9valu\u00e9es \u00e0 55,5 milliards de FCFA.<\/p>\n<p>Pour 2021, le budget pr\u00e9visionnel de la Magzi s\u2019\u00e9l\u00e8ve \u00e0 7,7 milliards de FCFA. L\u2019institution dispose actuellement de 10 zones industrielles d\u2019une superficie totale de 1292 hectares, r\u00e9parties dans huit r\u00e9gions du Cameroun. Il s\u2019agit notamment des zones industrielles de Ngaound\u00e9r\u00e9 (109 ha), Yaound\u00e9-Sud (316 ha) Douala-Bonaberi (192 ha), Douala-Bassa (147ha), Garoua Djamboutou (90 ha), Bafoussam-Bamengou (24 ha), Bafoussam-Tchitap (3ha), Bamenda-Nkwen (43 ha) et Omb\u00e9 dans le Sud-Ouest (133ha).<\/p>\n<p><strong>Lire aussi<\/strong> : <strong><a href=\"https:\/\/ecomatin.net\/la-magzi-veut-dresser-la-cartographie-des-zones-industrielles\/\">La Magzi veut dresser la cartographie des zones industrielles<\/a><\/strong><\/p>\n<p>Auteur: Georges Semey<br \/>\n<a href=\"https:\/\/ecomatin.net\/zones-industrielles-la-magzi-impuissante-face-aux-occupants-illegaux-de-nsam-et-mvan\/\">Cliquez ici pour lire l&rsquo;article depuis sa source.<\/a><\/p>\n","protected":false},"excerpt":{"rendered":"<p>Christol Georges Manon, le Directeur g\u00e9n\u00e9ral de la Magzi d\u00e9nonce vivement l\u2019occupation irr\u00e9guli\u00e8re de la zone, la modification de sa superficie, le refus de lib\u00e9rer, la vente ill\u00e9gale de terrains dans la zone, et l\u2019\u00e9tablissement de nouveaux titres fonciers. La zone industrielle Ziyas enregistre 124 clients Magzi install\u00e9s en son sein, pour un taux de [&hellip;]<\/p>\n","protected":false},"author":1969,"featured_media":0,"comment_status":"closed","ping_status":"closed","sticky":false,"template":"","format":"standard","meta":{"fifu_image_url":"","fifu_image_alt":"","footnotes":""},"categories":[82,78],"tags":[],"class_list":["post-116997","post","type-post","status-publish","format-standard","hentry","category-cameroun","category-economie"],"_links":{"self":[{"href":"https:\/\/linitiative.ca\/International\/wp-json\/wp\/v2\/posts\/116997","targetHints":{"allow":["GET"]}}],"collection":[{"href":"https:\/\/linitiative.ca\/International\/wp-json\/wp\/v2\/posts"}],"about":[{"href":"https:\/\/linitiative.ca\/International\/wp-json\/wp\/v2\/types\/post"}],"author":[{"embeddable":true,"href":"https:\/\/linitiative.ca\/International\/wp-json\/wp\/v2\/users\/1969"}],"replies":[{"embeddable":true,"href":"https:\/\/linitiative.ca\/International\/wp-json\/wp\/v2\/comments?post=116997"}],"version-history":[{"count":0,"href":"https:\/\/linitiative.ca\/International\/wp-json\/wp\/v2\/posts\/116997\/revisions"}],"wp:attachment":[{"href":"https:\/\/linitiative.ca\/International\/wp-json\/wp\/v2\/media?parent=116997"}],"wp:term":[{"taxonomy":"category","embeddable":true,"href":"https:\/\/linitiative.ca\/International\/wp-json\/wp\/v2\/categories?post=116997"},{"taxonomy":"post_tag","embeddable":true,"href":"https:\/\/linitiative.ca\/International\/wp-json\/wp\/v2\/tags?post=116997"}],"curies":[{"name":"wp","href":"https:\/\/api.w.org\/{rel}","templated":true}]}}