{"id":117004,"date":"2021-05-19T11:00:03","date_gmt":"2021-05-19T15:00:03","guid":{"rendered":"https:\/\/linitiative.ca\/International\/pour-son-bicentenaire-la-legation-americaine-a-tanger-celebre-lamitie-maroc-usa\/"},"modified":"2021-05-19T11:00:03","modified_gmt":"2021-05-19T15:00:03","slug":"pour-son-bicentenaire-la-legation-americaine-a-tanger-celebre-lamitie-maroc-usa","status":"publish","type":"post","link":"https:\/\/linitiative.ca\/International\/pour-son-bicentenaire-la-legation-americaine-a-tanger-celebre-lamitie-maroc-usa\/","title":{"rendered":"Pour son bicentenaire, la L\u00e9gation am\u00e9ricaine  \u00e0 Tanger c\u00e9l\u00e8bre l\u2019amiti\u00e9 Maroc-USA"},"content":{"rendered":"<figure class=\"post-thumbnail\" itemprop=\"associatedMedia\" itemscope=\"itemscope\" itemtype=\"http:\/\/schema.org\/ImageObject\"><img decoding=\"async\" class=\"post_layout_5_img\" src=\"http:\/\/aujourdhui.ma\/wp-content\/uploads\/2021\/05\/Pour-son-bicentenaire-la-Legation-americaine-a-Tanger-celebre-lamitie-Maroc-USA.jpg\" alt=\"Pour son bicentenaire, la L\u00e9gation am\u00e9ricaine \u00e0 Tanger c\u00e9l\u00e8bre l\u2019amiti\u00e9 Maroc-USA\"\/><\/figure>\n<p><span class=\"c7\"><strong>T\u00e9moin des plus importants \u00e9v\u00e9nements dans l\u2019histoire am\u00e9ricaine, marocaine et mondiale<\/strong><\/span><span id=\"more-376776\"\/><\/p>\n<p>Consid\u00e9r\u00e9e comme la plus ancienne propri\u00e9t\u00e9 diplomatique am\u00e9ricaine au monde, la L\u00e9gation am\u00e9ricaine \u00e0 Tanger a f\u00eat\u00e9, lundi 17 mai, ses 200 ans en grande pompe avec une pr\u00e9sentation des couleurs par les Marines de l\u2019ambassade des Etats-Unis au Maroc. Cet \u00e9v\u00e9nement a \u00e9t\u00e9 l\u2019occasion pour mettre en avant le r\u00f4le diplomatique historique de ce b\u00e2timent qui est consid\u00e9r\u00e9 comme t\u00e9moin des relations d\u2019amiti\u00e9 s\u00e9culaire entre le Maroc et les USA et du pass\u00e9 glorieux de la ville du d\u00e9troit. Joyau architectural avec un m\u00e9lange de styles occidentaux et mauresques, \u00abla L\u00e9gation am\u00e9ricaine est un v\u00e9ritable symbole d\u2019amiti\u00e9 entre les deux pays\u00bb, a affirm\u00e9 David Greene, charg\u00e9 d\u2019affaires de l\u2019ambassade des Etats-Unis au Maroc.<\/p>\n<p>Le diplomate am\u00e9ricain a tenu \u00e0 rappeler que ce b\u00e2timent fut offert, en 1821, par le Sultan marocain Moulay Sliman au gouvernement am\u00e9ricain. Au cours de cette ann\u00e9e, \u00able consul am\u00e9ricain John Mullowny a emm\u00e9nag\u00e9 dans ce b\u00e2timent et la L\u00e9gation devenait une mission diplomatique officielle\u00bb, a-t-il fait savoir. Pour c\u00e9l\u00e9brer ce bicentenaire comme il se doit, une s\u00e9rie d\u2019activit\u00e9s est programm\u00e9e marquant l\u2019histoire et le d\u00e9veloppement des relations d\u2019amiti\u00e9 de coop\u00e9ration Maroc-USA. Parmi lesquelles il y a lieu de citer une exposition mus\u00e9ale itin\u00e9rante, pr\u00e9vue du 10 juin jusqu\u2019\u00e0 fin septembre \u00e0 la Biblioth\u00e8que nationale \u00e0 Rabat (avant de se d\u00e9placer \u00e0 Casablanca). \u00abCes activit\u00e9s permettront aux Marocains de d\u00e9couvrir davantage les relations, l\u2019histoire, les valeurs et les int\u00e9r\u00eats communs des deux pays\u00bb, a soulign\u00e9 M. Greene. Intervenant \u00e0 cette occasion, Nadia El Hnot, directrice de la coop\u00e9ration et de l\u2019action culturelle relevant du minist\u00e8re des affaires \u00e9trang\u00e8res, a fait part que cette comm\u00e9moration marque l\u2019importance des relations d\u2019amiti\u00e9 et de coop\u00e9ration entre les deux pays et qui ont \u00e9t\u00e9 couronn\u00e9es derni\u00e8rement par la reconnaissance des Etats-Unis de la marocanit\u00e9 du Sahara.<\/p>\n<p>Elle a fait part que ces relations bilat\u00e9rales englobent les domaines politique, \u00e9conomique, s\u00e9curitaire, culturel, acad\u00e9mique et \u00e9ducatif.Faisant partie des plus importants b\u00e2timents historiques intra muros de Tanger, la L\u00e9gation am\u00e9ricaine fut le t\u00e9moin des plus importants \u00e9v\u00e9nements dans l\u2019histoire am\u00e9ricaine, marocaine et mondiale, notamment la n\u00e9gociation du Trait\u00e9 de Cap Spartel, l\u2019une des premi\u00e8res conventions internationales sign\u00e9es par les Etats-Unis, ainsi que les accords avec le Maroc pour faciliter la navigation et le commerce. \u00abPendant la Seconde Guerre mondiale, la L\u00e9gation a servi de centre de planification pour les op\u00e9rations des alli\u00e9s en Afrique du Nord et a \u00e9galement \u00e9t\u00e9 utilis\u00e9e par le Bureau des services sp\u00e9ciaux des Etats-Unis pour le d\u00e9codage des correspondances nazies\u00bb, selon les organisateurs.<\/p>\n<p>Rebaptis\u00e9 Institut de la L\u00e9gation am\u00e9ricaine de Tanger pour les \u00e9tudes marocaines (Talim), ce b\u00e2timent abrite depuis les ann\u00e9es 1970 un mus\u00e9e, un centre culturel et une biblioth\u00e8que de recherche g\u00e9r\u00e9e par Talim.<\/p>\n<p>Auteur: Najat Fa\u00efssal<br \/>\n<a href=\"https:\/\/aujourdhui.ma\/politique\/pour-son-bicentenaire-la-legation-americaine-a-tanger-celebre-lamitie-maroc-usa\">Cliquez ici pour lire l&rsquo;article depuis sa source.<\/a><\/p>\n","protected":false},"excerpt":{"rendered":"<p>T\u00e9moin des plus importants \u00e9v\u00e9nements dans l\u2019histoire am\u00e9ricaine, marocaine et mondiale Consid\u00e9r\u00e9e comme la plus ancienne propri\u00e9t\u00e9 diplomatique am\u00e9ricaine au monde, la L\u00e9gation am\u00e9ricaine \u00e0 Tanger a f\u00eat\u00e9, lundi 17 mai, ses 200 ans en grande pompe avec une pr\u00e9sentation des couleurs par les Marines de l\u2019ambassade des Etats-Unis au Maroc. Cet \u00e9v\u00e9nement a \u00e9t\u00e9 [&hellip;]<\/p>\n","protected":false},"author":1759,"featured_media":0,"comment_status":"closed","ping_status":"closed","sticky":false,"template":"","format":"standard","meta":{"fifu_image_url":"http:\/\/aujourdhui.ma\/wp-content\/uploads\/2021\/05\/Pour-son-bicentenaire-la-Legation-americaine-a-Tanger-celebre-lamitie-Maroc-USA.jpg","fifu_image_alt":"Pour son bicentenaire, la L\u00e9gation am\u00e9ricaine  \u00e0 Tanger c\u00e9l\u00e8bre l\u2019amiti\u00e9 Maroc-USA","footnotes":""},"categories":[73,54],"tags":[],"class_list":["post-117004","post","type-post","status-publish","format-standard","hentry","category-actualite","category-maroc"],"_links":{"self":[{"href":"https:\/\/linitiative.ca\/International\/wp-json\/wp\/v2\/posts\/117004","targetHints":{"allow":["GET"]}}],"collection":[{"href":"https:\/\/linitiative.ca\/International\/wp-json\/wp\/v2\/posts"}],"about":[{"href":"https:\/\/linitiative.ca\/International\/wp-json\/wp\/v2\/types\/post"}],"author":[{"embeddable":true,"href":"https:\/\/linitiative.ca\/International\/wp-json\/wp\/v2\/users\/1759"}],"replies":[{"embeddable":true,"href":"https:\/\/linitiative.ca\/International\/wp-json\/wp\/v2\/comments?post=117004"}],"version-history":[{"count":0,"href":"https:\/\/linitiative.ca\/International\/wp-json\/wp\/v2\/posts\/117004\/revisions"}],"wp:attachment":[{"href":"https:\/\/linitiative.ca\/International\/wp-json\/wp\/v2\/media?parent=117004"}],"wp:term":[{"taxonomy":"category","embeddable":true,"href":"https:\/\/linitiative.ca\/International\/wp-json\/wp\/v2\/categories?post=117004"},{"taxonomy":"post_tag","embeddable":true,"href":"https:\/\/linitiative.ca\/International\/wp-json\/wp\/v2\/tags?post=117004"}],"curies":[{"name":"wp","href":"https:\/\/api.w.org\/{rel}","templated":true}]}}