{"id":117008,"date":"2021-05-18T14:00:00","date_gmt":"2021-05-18T18:00:00","guid":{"rendered":"https:\/\/linitiative.ca\/International\/necessite-dun-debat-national-serein-et-democratique\/"},"modified":"2021-05-18T14:00:00","modified_gmt":"2021-05-18T18:00:00","slug":"necessite-dun-debat-national-serein-et-democratique","status":"publish","type":"post","link":"https:\/\/linitiative.ca\/International\/necessite-dun-debat-national-serein-et-democratique\/","title":{"rendered":"N\u00e9cessit\u00e9 d\u2019un d\u00e9bat  national serein et d\u00e9mocratique."},"content":{"rendered":"<p class=\"has-text-align-center has-vivid-cyan-blue-color has-text-color\"><strong>En perspective des \u00e9ch\u00e9ances \u00e9lectorales\u00a0:<\/strong><\/p>\n<p class=\"has-text-align-right has-vivid-red-color has-text-color\"><strong>Par Abdeslam Seddiki.<\/strong><\/p>\n<p><strong>Apr\u00e8s la publication des d\u00e9crets fixant les dates des prochaines \u00e9lections,\u00a0 nous rentrons d\u00e9sormais dans la ligne droite qui nous m\u00e8ne vers la tenue de ces consultations nationales qui rev\u00eatent cette ann\u00e9e un caract\u00e8re in\u00e9dit. Et cela \u00e0 plus d\u2019un titre. D\u2019abord, de par le contexte dans lequel elles se d\u00e9roulent. Un contexte marqu\u00e9 par la pand\u00e9mie covid-19 avec ses cons\u00e9quences \u00e9conomiques, sociales voire psychologiques.Ce qui impactera forc\u00e9ment la prochaine campagne \u00e9lectorale sachant que des incertitudes planent toujours sur l\u2019issue de la pand\u00e9mie \u00e0 tel point que toutes les hypoth\u00e8ses sont envisageables en fonction de l\u2019efficacit\u00e9 des vaccins, de l\u2019\u00e9volution des diff\u00e9rents variants et du niveau de la relance \u00e9conomique.<\/strong><\/p>\n<p>Ensuite, c\u2019est pour la premi\u00e8re fois que les campagnes \u00e9lectorales pour les \u00a0locales, les \u00a0r\u00e9gionales et \u00a0les nationales se d\u00e9rouleront au cours de la m\u00eame p\u00e9riode. En effet,\u00a0\u00a0 les \u00e9lecteurs seront appel\u00e9s \u00e0 s\u2019exprimer le m\u00eame jour par deux bulletins s\u00e9par\u00e9s, \u00e0 d\u00e9poser dans deux urnes diff\u00e9rentes\u00a0: un premier bulletin est relatif aux consultations locales et r\u00e9gionales\u00a0; un deuxi\u00e8me bulletin est relatif au scrutin l\u00e9gislatif dans lequel il faut cocher la liste de la circonscription \u00e9lectorale et la liste r\u00e9gionale conduite par \u00a0\u00a0des femmes. Si ce syst\u00e8me nous permet de faire l\u2019\u00e9conomie du temps et des moyens, il faut reconnaitre, toutefois,\u00a0\u00a0 qu\u2019il\u00a0 pr\u00e9sente une complexit\u00e9 certaine\u00a0 \u00a0pour\u00a0 l\u2019\u00e9lecteur lambda.\u00a0 Quant \u00e0 l\u2019\u00e9lecteur averti, il se donne\u00a0 rarement la peine de se d\u00e9placer aux urnes. Et c\u2019est bien regrettable\u00a0! Ces difficult\u00e9s \u00ab\u00a0techniques\u00a0\u00bb \u00a0ne sont pas insurmontables. Elles n\u00e9cessitent \u00a0un effort p\u00e9dagogique d\u2019explication comme cela a \u00a0\u00e9t\u00e9 fait auparavant avec les diff\u00e9rents changements apport\u00e9s\u00a0 au mode de scrutin et au bulletin de vote : passage d\u2019un syst\u00e8me de couleurs \u00e0 un syst\u00e8me de sigles\u00a0; d\u2019un scrutin uninominal\u00a0 \u00e0 un scrutin de liste\u00a0; d\u2019un bulletin \u00e0 scrutin unique \u00e0 un bulletin \u00e0 scrutin double.<\/p>\n<p>Nonobstant ces changements techniques, les enjeux de ces consultations \u00e9lectorales sont essentiellement politiques. Il s\u2019agira pour notre pays de marquer un v\u00e9ritable tournant\u00a0 lui permettant de passer \u00e0 une \u00e9tape qualitativement sup\u00e9rieure dans son \u00e9dification\u00a0 d\u00e9mocratique.\u00a0 Cela d\u00e9pend de tous les acteurs en pr\u00e9sence et du comportement des citoyens en g\u00e9n\u00e9ral. La d\u00e9mocratie, faut-il le rappeler, est une affaire de tout un chacun\u00a0 et une responsabilit\u00e9 partag\u00e9e entre diff\u00e9rents intervenants. Ainsi, quand un candidat n\u2019observe pas les r\u00e8gles de jeu, il contribue \u00e0 polluer la d\u00e9mocratie. De m\u00eame,\u00a0 \u00a0quand un \u00e9lecteur proc\u00e8de \u00e0 la \u00ab\u00a0vente\u00a0\u00bb de sa voix,\u00a0 non seulement il contribue \u00e0 vider l\u2019acte \u00e9lectoral, qui est par essence\u00a0 un acte conscient et r\u00e9fl\u00e9chi,\u00a0 de son contenu, mais qui plus est, il se met en position de vassalisation en mettant son honneur et sa dignit\u00e9 en question.\u00a0 Et quand un parti politique exprime sa pr\u00e9f\u00e9rence pour \u00a0un candidat disposant d\u2019un compte bancaire garni \u00e0 un\u00a0 militant fut-il chevronn\u00e9, il porte atteinte \u00e0 la cr\u00e9dibilit\u00e9 des \u00e9lections en sacralisant l\u2019argent\u00a0 au d\u00e9triment des valeurs d\u00e9mocratiques et de la militance. \u00a0\u00a0Dans le m\u00eame sens, quand l\u2019administration et la justice se mettent dans une position de \u00ab\u00a0neutralit\u00e9 n\u00e9gative\u00a0\u00bb en laissant faire pourvu que \u00e7a \u00a0ne d\u00e9borde pas, elles cautionnent toutes ces pratiques malsaines qui ne font en d\u00e9finitive que d\u00e9cr\u00e9dibiliser\u00a0 davantage le politique.<\/p>\n<p>Sommes-nous dispos\u00e9s \u00e0 tourner cette page pour enfin r\u00e9habiliter le politique et donner \u00e0 l\u2019acte \u00e9lectoral du sens\u00a0? Ou allons-nous toujours reproduire les m\u00eames pratiques qui ne d\u00e9boucheront, dans le \u00ab\u00a0meilleur\u00a0\u00bb des cas que sur les m\u00eames r\u00e9sultats\u00a0? Bien s\u00fbr, toute personne\u00a0 sens\u00e9e ne pourra qu\u2019opter pour la premi\u00e8re hypoth\u00e8se. Celle\u00a0 qui s\u2019inscrit dans le droit fil des accumulations r\u00e9alis\u00e9es par notre pays depuis le lancement du processus d\u00e9mocratique dans le sillage de la Marche Verte r\u00e9tablissant ainsi un lien dialectique entre le parach\u00e8vement \u00a0de notre int\u00e9grit\u00e9 territoriale\u00a0 et la d\u00e9mocratisation de notre pays. C\u2019est cette dialectique \u00a0cr\u00e9atrice qu\u2019il convient aujourd\u2019hui de renforcer \u00ab\u00a0co\u00fbte que co\u00fbte\u00a0\u00bb.\u00a0 Les d\u00e9fis qu\u2019affronte notre pays, \u00a0\u00a0\u00e0 la fois internes et externes, \u00a0nous y obligent. SM Le Roi vient de donner \u00e0 l\u2019occasion de la c\u00e9l\u00e9bration de la f\u00eate de Aid Al Fitr, un signal fort en accordant \u00a0Sa Gr\u00e2ce \u00e0 un groupe de 17 d\u00e9tenus du Hirak du Rif.\u00a0 C\u2019est fait dans la perspective de cr\u00e9er un climat favorable au d\u00e9roulement des prochaines \u00e9lections, \u00a0de redonner confiance \u00a0aux citoyens, et d\u2019envoyer aux diff\u00e9rents observateurs qui scrutent le\u00a0 Maroc au quotidien, l\u2019image d\u2019un\u00a0 pays apais\u00e9\u00a0 qui sait parfaitement l\u00e0 o\u00f9 il va.\u00a0<\/p>\n<p>Il appartient d\u00e9sormais \u00e0 la classe politique et \u00e0 l\u2019ensemble des acteurs d\u2019\u00eatre\u00a0 \u00a0\u00e0 la hauteur de cette ambition. D\u2019o\u00f9 la n\u00e9cessit\u00e9 imp\u00e9rieuse d\u2019un d\u00e9bat national\u00a0 serein, d\u00e9complex\u00e9 et d\u00e9mocratique\u00a0 sur les\u00a0 enjeux du Maroc actuels et futurs tout en proc\u00e9dant \u00e0 un examen critique et sans concession du bilan gouvernemental. \u00a0Les partis politiques qui sont des acteurs de premier plan, sont appel\u00e9s s\u00e9rieusement \u00e0 assumer pleinement leurs responsabilit\u00e9s. A commencer, s\u2019il le faut, du moins pour certains, par proc\u00e9der \u00e0\u00a0 leur mea culpa.\u00a0 Point de d\u00e9mocratie sans d\u00e9mocrates. Pas de d\u00e9mocratie, non plus, \u00a0sans\u00a0 partis d\u00e9mocrates, des partis\u00a0 jouissant d\u2019une cr\u00e9dibilit\u00e9 \u00e0 toute \u00e9preuve,\u00a0 disposant d\u2019un programme traduisant effectivement leur identit\u00e9\u00a0 et rompant d\u00e9finitivement avec toutes formes d\u2019opportunisme, de d\u00e9magogie et de populisme.\u00a0 Les partis doivent se tenir \u00e0 une culture d\u00e9mocratique de d\u00e9bat sans recourir \u00e0 l\u2019invective, au d\u00e9nigrement et aux \u00ab\u00a0fake news\u00a0\u00bb.\u00a0 De leur c\u00f4t\u00e9, les m\u00e9dias nationaux, en premier lieu les m\u00e9dias publics, ont un r\u00f4le de premier plan \u00a0\u00e0 jouer \u00e0 cet \u00e9gard. Nous avons besoin, plus que jamais, \u00a0d\u2019une presse \u00a0professionnelle et r\u00e9ellement ind\u00e9pendante pour jouer effectivement son r\u00f4le de quatri\u00e8me pouvoir au lieu d\u2019\u00eatre un instrument de propagande \u00a0et une simple courroie de transmission au b\u00e9n\u00e9fice de \u00a0telle ou telle formation politique.<\/p>\n<p>En outre, le citoyen a besoin d\u2019une clarification du champ politique afin de parvenir \u00e0 faire la diff\u00e9rence entre la gauche et la droite, entre \u00a0le moderniste et le conservateur. \u00a0En revanche, ces m\u00eames partis doivent respecter leurs engagements\u00a0 \u00e9lectoraux\u00a0 tels qu\u2019ils sont d\u00e9finis dans \u00a0leurs programmes.\u00a0 Il faut \u00e9viter les amalgames et les\u00a0 \u00ab\u00a0copi\u00e9s coll\u00e9s\u00a0\u00bb qu\u2019on rel\u00e8ve dans des \u00a0\u00ab\u00a0programmes\u00a0\u00bb de certains partis politiques \u00e0 tel point que l\u2019\u00e9lecteur se perd dans cette jungle \u00e9lectorale\u00a0o\u00f9 les promesses mielleuses pleuvent de toutes parts.<\/p>\n<p>Auteur: M&rsquo;hammed rahal<br \/>\n<a href=\"http:\/\/albayane.press.ma\/necessite-dun-debat-national-serein-et-democratique.html\">Cliquez ici pour lire l&rsquo;article depuis sa source.<\/a><\/p>\n","protected":false},"excerpt":{"rendered":"<p>En perspective des \u00e9ch\u00e9ances \u00e9lectorales\u00a0: Par Abdeslam Seddiki. Apr\u00e8s la publication des d\u00e9crets fixant les dates des prochaines \u00e9lections,\u00a0 nous rentrons d\u00e9sormais dans la ligne droite qui nous m\u00e8ne vers la tenue de ces consultations nationales qui rev\u00eatent cette ann\u00e9e un caract\u00e8re in\u00e9dit. Et cela \u00e0 plus d\u2019un titre. D\u2019abord, de par le contexte dans [&hellip;]<\/p>\n","protected":false},"author":1760,"featured_media":0,"comment_status":"closed","ping_status":"closed","sticky":false,"template":"","format":"standard","meta":{"fifu_image_url":"","fifu_image_alt":"","footnotes":""},"categories":[73,54],"tags":[],"class_list":["post-117008","post","type-post","status-publish","format-standard","hentry","category-actualite","category-maroc"],"_links":{"self":[{"href":"https:\/\/linitiative.ca\/International\/wp-json\/wp\/v2\/posts\/117008","targetHints":{"allow":["GET"]}}],"collection":[{"href":"https:\/\/linitiative.ca\/International\/wp-json\/wp\/v2\/posts"}],"about":[{"href":"https:\/\/linitiative.ca\/International\/wp-json\/wp\/v2\/types\/post"}],"author":[{"embeddable":true,"href":"https:\/\/linitiative.ca\/International\/wp-json\/wp\/v2\/users\/1760"}],"replies":[{"embeddable":true,"href":"https:\/\/linitiative.ca\/International\/wp-json\/wp\/v2\/comments?post=117008"}],"version-history":[{"count":0,"href":"https:\/\/linitiative.ca\/International\/wp-json\/wp\/v2\/posts\/117008\/revisions"}],"wp:attachment":[{"href":"https:\/\/linitiative.ca\/International\/wp-json\/wp\/v2\/media?parent=117008"}],"wp:term":[{"taxonomy":"category","embeddable":true,"href":"https:\/\/linitiative.ca\/International\/wp-json\/wp\/v2\/categories?post=117008"},{"taxonomy":"post_tag","embeddable":true,"href":"https:\/\/linitiative.ca\/International\/wp-json\/wp\/v2\/tags?post=117008"}],"curies":[{"name":"wp","href":"https:\/\/api.w.org\/{rel}","templated":true}]}}