{"id":117011,"date":"2021-05-18T14:00:00","date_gmt":"2021-05-18T18:00:00","guid":{"rendered":"https:\/\/linitiative.ca\/International\/pas-de-repit-a-gaza-biden-accuse-de-manque-de-fermete-face-a-israel\/"},"modified":"2021-05-18T14:00:00","modified_gmt":"2021-05-18T18:00:00","slug":"pas-de-repit-a-gaza-biden-accuse-de-manque-de-fermete-face-a-israel","status":"publish","type":"post","link":"https:\/\/linitiative.ca\/International\/pas-de-repit-a-gaza-biden-accuse-de-manque-de-fermete-face-a-israel\/","title":{"rendered":"Pas de r\u00e9pit \u00e0 Gaza, Biden, accus\u00e9 de manque de fermet\u00e9 face \u00e0 Isra\u00ebl"},"content":{"rendered":"<p class=\"has-text-align-center\"><strong>L\u2019offensive diplomatique s\u2019intensifie<\/strong><\/p>\n<p class=\"has-text-align-left\"><strong>L\u2019offensive de la communaut\u00e9 internationale s\u2019intensifie mardi pour tenter de faire cesser les bombardements de l\u2019arm\u00e9e isra\u00e9lienne sur Gaza, sans signe d\u2019accalmie apr\u00e8s une semaine d\u2019escalade meurtri\u00e8re.<\/strong><\/p>\n<p class=\"has-text-align-left\">Depuis le d\u00e9but de ce nouveau cycle de violences de l\u2019Etat h\u00e9breu sur \u00a0Gaza le 10 mai, au moins 223 personnes, en grande majorit\u00e9 des Palestiniens, ont \u00e9t\u00e9 tu\u00e9es.<\/p>\n<p class=\"has-text-align-left\">Le Conseil de s\u00e9curit\u00e9 de l\u2019ONU doit se r\u00e9unir une quatri\u00e8me fois en urgence mardi, alors que les Etats-Unis refusent toujours l\u2019adoption d\u2019une d\u00e9claration appelant \u00e0 \u00ab\u00a0une cessation des violences\u00a0\u00bb.<br \/>Le pr\u00e9sident am\u00e9ricain Joe Biden, accus\u00e9 par son camp de manque de fermet\u00e9 face \u00e0 Isra\u00ebl, a exprim\u00e9 lundi son soutien \u00e0 un \u00ab\u00a0cessez-le-feu\u00a0\u00bb, lors d\u2019un nouvel entretien t\u00e9l\u00e9phonique avec le Premier ministre isra\u00e9lien Benjamin Netanyahu.<\/p>\n<p class=\"has-text-align-left\">Mais sur le terrain, les protagonistes restent sourds \u00e0 ces appels. \u00ab\u00a0Notre ligne est de continuer \u00e0 frapper les cibles terroristes\u00a0\u00bb, martelait lundi le leader sioniste, Benjamin Netanyahu.<\/p>\n<p class=\"has-text-align-left\">En matin\u00e9e, les raids se sont poursuivis sur l\u2019enclave palestinienne, apr\u00e8s une nouvelle nuit d\u2019intenses frappes \u00e0 Gaza, o\u00f9 les d\u00e9flagrations ont embras\u00e9 le ciel, ont constat\u00e9 des journalistes de l\u2019AFP.<br \/>Les bombardements de la veille avaient notamment touch\u00e9 les bureaux \u00e0 Gaza du Croissant-Rouge qatari ainsi que la seule clinique pratiquant des d\u00e9pistages du Covid dans l\u2019enclave min\u00e9e par la pauvret\u00e9 et sous blocus isra\u00e9lien depuis pr\u00e8s de 15 ans.<\/p>\n<p class=\"has-text-align-left\">L\u2019arm\u00e9e d\u2019occupation a recens\u00e9 90 tirs de roquettes \u00e0 partir de Gaza entre lundi soir et mardi matin en direction du territoire isra\u00e9lien, et attaqu\u00e9 \u00ab\u00a065 cibles terroristes\u00a0\u00bb dans cet \u00e9troit territoire de deux millions d\u2019habitants.<br \/>Depuis le 10 mai, 3.440 roquettes ont \u00e9t\u00e9 tir\u00e9es, intercept\u00e9es \u00e0 environ 90% par le syst\u00e8me de d\u00e9fense anti-a\u00e9rien isra\u00e9lien, selon cette source.<\/p>\n<p class=\"has-text-align-left\">\u00ab\u00a0Ils ont d\u00e9truit notre maison de deux \u00e9tages, je ne sais pas pourquoi ils nous ont cibl\u00e9! C\u2019\u00e9tait une nuit terrifiante et violente\u00a0\u00bb, a t\u00e9moign\u00e9 aupr\u00e8s de l\u2019AFP Nazmi al-Dahdouh 70 ans, un habitant de l\u2019ouest de la ville de Gaza.<br \/>Les missiles isra\u00e9liens ont laiss\u00e9 par endroits des crat\u00e8res dans la chauss\u00e9e et fortement endommag\u00e9 le r\u00e9seau \u00e9lectrique, plongeant de nouveau Gaza dans la quasi obscurit\u00e9.<\/p>\n<p class=\"has-text-align-left\">A la crise s\u00e9curitaire s\u2019ajoute le risque d\u2019une crise humanitaire, avec pr\u00e8s de 40.000 Palestiniens d\u00e9plac\u00e9s et 2.500 personnes qui ont perdu leur maison dans les bombardements.<br \/>L\u2019ONU a salu\u00e9 l\u2019ouverture annonc\u00e9e par Isra\u00ebl du point de passage de Kerem Shalom vers Gaza pour que l\u2019aide humanitaire puisse \u00eatre achemin\u00e9e. Les autorit\u00e9s isra\u00e9liennes n\u2019ont pas pr\u00e9cis\u00e9 dans l\u2019imm\u00e9diat quand il ouvrirait, ni pour combien de temps.<\/p>\n<p class=\"has-text-align-left\">Depuis le d\u00e9but des hostilit\u00e9s, le 10 mai, 213 Palestiniens ont \u00e9t\u00e9 tu\u00e9s \u00e0 Gaza dont au moins 61 enfants, et plus de 1.440 bless\u00e9s, selon un bilan palestinien.<br \/>C\u00f4t\u00e9 isra\u00e9lien, 10 personnes ont \u00e9t\u00e9 tu\u00e9es, dont un enfant, et 294 bless\u00e9es apr\u00e8s des tirs de roquettes.<br \/>Le mouvement islamiste Hamas, au pouvoir \u00e0 Gaza, a menac\u00e9 de tirer de nouvelles roquettes en direction de Tel-Aviv si l\u2019aviation isra\u00e9lienne ne cessait \u00ab\u00a0pas de cibler des civils\u00a0\u00bb, tandis que ses missiles se sont abattus par dizaines sur le sud d\u2019Isra\u00ebl.<\/p>\n<p class=\"has-text-align-left\">L\u2019arm\u00e9e dit avoir cibl\u00e9 ce qu\u2019elle appelle \u00ab\u00a0le m\u00e9tro\u00a0\u00bb, des tunnels souterrains qui permettent selon Isra\u00ebl au mouvement islamiste de faire circuler ses munitions ainsi que les maisons de commandants du Hamas, affirmant que certaines servaient \u00e0 \u00ab\u00a0stocker des armes\u00a0\u00bb.<\/p>\n<p class=\"has-text-align-left\">En Cisjordanie, territoire palestinien occup\u00e9 par Isra\u00ebl depuis 1967, le pr\u00e9sident Mahmoud Abbas a plaid\u00e9 devant l\u2019\u00e9missaire am\u00e9ricain Hady Amr pour une \u00ab\u00a0intervention\u00a0\u00bb de Washington.<\/p>\n<p class=\"has-text-align-left\">La porte-parole de la Maison Blanche Jen Psaki a d\u00e9fendu l\u2019approche diplomatique \u00ab\u00a0discr\u00e8te\u00a0\u00bb mais \u00ab\u00a0intensive\u00a0\u00bb de Washington sur ce dossier.<\/p>\n<p class=\"has-text-align-left\">Les pr\u00e9sidents fran\u00e7ais et \u00e9gyptien Emmanuel Macron et Abdel Fattah-Al-Sissi travaillent eux aussi \u00e0 une m\u00e9diation et se sont de nouveau entretenus mardi, avec en plus le roi Abdallah de Jordanie, selon l\u2019Elys\u00e9e. Un autre canal s\u2019est ouvert, via l\u2019ONU, aid\u00e9 du Qatar et de l\u2019Egypte.<\/p>\n<p class=\"has-text-align-left\">Bruxelles se penchera \u00e0 son tour sur le conflit, le plus meurtrier depuis l\u2019\u00e9t\u00e9 2014, lors d\u2019une visio-r\u00e9union d\u2019urgence des ministres europ\u00e9ens des Affaires \u00e9trang\u00e8res pr\u00e9vue mardi.<\/p>\n<p class=\"has-text-align-left\">Le conflit a \u00e9clat\u00e9 le 10 mai apr\u00e8s un barrage de roquettes du Hamas sur Isra\u00ebl en \u00ab\u00a0solidarit\u00e9\u00a0\u00bb avec les centaines de manifestants palestiniens bless\u00e9s dans des heurts avec la police isra\u00e9lienne sur l\u2019esplanade des Mosqu\u00e9es \u00e0 J\u00e9rusalem-Est. A l\u2019origine des violences, la menace d\u2019expulsion de familles palestiniennes au profit de colons isra\u00e9liens dans ce secteur palestinien occup\u00e9 par Isra\u00ebl depuis plus de 50 ans.<\/p>\n<p class=\"has-text-align-left\">Les hostilit\u00e9s se sont \u00e9tendues \u00e0 la Cisjordanie o\u00f9 21 Palestiniens ont \u00e9t\u00e9 tu\u00e9s en une semaine dans des affrontements avec l\u2019arm\u00e9e isra\u00e9lienne, dont un mardi \u00e0 H\u00e9bron, selon les autorit\u00e9s palestiniennes. L\u2019arm\u00e9e a parl\u00e9 d\u2019une tentative d\u2019attaque d\u00e9jou\u00e9e d\u2019un assaillant arm\u00e9.<\/p>\n<p class=\"has-text-align-left\">Apr\u00e8s un appel \u00e0 la gr\u00e8ve g\u00e9n\u00e9rale par le parti Fatah de Mahmoud Abbas, les commerces et les \u00e9coles de Ramallah et d\u2019autres localit\u00e9s de Cisjordanie sont rest\u00e9s ferm\u00e9s mardi. L\u2019appel a \u00e9t\u00e9 relay\u00e9 dans les villes occup\u00e9es par l\u2019entit\u00e9 sioniste, o\u00f9 les tensions entre les colons Juifs et les Arabes restent vives.<\/p>\n<p>Auteur: M&rsquo;hammed rahal<br \/>\n<a href=\"http:\/\/albayane.press.ma\/pas-de-repit-a-gaza-biden-accuse-de-manque-de-fermete-face-a-israel.html\">Cliquez ici pour lire l&rsquo;article depuis sa source.<\/a><\/p>\n","protected":false},"excerpt":{"rendered":"<p>L\u2019offensive diplomatique s\u2019intensifie L\u2019offensive de la communaut\u00e9 internationale s\u2019intensifie mardi pour tenter de faire cesser les bombardements de l\u2019arm\u00e9e isra\u00e9lienne sur Gaza, sans signe d\u2019accalmie apr\u00e8s une semaine d\u2019escalade meurtri\u00e8re. Depuis le d\u00e9but de ce nouveau cycle de violences de l\u2019Etat h\u00e9breu sur \u00a0Gaza le 10 mai, au moins 223 personnes, en grande majorit\u00e9 des [&hellip;]<\/p>\n","protected":false},"author":1760,"featured_media":0,"comment_status":"closed","ping_status":"closed","sticky":false,"template":"","format":"standard","meta":{"fifu_image_url":"","fifu_image_alt":"","footnotes":""},"categories":[73,54],"tags":[],"class_list":["post-117011","post","type-post","status-publish","format-standard","hentry","category-actualite","category-maroc"],"_links":{"self":[{"href":"https:\/\/linitiative.ca\/International\/wp-json\/wp\/v2\/posts\/117011","targetHints":{"allow":["GET"]}}],"collection":[{"href":"https:\/\/linitiative.ca\/International\/wp-json\/wp\/v2\/posts"}],"about":[{"href":"https:\/\/linitiative.ca\/International\/wp-json\/wp\/v2\/types\/post"}],"author":[{"embeddable":true,"href":"https:\/\/linitiative.ca\/International\/wp-json\/wp\/v2\/users\/1760"}],"replies":[{"embeddable":true,"href":"https:\/\/linitiative.ca\/International\/wp-json\/wp\/v2\/comments?post=117011"}],"version-history":[{"count":0,"href":"https:\/\/linitiative.ca\/International\/wp-json\/wp\/v2\/posts\/117011\/revisions"}],"wp:attachment":[{"href":"https:\/\/linitiative.ca\/International\/wp-json\/wp\/v2\/media?parent=117011"}],"wp:term":[{"taxonomy":"category","embeddable":true,"href":"https:\/\/linitiative.ca\/International\/wp-json\/wp\/v2\/categories?post=117011"},{"taxonomy":"post_tag","embeddable":true,"href":"https:\/\/linitiative.ca\/International\/wp-json\/wp\/v2\/tags?post=117011"}],"curies":[{"name":"wp","href":"https:\/\/api.w.org\/{rel}","templated":true}]}}