{"id":117015,"date":"2021-05-19T08:30:00","date_gmt":"2021-05-19T12:30:00","guid":{"rendered":"https:\/\/linitiative.ca\/International\/les-syndicats-independants-de-leducation-menacent-de-boycotter-les-examens-de-fin-dannee\/"},"modified":"2021-05-19T08:30:00","modified_gmt":"2021-05-19T12:30:00","slug":"les-syndicats-independants-de-leducation-menacent-de-boycotter-les-examens-de-fin-dannee","status":"publish","type":"post","link":"https:\/\/linitiative.ca\/International\/les-syndicats-independants-de-leducation-menacent-de-boycotter-les-examens-de-fin-dannee\/","title":{"rendered":"Les syndicats ind\u00e9pendants de l&rsquo;\u00e9ducation menacent de boycotter les examens de fin d\u2019ann\u00e9e"},"content":{"rendered":"<div id=\"originalText\" readability=\"54\">\n<p class=\"c6\">Les syndicats ind\u00e9pendants du secteur de l&rsquo;\u00e9ducation ont annonc\u00e9 dans un communiqu\u00e9, en date du 18 mai, le \u00ab boycott administratif de toutes les activit\u00e9s de fin d&rsquo;ann\u00e9e \u00bb, avec l&rsquo;organisation d&rsquo;un sit-in de protestation devant l&rsquo;annexe du minist\u00e8re de l&rsquo;Education, de \u00ab Ruisseau \u00bb, mercredi prochain, \u00e0 partir de 11h.<\/p>\n<p class=\"c6\">Le communiqu\u00e9 des syndicats ind\u00e9pendants a \u00e9galement annonc\u00e9 \u00ab la possibilit\u00e9 de boycotter les examens officiels de fin d&rsquo;ann\u00e9e \u00bb, dans le cas o\u00f9 le gouvernement ne prendra pas en charge les revendications socioprofessionnelles des travailleurs.<\/p>\n<p class=\"c6\">La position finale \u00e0 ce sujet \u00a0\u00bb sera d\u00e9termin\u00e9e lors de la prochaine r\u00e9union qui se tiendra apr\u00e8s le sit-in\u00a0\u00bb. Les syndicats ind\u00e9pendants ont appel\u00e9 le gouvernement, \u00e0 travers le m\u00eame communiqu\u00e9, \u00e0 \u00ab interagir positivement pour r\u00e9soudre la situation et prendre les mesures appropri\u00e9es pour r\u00e9pondre aux revendications soulev\u00e9es, afin de pr\u00e9server la stabilit\u00e9 du secteur \u00bb.<\/p>\n<p class=\"c7\"><strong>R\u00e9daction Web<\/strong><\/p>\n<\/div>\n<div id=\"text_core\" readability=\"54\">\n<p class=\"c6\">Les syndicats ind\u00e9pendants du secteur de l&rsquo;\u00e9ducation ont annonc\u00e9 dans un communiqu\u00e9, en date du 18 mai, le \u00ab boycott administratif de toutes les activit\u00e9s de fin d&rsquo;ann\u00e9e \u00bb, avec l&rsquo;organisation d&rsquo;un sit-in de protestation devant l&rsquo;annexe du minist\u00e8re de l&rsquo;Education, de \u00ab Ruisseau \u00bb, mercredi prochain, \u00e0 partir de 11h.<\/p>\n<p class=\"c6\">Le communiqu\u00e9 des syndicats ind\u00e9pendants a \u00e9galement annonc\u00e9 \u00ab la possibilit\u00e9 de boycotter les examens officiels de fin d&rsquo;ann\u00e9e \u00bb, dans le cas o\u00f9 le gouvernement ne prendra pas en charge les revendications socioprofessionnelles des travailleurs.<\/p>\n<p class=\"c6\">La position finale \u00e0 ce sujet \u00a0\u00bb sera d\u00e9termin\u00e9e lors de la prochaine r\u00e9union qui se tiendra apr\u00e8s le sit-in\u00a0\u00bb. Les syndicats ind\u00e9pendants ont appel\u00e9 le gouvernement, \u00e0 travers le m\u00eame communiqu\u00e9, \u00e0 \u00ab interagir positivement pour r\u00e9soudre la situation et prendre les mesures appropri\u00e9es pour r\u00e9pondre aux revendications soulev\u00e9es, afin de pr\u00e9server la stabilit\u00e9 du secteur \u00bb.<\/p>\n<p class=\"c7\"><strong>R\u00e9daction Web<\/strong><\/p>\n<\/div>\n<p>Auteur:<br \/>\n<a href=\"https:\/\/www.liberte-algerie.com\/actualite\/les-syndicats-independants-de-leducation-menacent-de-boycotter-les-examens-de-fin-dannee-359005\">Cliquez ici pour lire l&rsquo;article depuis sa source.<\/a><\/p>\n","protected":false},"excerpt":{"rendered":"<p>Les syndicats ind\u00e9pendants du secteur de l&rsquo;\u00e9ducation ont annonc\u00e9 dans un communiqu\u00e9, en date du 18 mai, le \u00ab boycott administratif de toutes les activit\u00e9s de fin d&rsquo;ann\u00e9e \u00bb, avec l&rsquo;organisation d&rsquo;un sit-in de protestation devant l&rsquo;annexe du minist\u00e8re de l&rsquo;Education, de \u00ab Ruisseau \u00bb, mercredi prochain, \u00e0 partir de 11h. Le communiqu\u00e9 des syndicats [&hellip;]<\/p>\n","protected":false},"author":1742,"featured_media":0,"comment_status":"closed","ping_status":"closed","sticky":false,"template":"","format":"standard","meta":{"fifu_image_url":"","fifu_image_alt":"","footnotes":""},"categories":[73,53],"tags":[],"class_list":["post-117015","post","type-post","status-publish","format-standard","hentry","category-actualite","category-algerie"],"_links":{"self":[{"href":"https:\/\/linitiative.ca\/International\/wp-json\/wp\/v2\/posts\/117015","targetHints":{"allow":["GET"]}}],"collection":[{"href":"https:\/\/linitiative.ca\/International\/wp-json\/wp\/v2\/posts"}],"about":[{"href":"https:\/\/linitiative.ca\/International\/wp-json\/wp\/v2\/types\/post"}],"author":[{"embeddable":true,"href":"https:\/\/linitiative.ca\/International\/wp-json\/wp\/v2\/users\/1742"}],"replies":[{"embeddable":true,"href":"https:\/\/linitiative.ca\/International\/wp-json\/wp\/v2\/comments?post=117015"}],"version-history":[{"count":0,"href":"https:\/\/linitiative.ca\/International\/wp-json\/wp\/v2\/posts\/117015\/revisions"}],"wp:attachment":[{"href":"https:\/\/linitiative.ca\/International\/wp-json\/wp\/v2\/media?parent=117015"}],"wp:term":[{"taxonomy":"category","embeddable":true,"href":"https:\/\/linitiative.ca\/International\/wp-json\/wp\/v2\/categories?post=117015"},{"taxonomy":"post_tag","embeddable":true,"href":"https:\/\/linitiative.ca\/International\/wp-json\/wp\/v2\/tags?post=117015"}],"curies":[{"name":"wp","href":"https:\/\/api.w.org\/{rel}","templated":true}]}}