{"id":117016,"date":"2021-05-19T10:40:00","date_gmt":"2021-05-19T14:40:00","guid":{"rendered":"https:\/\/linitiative.ca\/International\/video-marche-et-colere-a-adrar\/"},"modified":"2021-05-19T10:40:00","modified_gmt":"2021-05-19T14:40:00","slug":"video-marche-et-colere-a-adrar","status":"publish","type":"post","link":"https:\/\/linitiative.ca\/International\/video-marche-et-colere-a-adrar\/","title":{"rendered":"[Vid\u00e9o] Marche et col\u00e8re \u00e0 Adrar"},"content":{"rendered":"<div id=\"originalText\" readability=\"63\">\n<p class=\"c6\">Des dizaines d&rsquo;enseignantes, enseignants\u00a0et employ\u00e9s du secteur de l\u2019\u00e9ducation nationale ont march\u00e9, ce matin, du si\u00e8ge de la wilaya d&rsquo;Adrar vers le b\u00e2timent de l&rsquo;Acad\u00e9mie,\u00a0 pour exprimer leur col\u00e8re suite au viol collectif dont \u00e9taient victimes neuf de leurs coll\u00e8gues, dans la nuit du lundi \u00e0 mardi, au sein de leur logement de fonction, \u00e0 Bordj Badji Mokhtar. Un drame qui a choqu\u00e9 l\u2019opinion publique\u00a0et a suscit\u00e9 une vive indignation notamment sur les r\u00e9seaux sociaux.<\/p>\n<p class=\"c6\">Les protestataires, qui clamaient, le long de l&rsquo;itin\u00e9raire de la marche,\u00a0\u00ab scandale, scandale, nos s\u0153urs vivent l\u2019enfer\u00a0\u00bb,\u00a0ont\u00a0tenu ensuite un sit-in devant l&rsquo;\u00e9difice de l&rsquo;Acad\u00e9mie, o\u00f9 ils ont cri\u00e9 leur ras-le-bol\u00a0face aux conditions de vie et l\u2019 \u00ab\u00a0 ins\u00e9curit\u00e9\u00a0\u00bb que subissent les enseignants exer\u00e7ant dans les r\u00e9gions du Sud du pays.\u00a0Ils interpellent\u00a0le pr\u00e9sident de la R\u00e9publique sur la \u00a0\u00bb gravit\u00e9 \u00a0\u00bb de leur situation.<\/p>\n<p><iframe loading=\"lazy\" allow=\"autoplay; clipboard-write; encrypted-media; picture-in-picture; web-share\" allowfullscreen=\"true\" frameborder=\"0\" height=\"476\" scrolling=\"no\" src=\"https:\/\/www.facebook.com\/plugins\/video.php?height=476&amp;href=https%3A%2F%2Fwww.facebook.com%2F100008853371747%2Fvideos%2F2620873988217688%2F&amp;show_text=false&amp;width=267\" class=\"c7\" width=\"267\">[embedded content]<\/iframe><\/p>\n<p class=\"c6\">\u00ab\u00a0Monsieur le Pr\u00e9sident, un simple geste de votre part pourrait aider \u00e0 am\u00e9liorer notre situation\u00a0\u00bb, \u00ab\u00a0l\u2019enseignant est en col\u00e8re\u00a0\u00bb, \u00ab\u00a0 l\u2019enseignant est une ligne rouge\u00a0\u00bb&#8230; peut-on lire\u00a0sur les pancartes brandies par les enseignants contestataires, dont les images ont \u00e9t\u00e9 relay\u00e9es sur plusieurs\u00a0pages facebook d\u00e9di\u00e9es \u00e0 l&rsquo;actualit\u00e9 dans la r\u00e9gion d&rsquo;Adrar.<\/p>\n<p class=\"c8\"><strong>Kenza SIFI<\/strong><\/p>\n<\/div>\n<div id=\"text_core\" readability=\"63\">\n<p class=\"c6\">Des dizaines d&rsquo;enseignantes, enseignants\u00a0et employ\u00e9s du secteur de l\u2019\u00e9ducation nationale ont march\u00e9, ce matin, du si\u00e8ge de la wilaya d&rsquo;Adrar vers le b\u00e2timent de l&rsquo;Acad\u00e9mie,\u00a0 pour exprimer leur col\u00e8re suite au viol collectif dont \u00e9taient victimes neuf de leurs coll\u00e8gues, dans la nuit du lundi \u00e0 mardi, au sein de leur logement de fonction, \u00e0 Bordj Badji Mokhtar. Un drame qui a choqu\u00e9 l\u2019opinion publique\u00a0et a suscit\u00e9 une vive indignation notamment sur les r\u00e9seaux sociaux.<\/p>\n<p class=\"c6\">Les protestataires, qui clamaient, le long de l&rsquo;itin\u00e9raire de la marche,\u00a0\u00ab scandale, scandale, nos s\u0153urs vivent l\u2019enfer\u00a0\u00bb,\u00a0ont\u00a0tenu ensuite un sit-in devant l&rsquo;\u00e9difice de l&rsquo;Acad\u00e9mie, o\u00f9 ils ont cri\u00e9 leur ras-le-bol\u00a0face aux conditions de vie et l\u2019 \u00ab\u00a0 ins\u00e9curit\u00e9\u00a0\u00bb que subissent les enseignants exer\u00e7ant dans les r\u00e9gions du Sud du pays.\u00a0Ils interpellent\u00a0le pr\u00e9sident de la R\u00e9publique sur la \u00a0\u00bb gravit\u00e9 \u00a0\u00bb de leur situation.<\/p>\n<p><iframe loading=\"lazy\" allow=\"autoplay; clipboard-write; encrypted-media; picture-in-picture; web-share\" allowfullscreen=\"true\" frameborder=\"0\" height=\"476\" scrolling=\"no\" src=\"https:\/\/www.facebook.com\/plugins\/video.php?height=476&amp;href=https%3A%2F%2Fwww.facebook.com%2F100008853371747%2Fvideos%2F2620873988217688%2F&amp;show_text=false&amp;width=267\" class=\"c7\" width=\"267\">[embedded content]<\/iframe><\/p>\n<p class=\"c6\">\u00ab\u00a0Monsieur le Pr\u00e9sident, un simple geste de votre part pourrait aider \u00e0 am\u00e9liorer notre situation\u00a0\u00bb, \u00ab\u00a0l\u2019enseignant est en col\u00e8re\u00a0\u00bb, \u00ab\u00a0 l\u2019enseignant est une ligne rouge\u00a0\u00bb&#8230; peut-on lire\u00a0sur les pancartes brandies par les enseignants contestataires, dont les images ont \u00e9t\u00e9 relay\u00e9es sur plusieurs\u00a0pages facebook d\u00e9di\u00e9es \u00e0 l&rsquo;actualit\u00e9 dans la r\u00e9gion d&rsquo;Adrar.<\/p>\n<p class=\"c8\"><strong>Kenza SIFI<\/strong><\/p>\n<\/div>\n<p>Auteur:<br \/>\n<a href=\"https:\/\/www.liberte-algerie.com\/actualite\/video-marche-et-colere-a-adrar-359006\">Cliquez ici pour lire l&rsquo;article depuis sa source.<\/a><\/p>\n","protected":false},"excerpt":{"rendered":"<p>Des dizaines d&rsquo;enseignantes, enseignants\u00a0et employ\u00e9s du secteur de l\u2019\u00e9ducation nationale ont march\u00e9, ce matin, du si\u00e8ge de la wilaya d&rsquo;Adrar vers le b\u00e2timent de l&rsquo;Acad\u00e9mie,\u00a0 pour exprimer leur col\u00e8re suite au viol collectif dont \u00e9taient victimes neuf de leurs coll\u00e8gues, dans la nuit du lundi \u00e0 mardi, au sein de leur logement de fonction, \u00e0 [&hellip;]<\/p>\n","protected":false},"author":1742,"featured_media":0,"comment_status":"closed","ping_status":"closed","sticky":false,"template":"","format":"standard","meta":{"fifu_image_url":"","fifu_image_alt":"","footnotes":""},"categories":[73,53],"tags":[],"class_list":["post-117016","post","type-post","status-publish","format-standard","hentry","category-actualite","category-algerie"],"_links":{"self":[{"href":"https:\/\/linitiative.ca\/International\/wp-json\/wp\/v2\/posts\/117016","targetHints":{"allow":["GET"]}}],"collection":[{"href":"https:\/\/linitiative.ca\/International\/wp-json\/wp\/v2\/posts"}],"about":[{"href":"https:\/\/linitiative.ca\/International\/wp-json\/wp\/v2\/types\/post"}],"author":[{"embeddable":true,"href":"https:\/\/linitiative.ca\/International\/wp-json\/wp\/v2\/users\/1742"}],"replies":[{"embeddable":true,"href":"https:\/\/linitiative.ca\/International\/wp-json\/wp\/v2\/comments?post=117016"}],"version-history":[{"count":0,"href":"https:\/\/linitiative.ca\/International\/wp-json\/wp\/v2\/posts\/117016\/revisions"}],"wp:attachment":[{"href":"https:\/\/linitiative.ca\/International\/wp-json\/wp\/v2\/media?parent=117016"}],"wp:term":[{"taxonomy":"category","embeddable":true,"href":"https:\/\/linitiative.ca\/International\/wp-json\/wp\/v2\/categories?post=117016"},{"taxonomy":"post_tag","embeddable":true,"href":"https:\/\/linitiative.ca\/International\/wp-json\/wp\/v2\/tags?post=117016"}],"curies":[{"name":"wp","href":"https:\/\/api.w.org\/{rel}","templated":true}]}}