{"id":117017,"date":"2021-05-18T16:46:35","date_gmt":"2021-05-18T20:46:35","guid":{"rendered":"https:\/\/linitiative.ca\/International\/oujda-celebration-du-16e-anniversaire-de-lindh\/"},"modified":"2021-05-18T16:46:35","modified_gmt":"2021-05-18T20:46:35","slug":"oujda-celebration-du-16e-anniversaire-de-lindh","status":"publish","type":"post","link":"https:\/\/linitiative.ca\/International\/oujda-celebration-du-16e-anniversaire-de-lindh\/","title":{"rendered":"Oujda : C\u00e9l\u00e9bration du 16\u00e8 anniversaire de l\u2019INDH"},"content":{"rendered":"<p class=\"c4\">Une Rencontre de communication autour du th\u00e8me \u00ab\u00a0Covid-19 et Education: Bilan et perspectives pour pr\u00e9server les acquis\u00a0\u00bb, a \u00e9t\u00e9 organis\u00e9e, mardi au si\u00e8ge de la Wilaya de la r\u00e9gion de l\u2019Oriental, \u00e0 l\u2019occasion de la c\u00e9l\u00e9bration du 16\u00e8me anniversaire de l\u2019Initiative nationale pour le d\u00e9veloppement humain (INDH).<\/p>\n<p class=\"c4\">La rencontre a \u00e9t\u00e9 marqu\u00e9e par des expos\u00e9s portant sur l\u2019impact de la crise du coronavirus sur le secteur de l\u2019\u00e9ducation et les mesures prises par les services de l\u2019Education nationale, les r\u00e9sultats de l\u2019enqu\u00eate r\u00e9alis\u00e9e par le Haut commissariat au Plan (HCP) sur la situation des enfants dans le contexte de la crise sanitaire au Maroc, notamment le suivi de l\u2019enseignement \u00e0 distance, et le bilan des r\u00e9alisations de l\u2019INDH au titre des exercices 2019 et 2020 au niveau de la pr\u00e9fecture d\u2019Oujda-Angad.<\/p>\n<p class=\"c4\">Intervenant \u00e0 cette occasion, le Wali de la r\u00e9gion de l\u2019Oriental et gouverneur de la pr\u00e9fecture d\u2019Oujda-Angad, Mouad El Jamai, a soulign\u00e9 que l\u2019INDH, qui c\u00e9l\u00e8bre son 16\u00e8me anniversaire, est un chantier qui a marqu\u00e9 un v\u00e9ritable tournant dans le processus de d\u00e9veloppement au Maroc et cr\u00e9\u00e9 les conditions propices \u00e0 la stabilit\u00e9 sociale et \u00e0 la croissance \u00e9conomique , et ce \u00e0 la faveur de nombreuses et importantes r\u00e9alisations qui ont eu un impact significatif sur les conditions de vie de la population, en particulier dans les r\u00e9gions o\u00f9 les indicateurs de pr\u00e9carit\u00e9 et de pauvret\u00e9 \u00e9taient \u00e0 leur plus haut niveau.<\/p>\n<p class=\"c4\">Il a rappel\u00e9 dans ce sens que 545 projets ont \u00e9t\u00e9 r\u00e9alis\u00e9s au niveau de la pr\u00e9fecture d\u2019Oujda-Angad depuis le lancement de l\u2019INDH pour un co\u00fbt total d\u2019environ 898 millions de dirhams (MDH), avec une contribution de l\u2019Initiative \u00e0 hauteur de 459 MDH, faisant savoir que ces projets ont profit\u00e9 \u00e0 plus de 380.000 personnes.<\/p>\n<p class=\"c4\">M. El Jamai a \u00e9galement mis l\u2019accent sur la troisi\u00e8me phase de l\u2019INDH (2019-2023) et ses quatre programmes tendant \u00e0 pr\u00e9server la dignit\u00e9 et \u00e0 am\u00e9liorer les conditions de vie selon la dynamique impuls\u00e9e depuis 2005, et \u00e0 b\u00e2tir l\u2019avenir en s\u2019attaquant directement aux principaux freins au d\u00e9veloppement humain tout au long des \u00e9tapes de la vie.<\/p>\n<p class=\"c4\">Revenant sur la th\u00e9matique retenue pour la c\u00e9l\u00e9bration de l\u2019anniversaire de l\u2019INDH, il a relev\u00e9 l\u2019impact n\u00e9gatif g\u00e9n\u00e9r\u00e9 par la pand\u00e9mie du Covid-19 sur de nombreux secteurs, particuli\u00e8rement celui de l\u2019\u00e9ducation, mettant en avant l\u2019importance accord\u00e9e par l\u2019INDH \u00e0 la g\u00e9n\u00e9ralisation de l\u2019acc\u00e8s \u00e0 l\u2019enseignement pr\u00e9scolaire, notamment dans les zones rurales, \u00e0 la lutte contre la d\u00e9perdition scolaire et \u00e0 l\u2019am\u00e9lioration des conditions de scolarit\u00e9 au profit des enfants issus de familles vuln\u00e9rables.<\/p>\n<p class=\"c4\">\u00ab\u00a0Face \u00e0 cette situation, et dans le cadre des efforts d\u00e9ploy\u00e9s pour la lutte contre les in\u00e9galit\u00e9s en mati\u00e8re d\u2019\u00e9ducation et pour la contribution au renforcement du capital humain, l\u2019INDH a engag\u00e9 une s\u00e9rie d\u2019interventions li\u00e9es au domaine de l\u2019\u00e9ducation, notamment \u00e0 travers son quatri\u00e8me programme d\u00e9di\u00e9 \u00e0 l\u2019impulsion du capital humain des g\u00e9n\u00e9rations montantes\u00a0\u00bb, a-t-il dit.<\/p>\n<p><img class=\"wp-image-29036 aligncenter\" data-src=\"http:\/\/www.mapoujda.ma\/map\/uploads\/2021\/05\/c\u00e9l\u00e9bration-du-16-\u00e9me-anniversaire-INDH-\u00e0-Wilaya-doujda-750\u00d7430-MAP-.jpg\" alt=\"\" width=\"576\" height=\"330\" srcset=\"http:\/\/www.mapoujda.ma\/map\/uploads\/2021\/05\/c\u00e9l\u00e9bration-du-16-\u00e9me-anniversaire-INDH-\u00e0-Wilaya-doujda-750\u00d7430-MAP-.jpg 750w, http:\/\/www.mapoujda.ma\/map\/uploads\/2021\/05\/c\u00e9l\u00e9bration-du-16-\u00e9me-anniversaire-INDH-\u00e0-Wilaya-doujda-750\u00d7430-MAP--300x172.jpg 300w\" sizes=\"(max-width: 576px) 100vw, 576px\"\/><\/p>\n<p class=\"c4\">Selon des explications fournies lors de cette rencontre par la responsable de la Division de l\u2019action sociale (DAS) \u00e0 la pr\u00e9fecture d\u2019Oujda-Angad, Hafida El Handouz, un total de 84 projets-INDH ont \u00e9t\u00e9 programm\u00e9s au niveau de cette pr\u00e9fecture durant la p\u00e9riode 2019-2020 pour un investissement global de 69,49 MDH. Le taux de r\u00e9alisation a atteint 95 pc.<\/p>\n<p class=\"c4\">Pour ce qui est des projets du quatri\u00e8me programme de l\u2019INDH, elle a pr\u00e9cis\u00e9 qu\u2019ils sont au nombre de 26 pour un co\u00fbt de 10,86 MDH, mettent l\u2019accent \u00e0 cet \u00e9gard sur la cr\u00e9ation de 19 unit\u00e9s d\u2019enseignement pr\u00e9scolaire en milieu rural et l\u2019acquisition de 11 bus de transport scolaire en 2019-2020.<\/p>\n<p class=\"c4\">Mme El Handouz a aussi soulign\u00e9 les interventions de l\u2019INDH visant le soutien financier et l\u2019\u00e9quipement des maisons d\u2019\u00e9tudiants et d\u2019\u00e9tudiantes \u00ab\u00a0Dour Talib(a)\u00a0\u00bb, la sensibilisation au respect des mesures anti-Covid dans le milieu scolaire et le financement de l\u2019Initiative royale \u00ab\u00a0Un million de cartables\u00a0\u00bb pour les saisons 2019-2020 et 2020-2021.<\/p>\n<p class=\"c4\">Elle a par ailleurs fait remarquer qu\u2019un programme de soutien scolaire \u00e9tal\u00e9 sur trois ans et qui profitera aux \u00e9l\u00e8ves du primaire du milieu rural et p\u00e9riurbain est en cours d\u2019\u00e9tude avec pour objectif de renforcer les capacit\u00e9s cognitives et les apprentissages des \u00e9l\u00e8ves.<\/p>\n<p class=\"c4\">De son c\u00f4t\u00e9, le directeur de l\u2019AREF de l\u2019Oriental, Mohamed Dib a pass\u00e9 en revue les diff\u00e9rentes mesures prises dans le secteur de l\u2019\u00e9ducation au niveau de la r\u00e9gion depuis le d\u00e9but de la pand\u00e9mie et la contribution des diff\u00e9rents partenaires, y compris l\u2019INDH, pour assurer la continuit\u00e9 p\u00e9dagogique.<\/p>\n<p class=\"c4\">Le responsable de la Direction r\u00e9gionale au Plan de l\u2019Oriental a pr\u00e9sent\u00e9, quant \u00e0 lui, les r\u00e9sultats d\u2019une \u00e9tude r\u00e9alis\u00e9e par le Haut commissariat au Plan en partenariat avec l\u2019UNICEF sur l\u2019impact de la Covid-19 sur la situation des enfants, notamment en ce qui concerne le suivi de l\u2019enseignement \u00e0 distance.<\/p>\n<p class=\"c4\">Les recommandations faites \u00e0 cette occasion ont port\u00e9 notamment sur les efforts \u00e0 d\u00e9ployer pour le d\u00e9veloppement de l\u2019enseignement \u00e0 distance, la r\u00e9duction des in\u00e9galit\u00e9s en mati\u00e8re d\u2019acc\u00e8s et de vulgarisation des outils p\u00e9dagogiques de l\u2019e-learning, le renforcement des programmes de soutien scolaire et l\u2019investissement dans les ressources humaines via des formations sur l\u2019utilisation des nouvelles technologies.<\/p>\n<p>Auteur: Soufiane ELAHMAR<br \/>\n<a href=\"http:\/\/www.mapoujda.ma\/fr\/oujda-celebration-du-16e-anniversaire-de-lindh\/\">Cliquez ici pour lire l&rsquo;article depuis sa source.<\/a><\/p>\n","protected":false},"excerpt":{"rendered":"<p>Une Rencontre de communication autour du th\u00e8me \u00ab\u00a0Covid-19 et Education: Bilan et perspectives pour pr\u00e9server les acquis\u00a0\u00bb, a \u00e9t\u00e9 organis\u00e9e, mardi au si\u00e8ge de la Wilaya de la r\u00e9gion de l\u2019Oriental, \u00e0 l\u2019occasion de la c\u00e9l\u00e9bration du 16\u00e8me anniversaire de l\u2019Initiative nationale pour le d\u00e9veloppement humain (INDH). La rencontre a \u00e9t\u00e9 marqu\u00e9e par des expos\u00e9s [&hellip;]<\/p>\n","protected":false},"author":1788,"featured_media":0,"comment_status":"closed","ping_status":"closed","sticky":false,"template":"","format":"standard","meta":{"fifu_image_url":"http:\/\/www.mapoujda.ma\/map\/uploads\/2021\/05\/c\u00e9l\u00e9bration-du-16-\u00e9me-anniversaire-INDH-\u00e0-Wilaya-doujda-750\u00d7430-MAP-.jpg","fifu_image_alt":"Oujda : C\u00e9l\u00e9bration du 16\u00e8 anniversaire de l\u2019INDH","footnotes":""},"categories":[54,76],"tags":[],"class_list":["post-117017","post","type-post","status-publish","format-standard","hentry","category-maroc","category-regions"],"_links":{"self":[{"href":"https:\/\/linitiative.ca\/International\/wp-json\/wp\/v2\/posts\/117017","targetHints":{"allow":["GET"]}}],"collection":[{"href":"https:\/\/linitiative.ca\/International\/wp-json\/wp\/v2\/posts"}],"about":[{"href":"https:\/\/linitiative.ca\/International\/wp-json\/wp\/v2\/types\/post"}],"author":[{"embeddable":true,"href":"https:\/\/linitiative.ca\/International\/wp-json\/wp\/v2\/users\/1788"}],"replies":[{"embeddable":true,"href":"https:\/\/linitiative.ca\/International\/wp-json\/wp\/v2\/comments?post=117017"}],"version-history":[{"count":0,"href":"https:\/\/linitiative.ca\/International\/wp-json\/wp\/v2\/posts\/117017\/revisions"}],"wp:attachment":[{"href":"https:\/\/linitiative.ca\/International\/wp-json\/wp\/v2\/media?parent=117017"}],"wp:term":[{"taxonomy":"category","embeddable":true,"href":"https:\/\/linitiative.ca\/International\/wp-json\/wp\/v2\/categories?post=117017"},{"taxonomy":"post_tag","embeddable":true,"href":"https:\/\/linitiative.ca\/International\/wp-json\/wp\/v2\/tags?post=117017"}],"curies":[{"name":"wp","href":"https:\/\/api.w.org\/{rel}","templated":true}]}}