{"id":117019,"date":"2021-05-19T06:55:00","date_gmt":"2021-05-19T10:55:00","guid":{"rendered":"https:\/\/linitiative.ca\/International\/le-16eme-anniversaire-de-lindh-celebre-a-taourirt\/"},"modified":"2021-05-19T06:55:00","modified_gmt":"2021-05-19T10:55:00","slug":"le-16eme-anniversaire-de-lindh-celebre-a-taourirt","status":"publish","type":"post","link":"https:\/\/linitiative.ca\/International\/le-16eme-anniversaire-de-lindh-celebre-a-taourirt\/","title":{"rendered":"Le 16\u00e8me anniversaire de l\u2019INDH c\u00e9l\u00e9br\u00e9 \u00e0 Taourirt"},"content":{"rendered":"<p class=\"c4\">Le Comit\u00e9 provincial de d\u00e9veloppement humain (CPDH) de Taourirt a organis\u00e9, mardi \u00e0 l\u2019occasion de la c\u00e9l\u00e9bration du 16\u00e8me anniversaire du lancement de l\u2019Initiative nationale pour le d\u00e9veloppement humain (INDH), une rencontre de communication autour du th\u00e8me \u00abCovid-19 et \u00e9ducation : Bilan et perspectives pour pr\u00e9server les acquis\u00bb.<\/p>\n<p class=\"c4\">Intervenant \u00e0 cette occasion, le gouverneur de la province de Taourirt, Larbi Touijer a mis l\u2019accent sur l\u2019impact n\u00e9gatif de la crise sanitaire li\u00e9e \u00e0 la pand\u00e9mie du nouveau coronavirus (covid-19) sur le secteur de l\u2019\u00e9ducation, rappelant dans ce sens l\u2019\u00e9tude men\u00e9e par le Haut Commissariat au Plan et l\u2019UNICEF, indique un communiqu\u00e9 de la pr\u00e9fecture de la province de Taourirt.<\/p>\n<p class=\"c4\">Cette \u00e9tude, qui a port\u00e9 sur l\u2019impact de la pand\u00e9mie du Covid-19 sur la situation des enfants au Maroc, a montr\u00e9 que pr\u00e8s de 9,2 millions d\u2019\u00e9l\u00e8ves et d\u2019\u00e9tudiants ont \u00e9t\u00e9 priv\u00e9s des cours en mode pr\u00e9sentiel, y compris les pr\u00e9scolaris\u00e9s qui n\u2019ont pas pu achever leur cycle de formation pr\u00e9scolaire ou leur premi\u00e8re ann\u00e9e d\u2019\u00e9ducation, consid\u00e9r\u00e9s comme cl\u00e9s de la r\u00e9ussite scolaire, a expliqu\u00e9 M. Touijer.<\/p>\n<p class=\"c4\">De son c\u00f4t\u00e9, le chef de la Divion de l\u2019action sociale (DAS) a soulign\u00e9 les efforts et les r\u00e9alisations accomplies dans le cadre de l\u2019INDH au profit des cat\u00e9gories sociales en situation de pr\u00e9carit\u00e9, et les disposition et mesures de pr\u00e9vention adopt\u00e9es par la Fondation marocaine pour la promotion de l\u2019enseignement pr\u00e9scolaire, partenaire de l\u2019INDH, dans l\u2019ensemble des d\u2019unit\u00e9s de pr\u00e9scolaire qu\u2019elle g\u00e8re au niveau de la province de Taourirt.<\/p>\n<p class=\"c4\">Il a \u00e9galement donn\u00e9 un aper\u00e7u sur le bilan des r\u00e9alisations de l\u2019Initiative nationale pour le d\u00e9veloppement humain au titre des ann\u00e9es 2019 et 2020.<\/p>\n<p class=\"c4\">La rencontre a \u00e9t\u00e9 marqu\u00e9e aussi par une pr\u00e9sentation du directeur provincial de l\u2019Education nationale sur les mesures prises \u00e0 l\u2019\u00e9chelon de la province pour att\u00e9nuer les effets de la pand\u00e9mie sur ce secteur et pour pr\u00e9server la sant\u00e9 des \u00e9l\u00e8ves, et ce \u00e0 travers l\u2019adoption de l\u2019enseignement \u00e0 distance et en pr\u00e9sentiel en alternance, l\u2019acquisition des produits d\u00e9sinfectants pour les \u00e9tablissements scolaires et l\u2019obligation du port du masque.<\/p>\n<p class=\"c4\">Il a salu\u00e9 par l\u2019occasion les interventions de l\u2019INDH pour accompagner la strat\u00e9gie du secteur de l\u2019\u00e9ducation, lutter contre le d\u00e9crochage scolaire et encourager la scolarit\u00e9, \u00e0 travers notamment l\u2019acquisition de bus de transport scolaire, le soutien apport\u00e9 aux associations qui dirigent les Dar attalib et attaliba, les cours de soutien scolaire et la cr\u00e9ation d\u2019unit\u00e9s d\u2019enseignement pr\u00e9scolaire en milieu rural.<\/p>\n<p class=\"c4\">En marge de cette rencontre, M. Touijer, les membres du CPDH et les chefs de services d\u00e9centralis\u00e9s ont visit\u00e9 une unit\u00e9 d\u2019enseignement pr\u00e9scolaire cr\u00e9\u00e9e dans le cadre du quatri\u00e8me programme de l\u2019INDH dans la commune de Ahl Oued Za.<\/p>\n<p>Auteur: Soufiane ELAHMAR<br \/>\n<a href=\"http:\/\/www.mapoujda.ma\/fr\/le-16eme-anniversaire-de-lindh-celebre-a-taourirt\/\">Cliquez ici pour lire l&rsquo;article depuis sa source.<\/a><\/p>\n","protected":false},"excerpt":{"rendered":"<p>Le Comit\u00e9 provincial de d\u00e9veloppement humain (CPDH) de Taourirt a organis\u00e9, mardi \u00e0 l\u2019occasion de la c\u00e9l\u00e9bration du 16\u00e8me anniversaire du lancement de l\u2019Initiative nationale pour le d\u00e9veloppement humain (INDH), une rencontre de communication autour du th\u00e8me \u00abCovid-19 et \u00e9ducation : Bilan et perspectives pour pr\u00e9server les acquis\u00bb. Intervenant \u00e0 cette occasion, le gouverneur de [&hellip;]<\/p>\n","protected":false},"author":1788,"featured_media":0,"comment_status":"closed","ping_status":"closed","sticky":false,"template":"","format":"standard","meta":{"fifu_image_url":"","fifu_image_alt":"","footnotes":""},"categories":[54,76],"tags":[],"class_list":["post-117019","post","type-post","status-publish","format-standard","hentry","category-maroc","category-regions"],"_links":{"self":[{"href":"https:\/\/linitiative.ca\/International\/wp-json\/wp\/v2\/posts\/117019","targetHints":{"allow":["GET"]}}],"collection":[{"href":"https:\/\/linitiative.ca\/International\/wp-json\/wp\/v2\/posts"}],"about":[{"href":"https:\/\/linitiative.ca\/International\/wp-json\/wp\/v2\/types\/post"}],"author":[{"embeddable":true,"href":"https:\/\/linitiative.ca\/International\/wp-json\/wp\/v2\/users\/1788"}],"replies":[{"embeddable":true,"href":"https:\/\/linitiative.ca\/International\/wp-json\/wp\/v2\/comments?post=117019"}],"version-history":[{"count":0,"href":"https:\/\/linitiative.ca\/International\/wp-json\/wp\/v2\/posts\/117019\/revisions"}],"wp:attachment":[{"href":"https:\/\/linitiative.ca\/International\/wp-json\/wp\/v2\/media?parent=117019"}],"wp:term":[{"taxonomy":"category","embeddable":true,"href":"https:\/\/linitiative.ca\/International\/wp-json\/wp\/v2\/categories?post=117019"},{"taxonomy":"post_tag","embeddable":true,"href":"https:\/\/linitiative.ca\/International\/wp-json\/wp\/v2\/tags?post=117019"}],"curies":[{"name":"wp","href":"https:\/\/api.w.org\/{rel}","templated":true}]}}