{"id":117021,"date":"2021-05-19T10:30:34","date_gmt":"2021-05-19T14:30:34","guid":{"rendered":"https:\/\/linitiative.ca\/International\/fes-la-bcp-lance-les-regionales-de-linvestissement\/"},"modified":"2021-05-19T10:30:34","modified_gmt":"2021-05-19T14:30:34","slug":"fes-la-bcp-lance-les-regionales-de-linvestissement","status":"publish","type":"post","link":"https:\/\/linitiative.ca\/International\/fes-la-bcp-lance-les-regionales-de-linvestissement\/","title":{"rendered":"F\u00e8s: La BCP lance les r\u00e9gionales de l\u2019investissement"},"content":{"rendered":"<p>Le groupe Banque centrale populaire (BCP) a lanc\u00e9 ce mercredi les \u00abr\u00e9gionales de l\u2019investissement\u00bb. Initi\u00e9 dans l\u2019objectif d\u2019accompagner la relance \u00e9conomique, le coup d\u2019envoi de ce roadshow a \u00e9t\u00e9 donn\u00e9 \u00e0 F\u00e8s, en pr\u00e9sence notamment de Mohamed Bencha\u00e2boun, ministre des Finances, Mohamed Karim Mounir, PDG du groupe BCP, El Hassan El Attar, pr\u00e9sident du directoire de BCP F\u00e8s-Mekn\u00e8s, Mohamed Rkhami Berrada, pr\u00e9sident de la CGEM F\u00e8s-Taza, et Yassine Tazi DG du CRI de F\u00e8s-Mekn\u00e8s.<\/p>\n<p>Moulay Hafid Elalamy, ministre de l\u2019Industrie, y a \u00e9galement particip\u00e9, \u00e0 distance, \u00e0 travers une allocution \u00abrassurante\u00bb sur la banque de projets et la vision du Royaume pour r\u00e9duire les importations et propulser l\u2019industrialisation et la marque Maroc. Unanimes, les participants aux diff\u00e9rents panels ont affirm\u00e9 que \u00abnotre pays a montr\u00e9 sa r\u00e9silience durant la crise du Covid et qu\u2019aujourd\u2019hui tous les ingr\u00e9dients sont r\u00e9unis pour amorcer une bonne reprise\u00bb. C\u2019est la conviction partag\u00e9e, lors cette premi\u00e8re escale r\u00e9gionale, par Moulay Hafid Elalamy, Mohamed Bencha\u00e2boun, et Mohamed Karim Mounir, qui promettent un accompagnement idoine aux investisseurs et porteurs de projets.<\/p>\n<p>M\u00eame son de cloche aupr\u00e8s de Hassan El Attar, Yassine Tazi et Mohamed Rkhami Berrada qui ont mis en avant les potentialit\u00e9s et atouts de la r\u00e9gion F\u00e8s-Mekn\u00e8s, l\u2019offre en zones industrielles (existantes et en projets), ainsi que les cr\u00e9neaux porteurs (ne ratez pas notre dossier de r\u00e9f\u00e9rence sur F\u00e8s qui sera en kiosque ce vendredi 21 mai 2021). Organis\u00e9e au service de la relance \u00e9conomique de nos r\u00e9gions, la tourn\u00e9e du groupe BCP comportera 10 escales \u00e0 travers le Royaume. Apr\u00e8s la rencontre de ce 19 mai 2021 \u00e0 F\u00e8s, le top management de la BCP et ses h\u00f4tes iront prospecter et \u00ab aussi \u00e9couter\u00bb \u00e0 Rabat, Marrakech, Casablanca, Tanger, La\u00e2youne, Dakhla, Agadir, Oujda et Nador.<\/p>\n<p>Pour ses initiateurs, cette tourn\u00e9e conna\u00eetra la participation de nombreux acteurs publics et priv\u00e9s, dont des d\u00e9partements minist\u00e9riels, la CCG, Maroc PME, l\u2019AMEE, les Centres R\u00e9gionaux d\u2019Investissement, la CGEM ainsi que des f\u00e9d\u00e9rations et associations professionnelles. Au programme, des \u00e9changes et des d\u00e9bats pour mettre en avant les atouts et les opportunit\u00e9s sectorielles de chaque r\u00e9gion, mais aussi la pr\u00e9sentation des m\u00e9canismes d\u2019appui, ainsi que les solutions de financement et d\u2019accompagnement mis \u00e0 la disposition des op\u00e9rateurs \u00e9conomiques par la Banque Populaire, ses filiales et ses partenaires.<\/p>\n<p>Les rencontres seront diffus\u00e9es en live via un webinaire et s\u2019ach\u00e8veront par des workshops d\u00e9di\u00e9s, o\u00f9 intervenants et experts apporteront toutes les r\u00e9ponses aux questionnements des entreprises pr\u00e9sentes. Le roadsohw de la BCP s\u2019inscrit pleinement dans le cadre des initiatives mises en place par l\u2019\u00c9tat, notamment \u00e0 travers le lancement du Fonds Mohamed VI pour l\u2019investissement, la promotion de la Banque de Projets ainsi que les mesures et programmes visant la d\u00e9carbonisation industrielle et la promotion de l\u2019Innovation.<\/p>\n<p><em>Y.S.A.<\/em><\/p>\n<p>Auteur: mbasraoui<br \/>\n<a href=\"https:\/\/www.leconomiste.com\/flash-infos\/fes-la-bcp-lance-les-regionales-de-l-investissement\">Cliquez ici pour lire l&rsquo;article depuis sa source.<\/a><\/p>\n","protected":false},"excerpt":{"rendered":"<p>Le groupe Banque centrale populaire (BCP) a lanc\u00e9 ce mercredi les \u00abr\u00e9gionales de l\u2019investissement\u00bb. Initi\u00e9 dans l\u2019objectif d\u2019accompagner la relance \u00e9conomique, le coup d\u2019envoi de ce roadshow a \u00e9t\u00e9 donn\u00e9 \u00e0 F\u00e8s, en pr\u00e9sence notamment de Mohamed Bencha\u00e2boun, ministre des Finances, Mohamed Karim Mounir, PDG du groupe BCP, El Hassan El Attar, pr\u00e9sident du directoire [&hellip;]<\/p>\n","protected":false},"author":1763,"featured_media":0,"comment_status":"closed","ping_status":"closed","sticky":false,"template":"","format":"standard","meta":{"fifu_image_url":"","fifu_image_alt":"","footnotes":""},"categories":[78,54],"tags":[],"class_list":["post-117021","post","type-post","status-publish","format-standard","hentry","category-economie","category-maroc"],"_links":{"self":[{"href":"https:\/\/linitiative.ca\/International\/wp-json\/wp\/v2\/posts\/117021","targetHints":{"allow":["GET"]}}],"collection":[{"href":"https:\/\/linitiative.ca\/International\/wp-json\/wp\/v2\/posts"}],"about":[{"href":"https:\/\/linitiative.ca\/International\/wp-json\/wp\/v2\/types\/post"}],"author":[{"embeddable":true,"href":"https:\/\/linitiative.ca\/International\/wp-json\/wp\/v2\/users\/1763"}],"replies":[{"embeddable":true,"href":"https:\/\/linitiative.ca\/International\/wp-json\/wp\/v2\/comments?post=117021"}],"version-history":[{"count":0,"href":"https:\/\/linitiative.ca\/International\/wp-json\/wp\/v2\/posts\/117021\/revisions"}],"wp:attachment":[{"href":"https:\/\/linitiative.ca\/International\/wp-json\/wp\/v2\/media?parent=117021"}],"wp:term":[{"taxonomy":"category","embeddable":true,"href":"https:\/\/linitiative.ca\/International\/wp-json\/wp\/v2\/categories?post=117021"},{"taxonomy":"post_tag","embeddable":true,"href":"https:\/\/linitiative.ca\/International\/wp-json\/wp\/v2\/tags?post=117021"}],"curies":[{"name":"wp","href":"https:\/\/api.w.org\/{rel}","templated":true}]}}