{"id":117023,"date":"2021-05-19T11:14:10","date_gmt":"2021-05-19T15:14:10","guid":{"rendered":"https:\/\/linitiative.ca\/International\/covid-plus-de-7-millions-de-personnes-vaccinees-au-maroc\/"},"modified":"2021-05-19T11:14:10","modified_gmt":"2021-05-19T15:14:10","slug":"covid-plus-de-7-millions-de-personnes-vaccinees-au-maroc","status":"publish","type":"post","link":"https:\/\/linitiative.ca\/International\/covid-plus-de-7-millions-de-personnes-vaccinees-au-maroc\/","title":{"rendered":"Covid: Plus de 7 millions de personnes vaccin\u00e9es au Maroc"},"content":{"rendered":"<p class=\"rtejustify\">Le Maroc a franchi la barre des 7 millions de personnes vaccin\u00e9es ce mercredi 19 mai. Au total, <strong>7.029.682<\/strong> personnes ont re\u00e7u leur premi\u00e8re dose, alors que\u00a0<strong>4.673.903<\/strong> ont b\u00e9n\u00e9fici\u00e9 de la 2e, selon les chiffres du minist\u00e8re de la Sant\u00e9. Plus de <strong>354.000<\/strong> nouvelle doses ont \u00e9t\u00e9 administr\u00e9es en 24 heures.<\/p>\n<p class=\"rtejustify\">Un total de <strong>338\u00a0<\/strong>nouveaux cas d&rsquo;infection au nouveau coronavirus et de <strong>349<\/strong> gu\u00e9risons a \u00e9galement \u00e9t\u00e9 enregistr\u00e9 au cours des derni\u00e8res 24 heures. Ce nouveau bilan porte \u00e9galement \u00e0 <strong>515.758<\/strong> le nombre total des contaminations depuis le premier cas signal\u00e9 en mars 2020, tandis que le nombre des personnes r\u00e9tablies est pass\u00e9 \u00e0 <strong>504.210<\/strong> soit un taux de gu\u00e9rison de 97,7%, pr\u00e9cise-t-on.. Quant au nombre total des d\u00e9c\u00e8s, il s&rsquo;\u00e9tablit \u00e0 <strong>9.106<\/strong>, avec un\u00a0 d\u00e9c\u00e8s enregistr\u00e9\u00a0en 24 heures. Par ailleurs, les cas actifs s&rsquo;\u00e9tablissent \u00e0 <strong>2.442<\/strong>, tandis que les cas s\u00e9v\u00e8res ou critiques atteignent <strong>192<\/strong>, dont <strong>7<\/strong> plac\u00e9s sous intubation.<\/p>\n<blockquote readability=\"4.75\">\n<p class=\"rtejustify\"><strong>Pour plus de d\u00e9tails, voir l&rsquo;\u00e9volution en temps r\u00e9el de l&rsquo;\u00e9pid\u00e9mie sur <a href=\"https:\/\/www.leconomiste.com\/covid19\/\">https:\/\/www.leconomiste.com\/covid19\/<\/a><\/strong><\/p>\n<\/blockquote>\n<p>Auteur: hgueye<br \/>\n<a href=\"https:\/\/www.leconomiste.com\/flash-infos\/covid-millions-de-personnes-vaccinees-1\">Cliquez ici pour lire l&rsquo;article depuis sa source.<\/a><\/p>\n","protected":false},"excerpt":{"rendered":"<p>Le Maroc a franchi la barre des 7 millions de personnes vaccin\u00e9es ce mercredi 19 mai. Au total, 7.029.682 personnes ont re\u00e7u leur premi\u00e8re dose, alors que\u00a04.673.903 ont b\u00e9n\u00e9fici\u00e9 de la 2e, selon les chiffres du minist\u00e8re de la Sant\u00e9. Plus de 354.000 nouvelle doses ont \u00e9t\u00e9 administr\u00e9es en 24 heures. Un total de 338\u00a0nouveaux [&hellip;]<\/p>\n","protected":false},"author":1763,"featured_media":0,"comment_status":"closed","ping_status":"closed","sticky":false,"template":"","format":"standard","meta":{"fifu_image_url":"","fifu_image_alt":"","footnotes":""},"categories":[78,54],"tags":[],"class_list":["post-117023","post","type-post","status-publish","format-standard","hentry","category-economie","category-maroc"],"_links":{"self":[{"href":"https:\/\/linitiative.ca\/International\/wp-json\/wp\/v2\/posts\/117023","targetHints":{"allow":["GET"]}}],"collection":[{"href":"https:\/\/linitiative.ca\/International\/wp-json\/wp\/v2\/posts"}],"about":[{"href":"https:\/\/linitiative.ca\/International\/wp-json\/wp\/v2\/types\/post"}],"author":[{"embeddable":true,"href":"https:\/\/linitiative.ca\/International\/wp-json\/wp\/v2\/users\/1763"}],"replies":[{"embeddable":true,"href":"https:\/\/linitiative.ca\/International\/wp-json\/wp\/v2\/comments?post=117023"}],"version-history":[{"count":0,"href":"https:\/\/linitiative.ca\/International\/wp-json\/wp\/v2\/posts\/117023\/revisions"}],"wp:attachment":[{"href":"https:\/\/linitiative.ca\/International\/wp-json\/wp\/v2\/media?parent=117023"}],"wp:term":[{"taxonomy":"category","embeddable":true,"href":"https:\/\/linitiative.ca\/International\/wp-json\/wp\/v2\/categories?post=117023"},{"taxonomy":"post_tag","embeddable":true,"href":"https:\/\/linitiative.ca\/International\/wp-json\/wp\/v2\/tags?post=117023"}],"curies":[{"name":"wp","href":"https:\/\/api.w.org\/{rel}","templated":true}]}}