{"id":117024,"date":"2021-05-19T12:05:41","date_gmt":"2021-05-19T16:05:41","guid":{"rendered":"https:\/\/linitiative.ca\/International\/bcp-le-rnpg-en-hausse-de-24\/"},"modified":"2021-05-19T12:05:41","modified_gmt":"2021-05-19T16:05:41","slug":"bcp-le-rnpg-en-hausse-de-24","status":"publish","type":"post","link":"https:\/\/linitiative.ca\/International\/bcp-le-rnpg-en-hausse-de-24\/","title":{"rendered":"BCP: Le RNPG en hausse de 24%"},"content":{"rendered":"<p class=\"rtejustify\">Le Groupe Banque Centrale Populaire (BCP) a r\u00e9alis\u00e9 au premier trimestre un r\u00e9sultat net part du groupe (RNPG) de 500 millions de DH, en hausse de 24% avec l\u2019impact du don Covid19. Hors impact du don au fonds Covid, le b\u00e9n\u00e9fice a enregistr\u00e9 une hausse de 103,6% en glissement annuel. Le r\u00e9sultat net consolid\u00e9 s&rsquo;appr\u00e9cie de 46,9% \u00e0 691 millions de DH.<\/p>\n<p class=\"rtejustify\">Au total, le produit net bancaire (PNB) du Groupe affiche une croissance de 13% sur les trois premiers mois de l\u2019ann\u00e9e 2021 pour s\u2019\u00e9tablir \u00e0 4,8 milliards DH. La banque attribue cette performance essentiellement \u00e0 la \u00ab\u00a0forte \u00e9volution du r\u00e9sultat des activit\u00e9s de march\u00e9 qui se renforce de +794 millions de DH, profitant d\u2019un contexte des march\u00e9s financiers plus favorable que l\u2019ann\u00e9e pr\u00e9c\u00e9dente\u00a0\u00bb. Pour sa part, la marge d\u2019int\u00e9r\u00eat perd 3,1%, int\u00e9grant un resserrement des marges d\u2019interm\u00e9diation sur le march\u00e9, ajoute la BCP. Quant \u00e0 la marge sur commission, elle baisse de 3,7% \u00e0 847 millions de DH. De leur c\u00f4t\u00e9, les charges g\u00e9n\u00e9rales d\u2019exploitation s\u2019all\u00e8gent de 10,1%, \u00ab\u00a0gr\u00e2ce aux efforts consentis en termes d\u2019optimisation des charges et de la non-r\u00e9currence du don COVID 19 (250 millions de DH)\u00a0\u00bb.<\/p>\n<p class=\"rtejustify\">\u00ab\u00a0Dans un contexte qui demeure incertain, le Groupe est rest\u00e9 fid\u00e8le \u00e0 sa politique de provisionnement prudente. Ainsi, le co\u00fbt du risque consolid\u00e9 s\u2019est renforc\u00e9 de 55% pour s\u2019\u00e9tablir \u00e0 1,2 milliard de DH\u00a0\u00bb, pr\u00e9cise par ailleurs la BCP.<\/p>\n<p>Auteur: hgueye<br \/>\n<a href=\"https:\/\/www.leconomiste.com\/flash-infos\/bcp-le-rnpg-en-hausse-de-24\">Cliquez ici pour lire l&rsquo;article depuis sa source.<\/a><\/p>\n","protected":false},"excerpt":{"rendered":"<p>Le Groupe Banque Centrale Populaire (BCP) a r\u00e9alis\u00e9 au premier trimestre un r\u00e9sultat net part du groupe (RNPG) de 500 millions de DH, en hausse de 24% avec l\u2019impact du don Covid19. Hors impact du don au fonds Covid, le b\u00e9n\u00e9fice a enregistr\u00e9 une hausse de 103,6% en glissement annuel. Le r\u00e9sultat net consolid\u00e9 s&rsquo;appr\u00e9cie [&hellip;]<\/p>\n","protected":false},"author":1763,"featured_media":0,"comment_status":"closed","ping_status":"closed","sticky":false,"template":"","format":"standard","meta":{"fifu_image_url":"","fifu_image_alt":"","footnotes":""},"categories":[78,54],"tags":[],"class_list":["post-117024","post","type-post","status-publish","format-standard","hentry","category-economie","category-maroc"],"_links":{"self":[{"href":"https:\/\/linitiative.ca\/International\/wp-json\/wp\/v2\/posts\/117024","targetHints":{"allow":["GET"]}}],"collection":[{"href":"https:\/\/linitiative.ca\/International\/wp-json\/wp\/v2\/posts"}],"about":[{"href":"https:\/\/linitiative.ca\/International\/wp-json\/wp\/v2\/types\/post"}],"author":[{"embeddable":true,"href":"https:\/\/linitiative.ca\/International\/wp-json\/wp\/v2\/users\/1763"}],"replies":[{"embeddable":true,"href":"https:\/\/linitiative.ca\/International\/wp-json\/wp\/v2\/comments?post=117024"}],"version-history":[{"count":0,"href":"https:\/\/linitiative.ca\/International\/wp-json\/wp\/v2\/posts\/117024\/revisions"}],"wp:attachment":[{"href":"https:\/\/linitiative.ca\/International\/wp-json\/wp\/v2\/media?parent=117024"}],"wp:term":[{"taxonomy":"category","embeddable":true,"href":"https:\/\/linitiative.ca\/International\/wp-json\/wp\/v2\/categories?post=117024"},{"taxonomy":"post_tag","embeddable":true,"href":"https:\/\/linitiative.ca\/International\/wp-json\/wp\/v2\/tags?post=117024"}],"curies":[{"name":"wp","href":"https:\/\/api.w.org\/{rel}","templated":true}]}}