{"id":117025,"date":"2021-05-19T12:50:36","date_gmt":"2021-05-19T16:50:36","guid":{"rendered":"https:\/\/linitiative.ca\/International\/eric-laurent-et-catherine-graciet-renvoyes-en-proces-pour-chantage-sur-le-roi\/"},"modified":"2021-05-19T12:50:36","modified_gmt":"2021-05-19T16:50:36","slug":"eric-laurent-et-catherine-graciet-renvoyes-en-proces-pour-chantage-sur-le-roi","status":"publish","type":"post","link":"https:\/\/linitiative.ca\/International\/eric-laurent-et-catherine-graciet-renvoyes-en-proces-pour-chantage-sur-le-roi\/","title":{"rendered":"Eric Laurent et Catherine Graciet renvoy\u00e9s en proc\u00e8s pour \u00ab\u00a0chantage\u00a0\u00bb sur le Roi"},"content":{"rendered":"<p class=\"rtejustify\">Eric Laurent et Catherine Graciet, deux journalistes fran\u00e7ais soup\u00e7onn\u00e9s d&rsquo;avoir demand\u00e9 plusieurs millions d&rsquo;euros \u00e0 la famille royale du Maroc en 2015 pour ne pas publier un livre, ont \u00e9t\u00e9 renvoy\u00e9s en proc\u00e8s, indique mercredi l&rsquo;AFP.\u00a0<\/p>\n<p class=\"rtejustify\">Dans une ordonnance dat\u00e9e du 2 f\u00e9vrier, les juges d&rsquo;instruction charg\u00e9s de cette enqu\u00eate ont ordonn\u00e9 un proc\u00e8s pour \u00ab\u00a0chantage\u00a0\u00bb pour les deux journalistes. Ces derniers sont en revanche abandonn\u00e9 les poursuites pour \u00ab\u00a0extorsion de fonds par menace\u00a0\u00bb.<\/p>\n<p class=\"rtejustify\"><em>Avec AFP<\/em><\/p>\n<p>Auteur: hgueye<br \/>\n<a href=\"https:\/\/www.leconomiste.com\/flash-infos\/eric-laurent-et-catherine-graciet-renvoyes-en-proces-pour-chantage-sur-le-roi\">Cliquez ici pour lire l&rsquo;article depuis sa source.<\/a><\/p>\n","protected":false},"excerpt":{"rendered":"<p>Eric Laurent et Catherine Graciet, deux journalistes fran\u00e7ais soup\u00e7onn\u00e9s d&rsquo;avoir demand\u00e9 plusieurs millions d&rsquo;euros \u00e0 la famille royale du Maroc en 2015 pour ne pas publier un livre, ont \u00e9t\u00e9 renvoy\u00e9s en proc\u00e8s, indique mercredi l&rsquo;AFP.\u00a0 Dans une ordonnance dat\u00e9e du 2 f\u00e9vrier, les juges d&rsquo;instruction charg\u00e9s de cette enqu\u00eate ont ordonn\u00e9 un proc\u00e8s pour [&hellip;]<\/p>\n","protected":false},"author":1763,"featured_media":0,"comment_status":"closed","ping_status":"closed","sticky":false,"template":"","format":"standard","meta":{"fifu_image_url":"","fifu_image_alt":"","footnotes":""},"categories":[78,54],"tags":[],"class_list":["post-117025","post","type-post","status-publish","format-standard","hentry","category-economie","category-maroc"],"_links":{"self":[{"href":"https:\/\/linitiative.ca\/International\/wp-json\/wp\/v2\/posts\/117025","targetHints":{"allow":["GET"]}}],"collection":[{"href":"https:\/\/linitiative.ca\/International\/wp-json\/wp\/v2\/posts"}],"about":[{"href":"https:\/\/linitiative.ca\/International\/wp-json\/wp\/v2\/types\/post"}],"author":[{"embeddable":true,"href":"https:\/\/linitiative.ca\/International\/wp-json\/wp\/v2\/users\/1763"}],"replies":[{"embeddable":true,"href":"https:\/\/linitiative.ca\/International\/wp-json\/wp\/v2\/comments?post=117025"}],"version-history":[{"count":0,"href":"https:\/\/linitiative.ca\/International\/wp-json\/wp\/v2\/posts\/117025\/revisions"}],"wp:attachment":[{"href":"https:\/\/linitiative.ca\/International\/wp-json\/wp\/v2\/media?parent=117025"}],"wp:term":[{"taxonomy":"category","embeddable":true,"href":"https:\/\/linitiative.ca\/International\/wp-json\/wp\/v2\/categories?post=117025"},{"taxonomy":"post_tag","embeddable":true,"href":"https:\/\/linitiative.ca\/International\/wp-json\/wp\/v2\/tags?post=117025"}],"curies":[{"name":"wp","href":"https:\/\/api.w.org\/{rel}","templated":true}]}}