{"id":117026,"date":"2021-05-19T15:14:07","date_gmt":"2021-05-19T19:14:07","guid":{"rendered":"https:\/\/linitiative.ca\/International\/international-inter-milan-deux-joueurs-sur-le-depart\/"},"modified":"2021-05-19T15:14:07","modified_gmt":"2021-05-19T19:14:07","slug":"international-inter-milan-deux-joueurs-sur-le-depart","status":"publish","type":"post","link":"https:\/\/linitiative.ca\/International\/international-inter-milan-deux-joueurs-sur-le-depart\/","title":{"rendered":"International : Inter Milan : Deux joueurs sur le d\u00e9part"},"content":{"rendered":"<div readability=\"32\">\n<p>Auteur : <span class=\"time\">mercredi 19 mai 2021 14:30<\/span><\/p>\n<\/div>\n<div id=\"post_core\" readability=\"47\">\n<p>Le pr\u00e9sident Zhang et Antonio Conte doivent se rencontrer prochainement pour faire un bilan de l\u2019effectif et certains joueurs sont pouss\u00e9s vers la sortie pour, entre autres, all\u00e9ger la masse salariale du club et rajeunir le groupe.<\/p>\n<p>Selon Les-Transferts et La Gazzetta Dello Sport, c\u2019est tout le flanc gauche qui devrait faire ses valises cet \u00e9t\u00e9. Ashley Young\u00a0partira puisque son contrat expire \u00e0 la fin de saison, mais c\u2019est aussi le cas d\u2019Ivan Perisic (32 ans). Le Croate, qui a eu un r\u00f4le \u00e0 jouer dans ce titre, a un encore la cote sur le march\u00e9 et pourrait rapporter quelques millions \u00e0 l\u2019Inter.\u00a0<\/p>\n<p><strong>Publi\u00e9 dans :<\/strong> <span>Ivan Perisic<\/span> <span>Inter Milan : Ashley Young<\/span><\/p>\n<\/div>\n<p>Auteur:<br \/>\n<a href=\"http:\/\/www.lebuteur.com\/article\/detail?titre=inter-milan-deux-joueurs-sur-le-depart&#038;id=100115&#038;utm_source=feedburner&#038;utm_medium=feed&#038;utm_campaign=Feed%3A+GalerieFArtciles+%28Les+derniers+articles++-+lebuteur.com%29\">Cliquez ici pour lire l&rsquo;article depuis sa source.<\/a><\/p>\n","protected":false},"excerpt":{"rendered":"<p>Auteur : mercredi 19 mai 2021 14:30 Le pr\u00e9sident Zhang et Antonio Conte doivent se rencontrer prochainement pour faire un bilan de l\u2019effectif et certains joueurs sont pouss\u00e9s vers la sortie pour, entre autres, all\u00e9ger la masse salariale du club et rajeunir le groupe. Selon Les-Transferts et La Gazzetta Dello Sport, c\u2019est tout le flanc [&hellip;]<\/p>\n","protected":false},"author":1738,"featured_media":0,"comment_status":"closed","ping_status":"closed","sticky":false,"template":"","format":"standard","meta":{"fifu_image_url":"\/\/cdn.lebuteur.com\/data\/images\/article\/thumbs\/large-inter-milan-deux-joueurs-sur-le-depart-2eb33.jpg","fifu_image_alt":"International : Inter Milan : Deux joueurs sur le d\u00e9part","footnotes":""},"categories":[53,75],"tags":[],"class_list":["post-117026","post","type-post","status-publish","format-standard","hentry","category-algerie","category-sport"],"_links":{"self":[{"href":"https:\/\/linitiative.ca\/International\/wp-json\/wp\/v2\/posts\/117026","targetHints":{"allow":["GET"]}}],"collection":[{"href":"https:\/\/linitiative.ca\/International\/wp-json\/wp\/v2\/posts"}],"about":[{"href":"https:\/\/linitiative.ca\/International\/wp-json\/wp\/v2\/types\/post"}],"author":[{"embeddable":true,"href":"https:\/\/linitiative.ca\/International\/wp-json\/wp\/v2\/users\/1738"}],"replies":[{"embeddable":true,"href":"https:\/\/linitiative.ca\/International\/wp-json\/wp\/v2\/comments?post=117026"}],"version-history":[{"count":0,"href":"https:\/\/linitiative.ca\/International\/wp-json\/wp\/v2\/posts\/117026\/revisions"}],"wp:attachment":[{"href":"https:\/\/linitiative.ca\/International\/wp-json\/wp\/v2\/media?parent=117026"}],"wp:term":[{"taxonomy":"category","embeddable":true,"href":"https:\/\/linitiative.ca\/International\/wp-json\/wp\/v2\/categories?post=117026"},{"taxonomy":"post_tag","embeddable":true,"href":"https:\/\/linitiative.ca\/International\/wp-json\/wp\/v2\/tags?post=117026"}],"curies":[{"name":"wp","href":"https:\/\/api.w.org\/{rel}","templated":true}]}}