{"id":117027,"date":"2021-05-19T15:14:09","date_gmt":"2021-05-19T19:14:09","guid":{"rendered":"https:\/\/linitiative.ca\/International\/international-liverpool-alisson-bientot-recompense\/"},"modified":"2021-05-19T15:14:09","modified_gmt":"2021-05-19T19:14:09","slug":"international-liverpool-alisson-bientot-recompense","status":"publish","type":"post","link":"https:\/\/linitiative.ca\/International\/international-liverpool-alisson-bientot-recompense\/","title":{"rendered":"International : Liverpool : Alisson bient\u00f4t r\u00e9compens\u00e9"},"content":{"rendered":"<div readability=\"32\">\n<p>Auteur : <span class=\"time\">mercredi 19 mai 2021 16:00<\/span><\/p>\n<\/div>\n<div id=\"post_core\" readability=\"40\">\n<p>Si l\u2019engagement de l\u2019ancien portier de l\u2019AS Rome court jusqu\u2019en juin 2024, les Reds souhaitent l\u2019am\u00e9liorer en incluant des bonus li\u00e9s \u00e0 ses clean sheets. Les m\u00eames sources ne pr\u00e9cisent pas la dur\u00e9e de la prolongation que le champion d\u2019Angleterre 2019 a en t\u00eate pour l\u2019international auriverde, achet\u00e9 durant l\u2019\u00e9t\u00e9 2018 contre un ch\u00e8que de 62,5 millions d\u2019euros.\u00a0<\/p>\n<p><strong>Publi\u00e9 dans :<\/strong> <span>Liverpool : Alisson<\/span><\/p>\n<\/div>\n<p>Auteur:<br \/>\n<a href=\"http:\/\/www.lebuteur.com\/article\/detail?titre=liverpool-alisson-bientot-recompense&#038;id=100116&#038;utm_source=feedburner&#038;utm_medium=feed&#038;utm_campaign=Feed%3A+GalerieFArtciles+%28Les+derniers+articles++-+lebuteur.com%29\">Cliquez ici pour lire l&rsquo;article depuis sa source.<\/a><\/p>\n","protected":false},"excerpt":{"rendered":"<p>Auteur : mercredi 19 mai 2021 16:00 Si l\u2019engagement de l\u2019ancien portier de l\u2019AS Rome court jusqu\u2019en juin 2024, les Reds souhaitent l\u2019am\u00e9liorer en incluant des bonus li\u00e9s \u00e0 ses clean sheets. Les m\u00eames sources ne pr\u00e9cisent pas la dur\u00e9e de la prolongation que le champion d\u2019Angleterre 2019 a en t\u00eate pour l\u2019international auriverde, achet\u00e9 [&hellip;]<\/p>\n","protected":false},"author":1738,"featured_media":0,"comment_status":"closed","ping_status":"closed","sticky":false,"template":"","format":"standard","meta":{"fifu_image_url":"\/\/cdn.lebuteur.com\/data\/images\/article\/thumbs\/large-liverpool-alisson-bientot-recompense-35060.jpg","fifu_image_alt":"International : Liverpool : Alisson bient\u00f4t r\u00e9compens\u00e9","footnotes":""},"categories":[53,75],"tags":[],"class_list":["post-117027","post","type-post","status-publish","format-standard","hentry","category-algerie","category-sport"],"_links":{"self":[{"href":"https:\/\/linitiative.ca\/International\/wp-json\/wp\/v2\/posts\/117027","targetHints":{"allow":["GET"]}}],"collection":[{"href":"https:\/\/linitiative.ca\/International\/wp-json\/wp\/v2\/posts"}],"about":[{"href":"https:\/\/linitiative.ca\/International\/wp-json\/wp\/v2\/types\/post"}],"author":[{"embeddable":true,"href":"https:\/\/linitiative.ca\/International\/wp-json\/wp\/v2\/users\/1738"}],"replies":[{"embeddable":true,"href":"https:\/\/linitiative.ca\/International\/wp-json\/wp\/v2\/comments?post=117027"}],"version-history":[{"count":0,"href":"https:\/\/linitiative.ca\/International\/wp-json\/wp\/v2\/posts\/117027\/revisions"}],"wp:attachment":[{"href":"https:\/\/linitiative.ca\/International\/wp-json\/wp\/v2\/media?parent=117027"}],"wp:term":[{"taxonomy":"category","embeddable":true,"href":"https:\/\/linitiative.ca\/International\/wp-json\/wp\/v2\/categories?post=117027"},{"taxonomy":"post_tag","embeddable":true,"href":"https:\/\/linitiative.ca\/International\/wp-json\/wp\/v2\/tags?post=117027"}],"curies":[{"name":"wp","href":"https:\/\/api.w.org\/{rel}","templated":true}]}}