{"id":117029,"date":"2021-05-19T15:14:12","date_gmt":"2021-05-19T19:14:12","guid":{"rendered":"https:\/\/linitiative.ca\/International\/pros-ghoulam-reprend-le-travail-en-salle\/"},"modified":"2021-05-19T15:14:12","modified_gmt":"2021-05-19T19:14:12","slug":"pros-ghoulam-reprend-le-travail-en-salle","status":"publish","type":"post","link":"https:\/\/linitiative.ca\/International\/pros-ghoulam-reprend-le-travail-en-salle\/","title":{"rendered":"Pros : Ghoulam reprend le travail en salle !"},"content":{"rendered":"<div readability=\"32\">\n<p>Auteur : <span>Moumen A.<\/span> <span class=\"time\">mercredi 19 mai 2021 18:43<\/span><\/p>\n<\/div>\n<div id=\"post_core\" readability=\"41\">\n<p>Victime d\u2019une s\u00e9rieuse blessure il y a quelques semaines, le lat\u00e9ral gauche de l\u2019\u00e9quipe nationale Faouzi Ghoulam est donn\u00e9 absent pour une dur\u00e9e de 6 mois en raison d\u2019une grave blessure au genou. Seulement, sa bonne conduite et sa rigueur dans cette phase de convalescence, lui a permis de tr\u00e8s bien r\u00e9cup\u00e9r\u00e9. Selon la presse italienne de ce mercredi, le joueur form\u00e9 \u00e0 l\u2019AS Saint-Etienne devrait \u00eatre r\u00e9tabli plus t\u00f4t que pr\u00e9vu. Faouzi a m\u00eame commenc\u00e9 le travail individuel de musculation. Ghoulam qui a repris le travail en salle est attendu pour la reprise\u00a0 pr\u00e9vue le mois de juillet prochain avec le groupe pour la pr\u00e9paration d\u2019intersaison.<\/p>\n<p><strong>Moumen A.<\/strong><\/p>\n<p><strong>Publi\u00e9 dans :<\/strong> <span>faouzi ghoulam<\/span><\/p>\n<\/div>\n<p>Auteur:<br \/>\n<a href=\"http:\/\/www.lebuteur.com\/article\/detail?titre=ghoulam-reprend-le-travail-en-salle&#038;id=100118&#038;utm_source=feedburner&#038;utm_medium=feed&#038;utm_campaign=Feed%3A+GalerieFArtciles+%28Les+derniers+articles++-+lebuteur.com%29\">Cliquez ici pour lire l&rsquo;article depuis sa source.<\/a><\/p>\n","protected":false},"excerpt":{"rendered":"<p>Auteur : Moumen A. mercredi 19 mai 2021 18:43 Victime d\u2019une s\u00e9rieuse blessure il y a quelques semaines, le lat\u00e9ral gauche de l\u2019\u00e9quipe nationale Faouzi Ghoulam est donn\u00e9 absent pour une dur\u00e9e de 6 mois en raison d\u2019une grave blessure au genou. Seulement, sa bonne conduite et sa rigueur dans cette phase de convalescence, lui [&hellip;]<\/p>\n","protected":false},"author":1738,"featured_media":0,"comment_status":"closed","ping_status":"closed","sticky":false,"template":"","format":"standard","meta":{"fifu_image_url":"\/\/cdn.lebuteur.com\/data\/images\/article\/thumbs\/large-ghoulam-reprend-le-travail-en-salle-2d1e8.jpg","fifu_image_alt":"Pros : Ghoulam reprend le travail en salle !","footnotes":""},"categories":[53,75],"tags":[],"class_list":["post-117029","post","type-post","status-publish","format-standard","hentry","category-algerie","category-sport"],"_links":{"self":[{"href":"https:\/\/linitiative.ca\/International\/wp-json\/wp\/v2\/posts\/117029","targetHints":{"allow":["GET"]}}],"collection":[{"href":"https:\/\/linitiative.ca\/International\/wp-json\/wp\/v2\/posts"}],"about":[{"href":"https:\/\/linitiative.ca\/International\/wp-json\/wp\/v2\/types\/post"}],"author":[{"embeddable":true,"href":"https:\/\/linitiative.ca\/International\/wp-json\/wp\/v2\/users\/1738"}],"replies":[{"embeddable":true,"href":"https:\/\/linitiative.ca\/International\/wp-json\/wp\/v2\/comments?post=117029"}],"version-history":[{"count":0,"href":"https:\/\/linitiative.ca\/International\/wp-json\/wp\/v2\/posts\/117029\/revisions"}],"wp:attachment":[{"href":"https:\/\/linitiative.ca\/International\/wp-json\/wp\/v2\/media?parent=117029"}],"wp:term":[{"taxonomy":"category","embeddable":true,"href":"https:\/\/linitiative.ca\/International\/wp-json\/wp\/v2\/categories?post=117029"},{"taxonomy":"post_tag","embeddable":true,"href":"https:\/\/linitiative.ca\/International\/wp-json\/wp\/v2\/tags?post=117029"}],"curies":[{"name":"wp","href":"https:\/\/api.w.org\/{rel}","templated":true}]}}