{"id":117031,"date":"2021-05-19T15:38:12","date_gmt":"2021-05-19T19:38:12","guid":{"rendered":"https:\/\/linitiative.ca\/International\/importation-de-vehicules-neufs-aucun-dossier-traite\/"},"modified":"2021-05-19T15:38:12","modified_gmt":"2021-05-19T19:38:12","slug":"importation-de-vehicules-neufs-aucun-dossier-traite","status":"publish","type":"post","link":"https:\/\/linitiative.ca\/International\/importation-de-vehicules-neufs-aucun-dossier-traite\/","title":{"rendered":"Importation de v\u00e9hicules neufs : Aucun dossier trait\u00e9"},"content":{"rendered":"<h4 class=\"title-14\"\/>\n<div class=\"featured_image\"><img loading=\"lazy\" decoding=\"async\" width=\"1360\" height=\"680\" src=\"https:\/\/www.elwatan.com\/wp-content\/uploads\/2021\/01\/voitures.gif\" class=\"attachment-post-thumbnail size-post-thumbnail wp-post-image\" alt=\"\"\/> <span class=\"featured-image-caption\">PHOTO : D. R.<\/span><\/div>\n<p><em><strong>L\u2019information nous a \u00e9t\u00e9 donn\u00e9e par une dizaine de concessionnaires contact\u00e9s. Selon leurs dires, aucun agr\u00e9ment n\u2019est pr\u00eat \u00e0 \u00eatre d\u00e9livr\u00e9.<\/strong><\/em><\/p>\n<p>La raison, aucun dossier n\u2019a \u00e9t\u00e9 trait\u00e9 par la commission en charge du traitement des dossiers pour l\u2019obtention de l\u2019agr\u00e9ment d\u2019importateur de v\u00e9hicules neufs.<\/p>\n<p>Il s\u2019agit-l\u00e0 d\u2019une situation inadmissible, nous ont-ils d\u00e9clar\u00e9s, car des engagements ont \u00e9t\u00e9 pris entre op\u00e9rateur alg\u00e9riens et maisons m\u00e8res \u00e9tablies \u00e0 l\u2019\u00e9tranger.<\/p>\n<p>D\u2019apr\u00e8s nos informations, la commission en question ne se serait pas encore r\u00e9unie.<\/p>\n<p>Les dispositions des lois 41 et 42 relatives au nouveau cahier des charges fraichement rectifi\u00e9 par Mohamed Bacha, ministre de l\u2019Industrie et des Mines, pr\u00e9cisent que la commission doit \u00eatre compos\u00e9e de plusieurs membres issus du minist\u00e8re de l\u2019Industrie, pr\u00e9sidant la s\u00e9ance, si\u00e9geant \u00e0 leurs c\u00f4t\u00e9s des membres repr\u00e9sentant le minist\u00e8re de l\u2019Int\u00e9rieur et des collectivit\u00e9s locales, des Finances et un membre du minist\u00e8re du Commerce.<\/p>\n<p>Selon les informations que certains concessionnaires nous ont communiqu\u00e9, cette commission n\u2019aurait jamais \u00e9t\u00e9 cr\u00e9\u00e9e et aucun membre n\u2019a encore \u00e9t\u00e9 d\u00e9sign\u00e9.<\/p>\n<p>Une situation qui plonge \u00e0 nouveau le secteur de l\u2019automobile dans le flou le plus total et provoquant automatiquement la col\u00e8re, la consternation et l\u2019indignation de dizaines d\u2019op\u00e9rateurs qui faut-il le rappel\u00e9, ont investit des sommes faramineuses dans la mise en place des infrastructures d\u00e9di\u00e9es \u00e0 l\u2019activit\u00e9 d\u2019importation de v\u00e9hicules neufs.<\/p>\n<p><span class=\"post-views-label\">Post Views:<\/span> <span class=\"post-views-count\">69<\/span><\/p>\n<p><br class=\"c2\"\/><\/p>\n<div class=\"ichhar-moneytagnative c5\" id=\"ichhar-1477445394\">\n<p>Advertisements<\/p>\n<\/div>\n<p><br class=\"c2\"\/><br \/>\n<br class=\"c6\"\/><\/p>\n<p>Auteur: Mohand Yahiaoui<br \/>\n<a href=\"https:\/\/www.elwatan.com\/edition\/actualite\/importation-de-vehicules-neufs-aucun-dossier-traite-19-05-2021\">Cliquez ici pour lire l&rsquo;article depuis sa source.<\/a><\/p>\n","protected":false},"excerpt":{"rendered":"<p>PHOTO : D. R. L\u2019information nous a \u00e9t\u00e9 donn\u00e9e par une dizaine de concessionnaires contact\u00e9s. Selon leurs dires, aucun agr\u00e9ment n\u2019est pr\u00eat \u00e0 \u00eatre d\u00e9livr\u00e9. La raison, aucun dossier n\u2019a \u00e9t\u00e9 trait\u00e9 par la commission en charge du traitement des dossiers pour l\u2019obtention de l\u2019agr\u00e9ment d\u2019importateur de v\u00e9hicules neufs. Il s\u2019agit-l\u00e0 d\u2019une situation inadmissible, nous [&hellip;]<\/p>\n","protected":false},"author":1743,"featured_media":0,"comment_status":"closed","ping_status":"closed","sticky":false,"template":"","format":"standard","meta":{"fifu_image_url":"https:\/\/www.elwatan.com\/wp-content\/uploads\/2021\/01\/voitures.gif","fifu_image_alt":"Importation de v\u00e9hicules neufs : Aucun dossier trait\u00e9","footnotes":""},"categories":[73,53],"tags":[],"class_list":["post-117031","post","type-post","status-publish","format-standard","hentry","category-actualite","category-algerie"],"_links":{"self":[{"href":"https:\/\/linitiative.ca\/International\/wp-json\/wp\/v2\/posts\/117031","targetHints":{"allow":["GET"]}}],"collection":[{"href":"https:\/\/linitiative.ca\/International\/wp-json\/wp\/v2\/posts"}],"about":[{"href":"https:\/\/linitiative.ca\/International\/wp-json\/wp\/v2\/types\/post"}],"author":[{"embeddable":true,"href":"https:\/\/linitiative.ca\/International\/wp-json\/wp\/v2\/users\/1743"}],"replies":[{"embeddable":true,"href":"https:\/\/linitiative.ca\/International\/wp-json\/wp\/v2\/comments?post=117031"}],"version-history":[{"count":0,"href":"https:\/\/linitiative.ca\/International\/wp-json\/wp\/v2\/posts\/117031\/revisions"}],"wp:attachment":[{"href":"https:\/\/linitiative.ca\/International\/wp-json\/wp\/v2\/media?parent=117031"}],"wp:term":[{"taxonomy":"category","embeddable":true,"href":"https:\/\/linitiative.ca\/International\/wp-json\/wp\/v2\/categories?post=117031"},{"taxonomy":"post_tag","embeddable":true,"href":"https:\/\/linitiative.ca\/International\/wp-json\/wp\/v2\/tags?post=117031"}],"curies":[{"name":"wp","href":"https:\/\/api.w.org\/{rel}","templated":true}]}}