{"id":117033,"date":"2021-05-19T05:15:00","date_gmt":"2021-05-19T09:15:00","guid":{"rendered":"https:\/\/linitiative.ca\/International\/et-pourtant-notre-tunisie-est-riche-en-competences\/"},"modified":"2021-05-19T05:15:00","modified_gmt":"2021-05-19T09:15:00","slug":"et-pourtant-notre-tunisie-est-riche-en-competences","status":"publish","type":"post","link":"https:\/\/linitiative.ca\/International\/et-pourtant-notre-tunisie-est-riche-en-competences\/","title":{"rendered":"Et pourtant\u2026 notre Tunisie est riche en comp\u00e9tences!"},"content":{"rendered":"<p><span class=\"c2\"><em><strong><img decoding=\"async\" src=\"\/uploads\/FCK_files\/Ben-Kaim(2).jpg\" alt=\"\" width=\"20%\" vspace=\"5\" hspace=\"5\" align=\"left\"\/>Par Boubaker Benkraiem &#8211;<\/strong><\/em><\/span> Notre gouvernement a d\u00e9p\u00each\u00e9 \u00e0 Washington (USA), ces derniers jours, une d\u00e9l\u00e9gation de tr\u00e8s haut niveau pour n\u00e9gocier avec le F.M.I., la possibilit\u00e9 de l\u2019octroi d\u2019un pr\u00eat financier destin\u00e9 \u00e0 soulager les finances du pays qui ne sont pas brillantes depuis quelques ann\u00e9es. Nous avons tous eu \u00e9cho, depuis un bon bout de temps, des difficult\u00e9s que conna\u00eet la Tunisie, dans ce domaine. Cette situation a \u00e9t\u00e9, malheureusement, amplifi\u00e9e par l\u2019ambiance qui r\u00e8gne au sein de la sc\u00e8ne politique\u00a0 d\u2019une part, et des pressions caus\u00e9es par le Covid-19 d\u2019autre part.<\/p>\n<p>Appartenant \u00e0 la g\u00e9n\u00e9ration de l\u2019ind\u00e9pendance, j\u2019ai eu la chance de vivre toutes les p\u00e9rip\u00e9ties et les vicissitudes qu\u2019ont v\u00e9cues notre pays, les joies qui l\u2019ont combl\u00e9 et les difficult\u00e9s qu\u2019il a connues et support\u00e9es tant bien que mal.<\/p>\n<p>Plus de dix ans se sont \u00e9coul\u00e9s depuis que notre pays a r\u00e9ussi une r\u00e9volution vraiment\u00a0 \u00b0soft\u00b0 comme on le dit et contrairement \u00e0 ce que le peuple attendait, rien de positif, \u00e0 l\u2019exception de la libert\u00e9 d\u2019expression, ne s\u2019est produit:<\/p>\n<p class=\"c4\"><span class=\"c3\"><strong>\u2022<\/strong><\/span> Le niveau de vie a r\u00e9gress\u00e9,<\/p>\n<p class=\"c4\"><span class=\"c3\"><strong>\u2022<\/strong><\/span> Le ch\u00f4mage a progress\u00e9,<\/p>\n<p class=\"c4\"><span class=\"c3\"><strong>\u2022<\/strong><\/span> Pas de grands projets r\u00e9alis\u00e9s,<\/p>\n<p class=\"c4\"><span class=\"c3\"><strong>\u2022<\/strong><\/span> Pas de perspectives positives \u00e0 court terme, surtout pour les jeunes ainsi que pour les dipl\u00f4m\u00e9s du sup\u00e9rieur,<\/p>\n<p class=\"c4\"><span class=\"c3\"><strong>\u2022<\/strong><\/span> Une ambiance g\u00e9n\u00e9rale assez morose.\u00a0\u00a0\u00a0\u00a0\u00a0\u00a0\u00a0\u00a0\u00a0\u00a0\u00a0\u00a0\u00a0\u00a0<\/p>\n<p>L\u2019impression qui se d\u00e9gage de cette situation est que le contact entre les gouvernants et le peuple est quasi inexistant surtout dans cette p\u00e9riode de la Covid- 19, alors que la population a besoin d\u2019 \u00eatre, en permanence, revigor\u00e9e pour aller de l\u2019avant, travailler et produire davantage, ne pas perdre espoir et participer au d\u00e9veloppement \u00e9conomique qui est la seule voie de salut pour tous nos concitoyens. La situation \u00e9tant ce qu\u2019elle et le monde ce que nous savons, nous devons compter sur nos propres moyens pour nous en sortir car viendra un jour o\u00f9 les organismes internationaux et nos amis traditionnels ne pourront plus nous soutenir ou ne voudront plus le faire.<\/p>\n<p>Mais ce qui retient l\u2019attention de cette premi\u00e8re d\u00e9cennie post r\u00e9volution, c\u2019est que nous n\u2019avons pas progress\u00e9 d\u2019un iota alors que notre pays regorge de comp\u00e9tences dans tous les domaines, comp\u00e9tences qui ne sont, malheureusement, pas utilis\u00e9es parce qu\u2019elles ont\u2026 servi l\u2019ancien r\u00e9gime comme si tous ceux qui ont servi le pays sous le r\u00e9gime des Pr\u00e9sidents Bourguiba ou Ben Ali \u00e9taient des tra\u00eetres, des incapables et des pestif\u00e9r\u00e9s de la plan\u00e8te et qu\u2019ils n\u2019ont plus leur place dans ce pays. D\u2019ailleurs, a-t-on le droit, quelle que soit la position qu\u2019on occupe, de porter un jugement sur le pass\u00e9 de quelqu\u2019un alors que seule la justice est comp\u00e9tente en la mati\u00e8re. Aussi, n\u2019avons-nous pas encore saisi le co\u00fbt de ce pr\u00e9jug\u00e9 quand on observe l\u2019\u00e9tat de la situation \u00e9conomique et sociale de notre pays. N\u00e9gliger de grandes comp\u00e9tences \u00e0 la renomm\u00e9e internationale bien \u00e9tablie et aux carnets d\u2019adresses bien garnies est une preuve de manque d\u2019exp\u00e9rience manifeste et cela est, d\u00e9j\u00e0, en train de nous co\u00fbter tr\u00e8s cher.<\/p>\n<p>D\u2019autre part, nous constatons que nos gouvernants n\u2019ont pas la pratique requise pour faire face \u00e0 certaines situations d\u00e9licates ou urgentes n\u00e9cessitant des initiatives rapides telle que la lutte anti Covid-19 quant \u00e0 l\u2019approvisionnement en vaccins, notre pays n\u2019ayant pas \u00e9t\u00e9 assez rapide dans l\u2019acquisition de ces immunisations. D\u2019autre part, quand le pays traverse une p\u00e9riode aussi d\u00e9licate, s\u00e9rieuse et sensible\u00a0 comme celle de la Covid-19, il a grandement besoin d\u2019\u00eatre en communion directe avec les Grands Responsables. Malheureusement, aucun d\u2019eux n\u2019a jug\u00e9 bon de s\u2019adresser au peuple pour lui remonter le moral, le soutenir, le tranquilliser, le mettre en confiance et le rassurer \u00e0 ce propos. Et d\u2019ailleurs pourquoi on n\u2019a pas vu les premiers responsables de l\u2019Etat ( MM. le Pr\u00e9sident, le Chef du gouvernement, le Pr\u00e9sident de l\u2019ARP, etc.\u2026) se faire vacciner pour donner l\u2019exemple aux concitoyens encore h\u00e9sitants et ils sont, encore, fort nombreux?<\/p>\n<p>Dans quelques mois, les touristes courageux, pour peu que la situation de la pand\u00e9mie s\u2019am\u00e9liore et le permette, reviendront en vacances en Tunisie. Dans quel \u00e9tat de\u00a0 propret\u00e9 vont-ils trouver notre pays ? Nos responsables, \u00e0 tous les niveaux et dans toutes les r\u00e9gions, sont-ils satisfaits de la propret\u00e9 de nos villes, de nos villages, de nos rues, de nos avenues, de nos plages et de l\u2019environnement de nos nombreux sites touristiques qui accueilleront ces touristes ?<\/p>\n<p>Messieurs, notre pays, petit par sa superficie mais Grand par son Peuple, son Histoire et ses Hommes et Femmes c\u00e9l\u00e8bres, jouit, gr\u00e2ce \u00e0 la R\u00e9volution de la Dignit\u00e9 et de la Libert\u00e9, et au prestige du Grand Bourguiba, d\u2019un courant de sympathie et de consid\u00e9ration \u00e0 travers tous les continents. Notre devoir est de faire r\u00e9ussir cette exp\u00e9rience pour qu\u2019elle serve d\u2019exemple et de mod\u00e8le, stigmatise toutes les formes de dictature et redonne espoir aux peuples \u00e9pris de D\u00e9mocratie et de Libert\u00e9. Nous devons en profiter pour attirer autant les touristes qui viendront d\u00e9couvrir ou revisiter * le Pays de la R\u00e9volution du Jasmin*, que les investisseurs et nos partenaires europ\u00e9ens qui, parce qu\u2019ils sont proches de nous et qu\u2019ils nous connaissent mieux que quiconque, peuvent nous soutenir et nous aider pour peu qu\u2019on les rassure sur les questions de s\u00e9curit\u00e9, de stabilit\u00e9 et de libert\u00e9.<\/p>\n<p>Ce qui est grave et m\u00eame triste, c\u2019est que l\u2019Etat est en train de perdre, jour apr\u00e8s jour, de son Autorit\u00e9 et de son Prestige et le Gouvernement de sa cr\u00e9dibilit\u00e9: comment peut-on accepter, dix ans apr\u00e8s la R\u00e9volution, que quelques\u00a0 dizaines de citoyens, outre passant l\u2019interdiction de circulation dans une zone saharienne, il y a quelques mois et pour des motifs, malgr\u00e9 tout, discutables parce qu\u2019ils touchent aux int\u00e9r\u00eats supr\u00eames du pays, p\u00e9n\u00e9tr\u00e9 dans une zone militaire, de surcro\u00eet interdite, ferm\u00e9 la vanne du gazoduc causant des pertes incalculables \u00e0 l\u2019entreprise et au pays et n\u2019ont \u00e9t\u00e9, nullement, d\u00e9rang\u00e9 par les Autorit\u00e9s. Ils ont pos\u00e9 leurs conditions pour rouvrir la vanne, augmentant de la sorte les difficult\u00e9s financi\u00e8res que vit la Tunisie. Et ils ont eu gain de cause. Ceci est aussi valable pour la r\u00e9gion des phosphates \u00e0 tel point que nous avons \u00e9t\u00e9 oblig\u00e9s d\u2019en importer (quelle honte !) de bonnes quantit\u00e9s pour respecter nos engagements avec certains clients. D\u2019autre jeunes, et pour diverses raisons, venaient devant le si\u00e8ge d\u2019un Gouvernorat ou d\u2019une D\u00e9l\u00e9gation, ou d\u2019une Direction r\u00e9gionale, scander le slogan\u00a0 *D\u00e9gage* \u00e0 l\u2019intention du responsable en place, qu\u2019il soit Gouverneur, PDG, D\u00e9l\u00e9gu\u00e9 ou Directeur? Dans un cas comme dans l\u2019autre, de quel droit peuvent-ils mettre en p\u00e9ril l\u2019\u00e9conomie du pays ? Comment, quelles que soient les raisons des manifestations et des demandes, aussi l\u00e9gitimes soient-elles, comment on avait admis et tol\u00e9r\u00e9 cela? Aussi, ne voyant aucune r\u00e9action \u00e9nergique de l\u2019Etat condamnant et interdisant ce comportement nuisible et dangereux parce qu\u2019il est contagieux, l\u2019on est en droit de se poser des questions : pourquoi cet immobilisme, ce laxisme et ce mutisme de la part des Autorit\u00e9s? Dans quel but a-t-on laiss\u00e9 faire et autoris\u00e9 pareille conduite? Est-ce ainsi que nous allons vaincre le ch\u00f4mage? Est-ce ainsi que nous allons encourager les bailleurs de fonds \u00e0\u00a0 venir investir dans le pays ? Est-ce ainsi que la D\u00e9mocratie va \u00eatre ancr\u00e9e dans nos esprits et dans nos m\u0153urs? Ceci \u00e9tait compr\u00e9hensible durant les premiers mois de la R\u00e9volution pour plusieurs raisons dont l\u2019absence d\u2019une autorit\u00e9 l\u00e9gitime mais cela s\u2019est prolong\u00e9 durant des ann\u00e9es et si cela est devenu une habitude, banalis\u00e9, alors adieu veau, vache, *b\u0153uf*, couv\u00e9e, comme l\u2019a si bien dit le po\u00e8te De La Fontaine !! Admettre cela et ne pas r\u00e9agir en utilisant, tous les moyens l\u00e9gaux disponibles, et m\u00eame, au besoin, la force, d\u00e9t\u00e9riorera davantage le Prestige de l\u2019Etat et rendra encore plus difficile la reprise en mains n\u00e9cessaire et indispensable au d\u00e9veloppement \u00e9conomique tant souhait\u00e9 (retour des investisseurs \u00e9trangers et tunisiens et encouragement aux nouveaux, reprise des activit\u00e9s touristiques, etc.\u2026.) sans lequel le pays ne peut ni \u00e9voluer, ni juguler le ch\u00f4mage, l\u2019ennemi public num\u00e9ro un par excellence.<\/p>\n<p>Je suis d\u00e9sol\u00e9 de faire ce constat : un gouvernement l\u00e9gitime, soutenu et appuy\u00e9 par les Repr\u00e9sentants du Peuple et ayant leur confiance ne doit pas se contenter, sous pr\u00e9texte de D\u00e9mocratie et de Libert\u00e9, d\u2019observer, de laisser faire ou de n\u00e9gocier timidement, tout en d\u00e9montrant une quelconque nonchalance ou une certaine faiblesse. C\u2019est alors la Loi de la jungle et tout le monde y perdra, \u00e0 commencer par le gouvernement lui-m\u00eame. Relisons l\u2019histoire tout \u00e0 fait r\u00e9cente et rappelons-nous comment les choses ont commenc\u00e9 et \u00e9volu\u00e9, chez certains voisins non loin de nous, il n\u2019y a pas si longtemps.<\/p>\n<p>D\u2019autre part, je demande \u00e0 la classe politique et surtout aux responsables des Partis, petits ou grands, d\u2019avoir une certaine honn\u00eatet\u00e9 intellectuelle en parlant du pass\u00e9 de la Tunisie, et surtout des r\u00e9alisations qui y ont \u00e9t\u00e9 effectu\u00e9es durant le demi-si\u00e8cle \u00e9coul\u00e9: Messieurs, avant de continuer \u00e0 dire que rien n\u2019a \u00e9t\u00e9 fait dans le pass\u00e9, dites-nous ce qui l\u2019a \u00e9t\u00e9 au cours de cette derni\u00e8re d\u00e9cennie et continuez \u00e0 dire que les r\u00e9gions de l\u2019int\u00e9rieur \u00e9taient les oubli\u00e9es de la Plan\u00e8te car, ainsi, vous\u00a0 perdrez de votre cr\u00e9dibilit\u00e9 car le monde entier et surtout nos partenaires occidentaux ainsi que les organismes internationaux connaissent mieux que quiconque le niveau atteint par notre pays, dans tous les domaines depuis l\u2019ind\u00e9pendance. En 1956, nous \u00e9tions quelques trois millions \u00e0 trois millions et demi d\u2019habitants et nous avions, au minimum, pr\u00e8s de soixante-dix pour cent d\u2019illettr\u00e9s parmi la population. Le pays ne comptait en tout et pour tout qu\u2019une dizaine de lyc\u00e9es lors de l\u2019ind\u00e9pendance et le Pr\u00e9sident Bourguiba en a laiss\u00e9, trente ans plus tard, plusieurs centaines\u00a0 en 1987. Soyons s\u00e9rieux et honn\u00eates et faisons la comparaison avec ce qui existe aujourd\u2019hui ou m\u00eame ce qui existait, d\u00e9j\u00e0, en 2011. Je ne veux pas d\u00e9fendre ni le Pr\u00e9sident Bourguiba, qui, malgr\u00e9 les erreurs commises, demeurera l\u2019un des plus grands Hommes d\u2019Etat de l\u2019Histoire de la Tunisie si ce n\u2019est le plus grand ni celui de Ben Ali qui a r\u00e9alis\u00e9, quand m\u00eame, beaucoup de choses et les faits sont l\u00e0. Je n\u2019ai pas entendu beaucoup de responsables politiques reconna\u00eetre qu\u2019en cinquante ans d\u2019ind\u00e9pendance, beaucoup de choses positives ont \u00e9t\u00e9 r\u00e9alis\u00e9es et cela est regrettable car on ne peut, en aucune mani\u00e8re, effacer notre histoire. Et, en toute honn\u00eatet\u00e9, qu\u2019avons-nous r\u00e9alis\u00e9e durant cette derni\u00e8re d\u00e9cennie, la d\u00e9cennie de la R\u00e9volution ?<\/p>\n<p>Mais ce qui se passe, ces jours-ci, au sommet de l\u2019Ex\u00e9cutif, n\u2019est ni glorieux ni valeureux. Il y a des choses qu\u2019on ne peut, pour des raisons de souverainet\u00e9 et de prestige, d\u00e9baller, en plein public, car elles peuvent nuire \u00e0 notre pays, \u00e0 sa r\u00e9putation, \u00e0 sa r\u00e9volution respect\u00e9e partout parce qu\u2019elle a \u00e9t\u00e9 \u00ab leaderness \u00bb, peu sanglante et men\u00e9e d\u2019une mani\u00e8re civilis\u00e9e.<\/p>\n<p>Des bribes d\u2019informations provenant de Washington (FMI) n\u2019\u00e9taient, malheureusement,\u00a0 pas tr\u00e8s brillantes. Alors que faire ?<\/p>\n<p>Je propose que les trois \u00b0magisters\u00b0 qui gouvernent le pays doivent, sans d\u00e9lai, et avec les trois repr\u00e9sentants des organisations nationales (UGTT, UTICA, UNAP) prendre le taureau par les cornes et trouver, tr\u00e8s rapidement, la solution \u00e0 cette situation in\u00e9dite depuis plusieurs d\u00e9cennies. Ils doivent mettre de c\u00f4t\u00e9 leur \u00e9go, leur sensibilit\u00e9 politique, leur incompatibilit\u00e9 d\u2019humeur, leur fiert\u00e9, leur ambition et ne penser qu\u2019\u00e0 sauver le pays de la banqueroute. Les partis politiques qui ont inject\u00e9 des dizaines de milliers de leurs partisans dans la fonction publique qui n\u2019en avait, absolument, pas besoin, au lendemain de la r\u00e9volution du 14 janvier, sont les premiers \u00e0 mobiliser leurs alli\u00e9s arabes pour venir au secours de notre pays qui ne m\u00e9rite pas cette situation.<\/p>\n<p>J\u2019esp\u00e8re, enfin, que nos politiciens, toutes tendances confondues, sont convaincus que gouverner un pays n\u2019est pas chose ais\u00e9e ni facile et le fait d\u2019avoir \u00e9cart\u00e9 les grandes comp\u00e9tences, reconnues \u00e0 l\u2019\u00e9chelle internationale dans des domaines pointus tels que les finances\u00a0 et l\u2019\u00e9conomie, a \u00e9t\u00e9 une grave erreur que nous sommes en train de payer, ch\u00e8rement.<\/p>\n<p class=\"c6\"><strong>Boubaker Benkraiem<\/strong><br \/><span class=\"c5\"><em>Ancien Sous-chef d\u2019Etat-major de l\u2019Arm\u00e9e de Terre<br \/>Ancien Commandant des Unit\u00e9s Sahariennes<br \/>Ancien Gouverneur<\/em><\/span><\/p>\n<p>Auteur:<br \/>\n<a href=\"https:\/\/www.leaders.com.tn\/article\/31891-et-pourtant-notre-tunisie-est-riche-en-competences\">Cliquez ici pour lire l&rsquo;article depuis sa source.<\/a><\/p>\n","protected":false},"excerpt":{"rendered":"<p>Par Boubaker Benkraiem &#8211; Notre gouvernement a d\u00e9p\u00each\u00e9 \u00e0 Washington (USA), ces derniers jours, une d\u00e9l\u00e9gation de tr\u00e8s haut niveau pour n\u00e9gocier avec le F.M.I., la possibilit\u00e9 de l\u2019octroi d\u2019un pr\u00eat financier destin\u00e9 \u00e0 soulager les finances du pays qui ne sont pas brillantes depuis quelques ann\u00e9es. Nous avons tous eu \u00e9cho, depuis un bon [&hellip;]<\/p>\n","protected":false},"author":1772,"featured_media":0,"comment_status":"closed","ping_status":"closed","sticky":false,"template":"","format":"standard","meta":{"fifu_image_url":"\/uploads\/FCK_files\/Ben-Kaim(2).jpg","fifu_image_alt":"Et pourtant\u2026 notre Tunisie est riche en comp\u00e9tences!","footnotes":""},"categories":[73,55],"tags":[],"class_list":["post-117033","post","type-post","status-publish","format-standard","hentry","category-actualite","category-tunisie"],"_links":{"self":[{"href":"https:\/\/linitiative.ca\/International\/wp-json\/wp\/v2\/posts\/117033","targetHints":{"allow":["GET"]}}],"collection":[{"href":"https:\/\/linitiative.ca\/International\/wp-json\/wp\/v2\/posts"}],"about":[{"href":"https:\/\/linitiative.ca\/International\/wp-json\/wp\/v2\/types\/post"}],"author":[{"embeddable":true,"href":"https:\/\/linitiative.ca\/International\/wp-json\/wp\/v2\/users\/1772"}],"replies":[{"embeddable":true,"href":"https:\/\/linitiative.ca\/International\/wp-json\/wp\/v2\/comments?post=117033"}],"version-history":[{"count":0,"href":"https:\/\/linitiative.ca\/International\/wp-json\/wp\/v2\/posts\/117033\/revisions"}],"wp:attachment":[{"href":"https:\/\/linitiative.ca\/International\/wp-json\/wp\/v2\/media?parent=117033"}],"wp:term":[{"taxonomy":"category","embeddable":true,"href":"https:\/\/linitiative.ca\/International\/wp-json\/wp\/v2\/categories?post=117033"},{"taxonomy":"post_tag","embeddable":true,"href":"https:\/\/linitiative.ca\/International\/wp-json\/wp\/v2\/tags?post=117033"}],"curies":[{"name":"wp","href":"https:\/\/api.w.org\/{rel}","templated":true}]}}