{"id":117034,"date":"2021-05-19T10:53:00","date_gmt":"2021-05-19T14:53:00","guid":{"rendered":"https:\/\/linitiative.ca\/International\/la-crise-sanitaire-provoque-un-court-circuit-durable-de-la-mondialisation-et-accelere-les-transitions\/"},"modified":"2021-05-19T10:53:00","modified_gmt":"2021-05-19T14:53:00","slug":"la-crise-sanitaire-provoque-un-court-circuit-durable-de-la-mondialisation-et-accelere-les-transitions","status":"publish","type":"post","link":"https:\/\/linitiative.ca\/International\/la-crise-sanitaire-provoque-un-court-circuit-durable-de-la-mondialisation-et-accelere-les-transitions\/","title":{"rendered":"La crise sanitaire provoque un court-circuit durable de la mondialisation et acc\u00e9l\u00e8re les transitions"},"content":{"rendered":"<p><span class=\"c2\"><em><strong><img decoding=\"async\" src=\"\/uploads\/FCK_files\/Samir-Allal-min.jpg\" width=\"20%\" vspace=\"5\" hspace=\"5\" align=\"right\" alt=\"\"\/>Pr Samir Allal, Universit\u00e9 de Versailles\/Paris-Saclay<\/strong><\/em><\/span><\/p>\n<p><span class=\"c3\"><strong>La pand\u00e9mie: le d\u00e9fi d\u2019une mondialisation en crise, des incertitudes et de la sauvegarde \u00e9cologique<\/strong><\/span><\/p>\n<p>Le monde conna\u00eet aujourd\u2019hui deux crises existentielles majeures, chaque jour plus graves et plus terrifiantes : la crise climatique et la crise sanitaire. Aucune des deux n\u2019est trait\u00e9e avec l\u2019urgence que r\u00e9clament \u00abnos syst\u00e8mes de soutien de la vie sur Terre\u00bb, d\u00e9sormais menac\u00e9s d\u2019effondrement.<\/p>\n<p>La crise sanitaire a provoqu\u00e9 un court-circuit durable de la mondialisation avec le confinement g\u00e9n\u00e9ralis\u00e9 de milliards d\u2019individus n\u2019ayant jamais \u00e9t\u00e9 aussi connect\u00e9s.<\/p>\n<p>Elle acc\u00e9l\u00e8re le basculement de l\u2019\u00e9conomie mondiale au b\u00e9n\u00e9fice des plateformes num\u00e9riques. \u00c0 l\u2019horizon de cinq ans, on comptera 150 milliards de terminaux num\u00e9riques, vingt fois plus que d\u2019humains, dont un milliard de cam\u00e9ras de vid\u00e9osurveillance, avec une temp\u00e9rature moyenne en hausse et une biodiversit\u00e9 en baisse.<\/p>\n<p>Elle acc\u00e9l\u00e8re aussi une recomposition de la hi\u00e9rarchie des puissances au d\u00e9triment des nations incapables de s\u2019adapter \u00e0 ce nouvel environnement technologique. Les d\u00e9pendances g\u00e9opolitiques seront d\u00e9plac\u00e9es par les contraintes sanitaires, climatiques, d\u00e9mographiques, et technologiques.<\/p>\n<p>Les in\u00e9galit\u00e9s entre nations, se doublent de profondes in\u00e9galit\u00e9s au sein d\u2019un m\u00eame pays, laissant d\u2019ores et d\u00e9j\u00e0 entrevoir de s\u00e9rieux probl\u00e8mes de coh\u00e9sion territoriale, et par voie de cons\u00e9quence, de gestion des flux migratoires.<\/p>\n<p>En positif, cette poly-crise a marqu\u00e9 une \u00e9tape suppl\u00e9mentaire dans la prise de conscience de l\u2019unit\u00e9 du monde \u00ables vivants se tiennent biologiquement\u00bb. En n\u00e9gatif, elle a catalys\u00e9 des tensions latentes, potentiellement explosives.<\/p>\n<p>Les 10% de la population mondiale les plus riches produisent \u00e0 eux seuls 50% des \u00e9missions de gaz \u00e0 effet de serre totales. Comment contenir ce changement climatique dans les limites acceptable d\u00e9finie par les accords de Paris sur le climat? En divisant par cinq les \u00e9missions de gaz \u00e0 effet de serre.<\/p>\n<p>Si nous faisons moins bien, nous franchirons des points de bascule irr\u00e9versibles. Alors, les cons\u00e9quences en cha\u00eene du changement climatique et de l\u2019extinction de la biodiversit\u00e9 changeront radicalement les conditions d\u2019existence des soci\u00e9t\u00e9s humaines: sur les quelques 8,7 millions d\u2019esp\u00e8ces vivantes estim\u00e9es, 1 millions seraient menac\u00e9es d\u2019extinction.<\/p>\n<p>Dans un grand nombre de pays, la pand\u00e9mie a r\u00e9v\u00e9l\u00e9 l\u2019impr\u00e9paration et l\u2019incomp\u00e9tence des gouvernants. Ils se sont montr\u00e9s incapables d\u2019\u00e9laborer et de communiquer un plan clair pour affronter cette crise. Durant des ann\u00e9es, au nom du lib\u00e9ralisme et de son corollaire, la sph\u00e8re publique s\u2019est priv\u00e9e de fonds pour g\u00e9rer les crises.<\/p>\n<p>Agir au service des \u00abbiens communs\u00bb: une nouvelle marche vers le progr\u00e8s humain<\/p>\n<p>Le retour des grandes pand\u00e9mies annonce cette nouvelle \u00e8re. La d\u00e9fense, du vivant et du climat vont souvent de pair. Ce potentiel est n\u00e9glig\u00e9.<\/p>\n<p>La bifurcation n\u00e9cessaire passe par un changement complet dans notre relation \u00e0 la nature. Notre mod\u00e8le \u00e9conomique fonctionne actuellement, selon la stricte logique du moindre prix pour maximiser les profits.<\/p>\n<p>Cette transition \u00e9cologique, bas carbone est une nouvelle marche vers le progr\u00e8s humain. Sa r\u00e9ussite d\u00e9pend en grande partie de notre capacit\u00e9 \u00e0 d\u00e9passer les \u00e9go\u00efsmes sociaux et la culture de chacun pour soi.<\/p>\n<p>Le dogme du profit, le s\u00e9same de la croissance, et la r\u00e8gle de l\u2019\u00e9conomisme, polarisent l\u2019humanit\u00e9 cr\u00e9pusculaire. Le coronavirus a montr\u00e9 les limites d\u2019un tel syst\u00e8me lib\u00e9ral con\u00e7u pour r\u00e9aliser des profits plut\u00f4t que pour prot\u00e9ger les \u00ab biens communs \u00bb.<\/p>\n<p>Pas de bifurcation \u00e9cologique possible sans le maillage des services publics sur les territoires, sans r\u00e9duction des in\u00e9galit\u00e9s, sans lutte contre la pauvret\u00e9 et sans l\u2019utilisation de la puissance publique pour agir au service du bien commun.<\/p>\n<p>Nous devons nous d\u00e9barrasser des rapports de pr\u00e9dation fond\u00e9s sur l\u2019illusion entretenue par le productivisme, d\u2019une s\u00e9paration entre les soci\u00e9t\u00e9s humaines et les \u00e9quilibres des \u00e9cosyst\u00e8mes.<\/p>\n<p>Dans ce nouveau paradigme, Il s\u2019agit de mettre en concordance les rythmes de nos productions, nos consommations avec les rythmes de la nature davantage qu\u2019elle n\u2019est capable de reconstituer. C\u2019est un d\u00e9fi technique et d\u2019intelligence humaine. L\u2019ampleur de la t\u00e2che est grande.<\/p>\n<p><span class=\"c3\"><strong>Les enjeux climatiques conditionnent les r\u00e9ponses \u00e0 la crise \u00e9conomique<\/strong><\/span><\/p>\n<p>Aucune communaut\u00e9, aucun peuple, aucune nation, n\u2019a \u00e9chapp\u00e9 au pouvoir pr\u00e9dateur du capitalisme financier, \u00e0 la d\u00e9composition de la gouvernance internationale et des autorit\u00e9s des \u00c9tats, \u00e0 une mondialisation d\u00e9r\u00e9gul\u00e9e privil\u00e9giant l\u2019antagonisme \u00e0 la coop\u00e9ration, l\u2019adversit\u00e9 \u00e0 la solidarit\u00e9, le morc\u00e8lement \u00e0 l\u2019unit\u00e9.<\/p>\n<p>L\u2019urgence climatique est r\u00e9elle. Les enjeux climatiques conditionnent notre r\u00e9ponse \u00e9conomique \u00e0 la crise.<\/p>\n<p>Sans ressources suffisantes pour financer des initiatives d\u2019adaptation au changement climatique, les pays en d\u00e9veloppement ne peuvent pas r\u00e9ussir leur transition. Ils sont vuln\u00e9rables aux chocs climatiques qui les appauvrissent davantage.<\/p>\n<p>Pire encore, le risque \u00e9lev\u00e9 de catastrophes extr\u00eames augmente leur co\u00fbt d\u2019emprunt, ce qui limite encore leur acc\u00e8s \u00e0 des ressources financi\u00e8res et aboutit, in fine, \u00e0 les enfermer dans un v\u00e9ritable cercle vicieux.<\/p>\n<p>L\u2019\u00e9chec de l\u2019\u00e9pisode du n\u00e9olib\u00e9ralisme dans le monde est d\u00e9sormais \u00e9vident. Pour autant, cela ne signifie pas que chacun y voit clair sur ce qu\u2019il faut faire. A la pr\u00e9dominance des sujets contre lesquels nous devons lutter, se substitue celle des sujets pour lesquels nous voulons lutter.<\/p>\n<p><span class=\"c3\"><strong>L\u2019\u00e9poque pand\u00e9mique n\u2019est que l\u2019amplificateur des sympt\u00f4mes de l\u2019\u00e9poque moderne<\/strong><\/span><\/p>\n<p>L\u2019\u00e9poque pand\u00e9mique n\u2019est que l\u2019acc\u00e9l\u00e9rateur des stigmates de la contemporan\u00e9it\u00e9.La propagation mondiale du nouveau coronavirus \u00e0 infecter des dizaines de millions de personnes, emport\u00e9 plus de 2,5 millions de vies \u00e0 travers le monde et bris\u00e9 d\u2019innombrables familles.<\/p>\n<p>Le coronavirus a \u00e9galement d\u00e9truit des emplois et des entreprises, et a paralys\u00e9 l\u2019\u00e9conomie de nombreux pays.<\/p>\n<p>Des perdants, mais aussi des gagnants. Les gagnants ne l\u00e2chent jamais et les l\u00e2cheurs ne gagnent jamais (V. Lombardi). La capitalisation cumul\u00e9e des GAFAM (Google, Appel, Facebook, Amazon, Microsoft) approchait les 7000 milliards de dollars et avait bondi de 40% depuis le d\u00e9but de la pand\u00e9mie mondiale.<\/p>\n<p>Un enrichissement amoral, \u00e0 l\u2019heure de la d\u00e9flagration sanitaire et humaine plan\u00e9taire ? Non. Immoral. Et annonciateur d\u2019une de ces \u00abnouvelles barbaries\u00bb proph\u00e9tis\u00e9es par Edgar Morin.<\/p>\n<p>L\u2019empire oligopolistique ancr\u00e9 sur la c\u00f4te Ouest am\u00e9ricaine orchestre la mutation -que la crise coronavirus acc\u00e9l\u00e8re dans des proportions fulgurantes &#8211; du capitalisme industriel au capitalisme num\u00e9rique.<\/p>\n<p>Ce capitalisme num\u00e9rique, davantage encore financiaris\u00e9, s\u2019emploie \u00e0 la digitalisation et \u00e0 \u00abl\u2019uniformisation\u00bb du mod\u00e8le de soci\u00e9t\u00e9, via la \u00abtechnologisation\u00bb et la \u00abstandardisation\u00bb des relations: intrafamiliales et amicales, au travail, sociales, et donc humaines. Son terrain, aujourd\u2019hui est laTerre, demain, ce sera l\u2019espace.<\/p>\n<p>Les GAFAM, auxquels il faut additionner leurs \u00e9quivalentes chinoises, poss\u00e8dent les \u00abdonn\u00e9es\u00bb, gr\u00e2ce auxquelles \u2013 et avec l\u2019assentiment de leur proie- ils \u00e9tendent subrepticement leur soft-despotisme sur les consciences : manipulation, orientation, et contr\u00f4le des consciences.<\/p>\n<p>Les consciences sont s\u00e9questr\u00e9es, la libert\u00e9 est en captivit\u00e9, les d\u00e9mocraties sont d\u00e9pec\u00e9es. Un n\u00e9o totalitarisme, redoutable parce qu\u2019il est plan\u00e9taire et consenti.<\/p>\n<p><span class=\"c3\"><strong>Une p\u00e9riode d\u00e9cisive pour l\u2019humanit\u00e9: et si l\u2019on s\u2019armait d\u2019un autre id\u00e9al<\/strong><\/span><\/p>\n<p>Un cycle de quarante ans se referme, modifie ainsi la nature m\u00eame de la mondialisation. Plus fondamentalement, la crise de la Covid-19 renvoie \u00e0 des dynamiques de civilisation. Elle acc\u00e9l\u00e8re la d\u00e9soccidentalisation de la politique internationale et met en lumi\u00e8re les diff\u00e9rences de conception de la mondialisation actuelle.<\/p>\n<p>Les Europ\u00e9ens et les Fran\u00e7ais en particulier (organisateur du sommet pour sortir l\u2019Afrique de l\u2019asphyxie financi\u00e8re), peinent \u00e0 saisir leur provincialisation car leur rapport \u00e0 la mondialisation s\u2019est principalement fond\u00e9 sur la construction europ\u00e9enne et le lien transatlantique, qui sont l\u2019une et l\u2019autre en crise profonde.<\/p>\n<p>Pour eux mondialisation rimait avec occidentalisation, mais la port\u00e9e universelle de cette derni\u00e8re fait d\u00e9sormais l\u2019objet de multiples r\u00e9cusations. La Covid-19 a op\u00e9r\u00e9 un double renversement de perspective.<\/p>\n<p>D\u2019une part c\u2019est moins la question de l\u2019inoculation des \u00abvaleurs universelles\u00bb en Afrique et ailleurs que celle des \u00abvaleurs\u00bb asiatiques en occident par voie technologique, qui se pose d\u00e9sormais.<\/p>\n<p>De l\u2019autre, \u00e0 la question de leadership dans le monde s\u2019ajoute celle de leur r\u00e9ponse aux ambitions chinoises. Vecteurs de contr\u00f4les et d\u2019individualisation extr\u00eames, les technologies de l\u2019information et de communication (TIC) entra\u00eene un glissement vers \u00abun capitalisme de surveillance\u00bb dans le cadre d\u2019une confrontation sino-am\u00e9ricaine hors limites.<\/p>\n<p>La crise sanitaire r\u00e9v\u00e8le la force de gouverner des entit\u00e9s souveraines en les confrontant entre efficacit\u00e9 et dignit\u00e9.<\/p>\n<p><span class=\"c3\"><strong>Un monde sans autorit\u00e9 morale: apprendre \u00e0 faire le grand \u00e9cart<\/strong><\/span><\/p>\n<p>Sur la sc\u00e8ne internationale, il n\u2019existe plus d\u2019autorit\u00e9 morale capable d\u2019imposer un ordre. En raison de leurs comportements respectifs, ni les \u00c9tats-Unis, ni la Chine ne peuvent y pr\u00e9tendre. Profond\u00e9ment tiraill\u00e9 le reste du monde ne parvient pas, non plus, \u00e0 s\u2019incarner en autorit\u00e9 morale.<\/p>\n<p>Les Europ\u00e9ens y aspirent confus\u00e9ment en faisant des droits de l\u2019homme et de la protection des biens communs leur \u00e9tendards, mais sans convaincre.<\/p>\n<p>Reflets des innombrables liens invisibles, des initiatives prolif\u00e8rent en mati\u00e8re de coop\u00e9ration en tous genres, mais elles se heurtent \u00e0 cette r\u00e9alit\u00e9 cognitive paradoxale : notre pouvoir de transformation exc\u00e8de largement notre pouvoir d\u2019anticipation. La technologie ne pense pas, elle fa\u00e7onne.<\/p>\n<p><span class=\"c3\"><strong>Trois constats traversent notre r\u00e9flexion: vers un nouvel \u00e9quilibre au c\u0153ur des contradictions<\/strong><\/span><\/p>\n<p><span class=\"c4\"><strong>En premier lieu,<\/strong><\/span> les contraintes environnementales qui s\u2019exercent sur le syst\u00e8me Terre sont devenues le cadre de tout effort d\u2019anticipation. Son contour est aujourd\u2019hui dessin\u00e9 par les rapports de puissance. En effet, la rivalit\u00e9 sino-am\u00e9ricaine se joue sur fond de d\u00e9gradation environnementale et de propagation technologique.<\/p>\n<p>Cela signifie que P\u00e9kin et Washington subordonnent leurs politiques climatiques et num\u00e9riques respectives \u00e0 leur bras de fer strat\u00e9gique. \u00c0 l\u2019heure actuelle, la question pour eux n\u2019est pas de prot\u00e9ger les biens communs sur un pied d\u2019\u00e9galit\u00e9 avec les autres, mais de prendre l\u2019ascendant sur l\u2019autre pour obtenir une supr\u00e9matie, \u00e0 partir de laquelle la gestion des biens communs sera organis\u00e9e.<\/p>\n<p>Pas plus la Chine que les \u00c9tats-Unis ne parviennent \u00e0 tirer une l\u00e9gitimit\u00e9 morale de la protection de l\u2019environnement: la \u00ab civilisation \u00e9cologique \u00bb promue par Joe Biden implique une compl\u00e8te mise sous tutelle individuelle par la technologie : un potentiel \u00e0 exploiter sans limites.<\/p>\n<p><span class=\"c4\"><strong>En deuxi\u00e8me lieu,<\/strong><\/span> le syst\u00e8me international repose sur un embo\u00eetement complexes de souverainet\u00e9s et de juridictions. La Chine et les \u00c9tats-Unis, comme les autres puissances, cherchent \u00e0 contr\u00f4ler les n\u0153uds n\u00e9vralgiques du syst\u00e8me, c\u2019est-\u00e0-dire les seuils \u00e0 travers lesquels passe la coop\u00e9ration et s\u2019exerce la coercition.<\/p>\n<p>\u00c0 l\u2019image des d\u00e9troits pour la navigation maritime, ces espaces communs: mer, air, espace exo-atmosph\u00e9rique et \u00abdata- sph\u00e8re\u00bb, les constituent. Les trois premiers correspondent \u00e0 des milieux physiques distincts, alors que la quatri\u00e8me les innerve, tout en se territorialisant \u00e0 son tour.<\/p>\n<p>La sup\u00e9riorit\u00e9 repose sur le contr\u00f4le simultan\u00e9 d\u2019un grand nombre de n\u0153uds n\u00e9vralgiques que l\u2019adversaire, et par un discours sur le monde servant de r\u00e9f\u00e9rence aux autres.<\/p>\n<p><span class=\"c4\"><strong>En dernier lieu,<\/strong><\/span> l\u2019ench\u00e2ssement de la rivalit\u00e9 sino-am\u00e9ricaine dans la d\u00e9gradation environnementale et la propagation technologique ne fige pas le syst\u00e8me international, comme la rivalit\u00e9 sovi\u00e9to-am\u00e9ricaine.<\/p>\n<p>La polarisation entre les \u00c9tats-Unis et la Chine mobilise leurs forces respectives et, ce faisant, lib\u00e8re d\u2019autres \u00e9nergies, \u00e0 la fois cr\u00e9atrices et destructrices. Sur le plan militaire s\u2019observent les ambitions de puissances r\u00e9gionales de pays ou de groupes arm\u00e9s, n\u00e9s dans l\u2019affaissement des structures \u00e9tatiques.<\/p>\n<p>Au regard de l\u2019histoire du capitalisme, puissance et richesse vont de pair : \u00c9tats, entreprises, individus s\u2019organisent, ou plut\u00f4t sont organis\u00e9s, pour capter les richesses du monde. Et les accaparer en toute in\u00e9galit\u00e9.<\/p>\n<p>La hi\u00e9rarchisation des probl\u00e8mes suppose de commencer par bien les formuler en fonction des acteurs en puissance.<\/p>\n<p>En ce sens, le \u00abprobl\u00e8me international\u00bb appel\u00e9 \u00e0 dominer les prochaines d\u00e9cennies est sans contexte la lutte contre les in\u00e9galit\u00e9s et les effets de la \u00ab main invisible \u00bb sur la comp\u00e9tition de puissance dans un contexte de rivalit\u00e9 sino-am\u00e9ricaine et de d\u00e9r\u00e8glement climatique.<\/p>\n<p class=\"c6\"><strong>Pr Samir Allal<\/strong><br \/><span class=\"c5\"><em>Universit\u00e9 de Versailles\/ Paris Saclay<\/em><\/span><\/p>\n<p>Auteur:<br \/>\n<a href=\"https:\/\/www.leaders.com.tn\/article\/31893-la-crise-sanitaire-provoque-un-court-circuit-durable-de-la-mondialisation-et-accelere-les-transitions\">Cliquez ici pour lire l&rsquo;article depuis sa source.<\/a><\/p>\n","protected":false},"excerpt":{"rendered":"<p>Pr Samir Allal, Universit\u00e9 de Versailles\/Paris-Saclay La pand\u00e9mie: le d\u00e9fi d\u2019une mondialisation en crise, des incertitudes et de la sauvegarde \u00e9cologique Le monde conna\u00eet aujourd\u2019hui deux crises existentielles majeures, chaque jour plus graves et plus terrifiantes : la crise climatique et la crise sanitaire. Aucune des deux n\u2019est trait\u00e9e avec l\u2019urgence que r\u00e9clament \u00abnos syst\u00e8mes [&hellip;]<\/p>\n","protected":false},"author":1772,"featured_media":0,"comment_status":"closed","ping_status":"closed","sticky":false,"template":"","format":"standard","meta":{"fifu_image_url":"\/uploads\/FCK_files\/Samir-Allal-min.jpg","fifu_image_alt":"La crise sanitaire provoque un court-circuit durable de la mondialisation et acc\u00e9l\u00e8re les transitions","footnotes":""},"categories":[73,55],"tags":[],"class_list":["post-117034","post","type-post","status-publish","format-standard","hentry","category-actualite","category-tunisie"],"_links":{"self":[{"href":"https:\/\/linitiative.ca\/International\/wp-json\/wp\/v2\/posts\/117034","targetHints":{"allow":["GET"]}}],"collection":[{"href":"https:\/\/linitiative.ca\/International\/wp-json\/wp\/v2\/posts"}],"about":[{"href":"https:\/\/linitiative.ca\/International\/wp-json\/wp\/v2\/types\/post"}],"author":[{"embeddable":true,"href":"https:\/\/linitiative.ca\/International\/wp-json\/wp\/v2\/users\/1772"}],"replies":[{"embeddable":true,"href":"https:\/\/linitiative.ca\/International\/wp-json\/wp\/v2\/comments?post=117034"}],"version-history":[{"count":0,"href":"https:\/\/linitiative.ca\/International\/wp-json\/wp\/v2\/posts\/117034\/revisions"}],"wp:attachment":[{"href":"https:\/\/linitiative.ca\/International\/wp-json\/wp\/v2\/media?parent=117034"}],"wp:term":[{"taxonomy":"category","embeddable":true,"href":"https:\/\/linitiative.ca\/International\/wp-json\/wp\/v2\/categories?post=117034"},{"taxonomy":"post_tag","embeddable":true,"href":"https:\/\/linitiative.ca\/International\/wp-json\/wp\/v2\/tags?post=117034"}],"curies":[{"name":"wp","href":"https:\/\/api.w.org\/{rel}","templated":true}]}}