{"id":117035,"date":"2021-05-19T11:20:00","date_gmt":"2021-05-19T15:20:00","guid":{"rendered":"https:\/\/linitiative.ca\/International\/leconomie-sociale-et-solidaire-en-tunisie-un-levier-pour-redresser-leconomie\/"},"modified":"2021-05-19T11:20:00","modified_gmt":"2021-05-19T15:20:00","slug":"leconomie-sociale-et-solidaire-en-tunisie-un-levier-pour-redresser-leconomie","status":"publish","type":"post","link":"https:\/\/linitiative.ca\/International\/leconomie-sociale-et-solidaire-en-tunisie-un-levier-pour-redresser-leconomie\/","title":{"rendered":"L&rsquo;\u00e9conomie sociale et solidaire en Tunisie: un levier pour redresser l&rsquo;\u00e9conomie"},"content":{"rendered":"<p><span class=\"c2\"><strong><em>Par Najet Brahmi Zouaoui<\/em><\/strong><\/span><\/p>\n<p><span class=\"c3\"><strong>1-<\/strong><\/span> Au moment o\u00f9 les t\u00eates sont tourn\u00e9es vers les Champs Elys\u00e9es en vue d\u2019enseignements sur le verdict de la rencontre du Pr\u00e9sident Kais Said avec son homologue fran\u00e7ais concernant les solutions envisageables \u00e0 la crise \u00e9conomique tunisienne, des experts\u00a0 juristes et \u00e9conomistes universitaires et praticiens se proposent \u00e0 leur tour d\u2019accompagner l\u2019\u0153uvre de redressement de l\u2019\u00e9conomie nationale. Et dans la mesure o\u00f9 les deux secteurs classiques public et priv\u00e9 affichent le premier une saturation et le second des difficult\u00e9s majeures en partie li\u00e9es \u00e0 la conjoncture de la pand\u00e9mie Covid-19, il s\u2019av\u00e8re indiqu\u00e9 de s\u2019interroger sur le troisi\u00e8me secteur encore appel\u00e9 l\u2019\u00e9conomie sociale et solidaire et de savoir si elle est en mesure de servir un tant soit peu au redressement de notre \u00e9conomie.<\/p>\n<p><span class=\"c3\"><strong>2-<\/strong><\/span> La question est \u00e0 pr\u00e9sent si importante que le l\u00e9gislateur tunisien a d\u00e9j\u00e0 pens\u00e9 depuis l\u2019ann\u00e9e derni\u00e8re \u00e0 mettre en place un cadre l\u00e9gal \u00e0 l\u2019\u00e9conomie sociale et solidaire traduit par la loi n2020\/30 du 30 Juin 2020, et que l\u2019exp\u00e9rience compar\u00e9e notamment en France et au Maroc, t\u00e9moigne du succ\u00e8s de ce troisi\u00e8me secteur.<br \/>Aujourd\u2019hui, la loi n2020\/30 devrait donc interpeller aussi bien dans son contexte national qu\u2019international et c\u2019est d\u2019ailleurs le principal int\u00e9r\u00eat de ce webinaire.<\/p>\n<p class=\"c4\"><img decoding=\"async\" src=\"\/uploads\/FCK_files\/affiche-webinaire-hanns-seidel.jpg\" width=\"100%\" vspace=\"5\" hspace=\"5\" align=\"middle\" alt=\"\"\/><\/p>\n<p><span class=\"c3\"><strong>3-<\/strong><\/span> \u00abTout nouveau, tout beau\u00bb<span class=\"c3\"><sup><strong>(1)<\/strong><\/sup><\/span> . Serait-ce le cas pour la loi N 2020\/30 du 30 Juin 2020 relative \u00e0 l\u2019\u00e9conomie sociale et solidaire? La question est aujourd\u2019hui d\u2019autant plus justifi\u00e9e que la loi attend toujours \u00e0 \u00eatre appliqu\u00e9e en l\u2019absence d\u2019une mise en place de ses textes d\u2019application. La vertu de la nouveaut\u00e9 semble alors \u00eatre escamot\u00e9e par le retard de l\u2019effet renvoyant par la force m\u00eame des choses \u00e0 l\u2019\u00e9tat ant\u00e9rieur \u00e0 la loi. Aussi et si juridiquement, la loi existe depuis maintenant onze mois, elle demeure loin de r\u00e9aliser l\u2019objectif escompt\u00e9. Notre intervention, pour la Tunisie, se propose donc de mettre l\u2019accent sur ce clivage entre la volont\u00e9 proclam\u00e9e du l\u00e9gislateur de mettre en place un cadre l\u00e9gal relatif \u00e0 l\u2019\u00e9conomie sociale et solidaire et l\u2019effet toujours neutralis\u00e9 de cette loi face au retard de son activation vu le d\u00e9faut de mise en place de l\u2019ensemble des textes d\u2019application y aff\u00e9rents. Une des questions \u00e0 soulever serait celle de savoir s\u2019il y\u2019a p\u00e9ril en la demeure ?<\/p>\n<p><span class=\"c3\"><strong>4-<\/strong><\/span> Notre question est \u00e0 pr\u00e9sent d\u2019autant plus justifi\u00e9e que la Tunisie et plus particuli\u00e8rement son \u00e9conomie \u2013toujours rattach\u00e9e au mod\u00e8le classique lib\u00e9ral mais contr\u00f4l\u00e9 par l\u2019Etat-passe \u00e0 pr\u00e9sent par l\u2019une des crises les plus alarmantes de son histoire. La dette publique t\u00e9moigne d\u2019un v\u00e9ritable d\u00e9ficit sinon chao \u00e9conomique. Mettre en exergue la fragilit\u00e9 du mod\u00e8le \u00e9conomique classique tiendrait alors d\u2019un int\u00e9r\u00eat manifeste de l\u2019organisation de ce Webinaire. Mais nombreux en sont les autres.<\/p>\n<p><span class=\"c3\"><strong>5-<\/strong><\/span> Il va sans dire que l\u2019appr\u00e9ciation de l\u2019exp\u00e9rience tunisienne doit principalement se faire sur la base de la conjoncture locale. Ce sont les attentes et besoins des jeunes promoteurs tunisiens ainsi que la volont\u00e9 des acteurs \u00e9conomiques d\u2019adh\u00e9rer au nouveau mod\u00e8le d\u2019\u00e9conomie synonyme de l\u2019\u00e9conomie sociale et solidaire , qui tiendraient des vrais crit\u00e8res de\u00a0 la note \u00e0 devoir donner \u00e0 la loi n\u00b0 2020\/30 relative \u00e0 l\u2019\u00e9conomie sociale et solidaire. Il n\u2019en est pas moins vrai que l\u2019exp\u00e9rience compar\u00e9e est tr\u00e8s importante. Deux arguments sont en mesure d\u2019\u00e9tayer ce postulat. L\u2019apport incontestable du droit compar\u00e9 en g\u00e9n\u00e9ral et en mati\u00e8re d\u2019\u00e9conomie solidaire en particulier d\u2019une part. Acc\u00e9der et comprendre les raisons de la r\u00e9ussite de l\u2019exp\u00e9rience de l\u2019autre est en soi un bon catalyseur pour la conduite de sa propre exp\u00e9rience. Le succ\u00e8s d\u2019une exp\u00e9rience compar\u00e9e servira d\u2019autre part pour une meilleure mise en \u0153uvre de l\u2019exp\u00e9rience locale.<\/p>\n<p><span class=\"c3\"><strong>6-<\/strong><\/span> Acc\u00e9der \u00e0 l\u2019exp\u00e9rience compar\u00e9e, la comprendre et surtout en tirer les meilleurs enseignements tiennent d\u2019une composante incontournable de ce webinaire. Des experts de renomm\u00e9e internationale cumulant la double casquette de l\u2019universitaire et du praticien prendront part \u00e0 notre Webinaire.<\/p>\n<p><span class=\"c3\"><strong>7-<\/strong><\/span> Nous serons honor\u00e9s par la participation \u00e0 ce webinaire de Mr Jean Gatel, Ancien ministre Fran\u00e7ais de l\u2019\u00e9conomie sociale et solidaire et Amina Kchirid, professeure \u00e0 la facult\u00e9 des Sciences Juridiques Economiques et Sociales \u2013 Ain Chok \u2013 Universit\u00e9 Hassan II \u2013 Casablanca\/Maroc et Pr\u00e9sidente de CIRA-ESS, Centre d\u2019Incubation et de Recherche &#8211; Action en Economie Sociale et Solidaire.<\/p>\n<p class=\"c6\"><strong>Najet Brahmi Zouaoui<\/strong><br \/><span class=\"c5\"><em>Professeure \u00e0 la facult\u00e9 de Droit et des Sciences politiques de Tunis<br \/>Directrice de l\u2019Unit\u00e9 Droit compar\u00e9 de l\u2019Universit\u00e9 Tunis ElManar<\/em><\/span><\/p>\n<p class=\"c7\"><span class=\"c5\"><em>(1) Proverbe fran\u00e7ais, Petit Larousse, Paris 1995.<\/em><\/span><\/p>\n<p>Auteur:<br \/>\n<a href=\"https:\/\/www.leaders.com.tn\/article\/31894-l-economie-sociale-et-solidaire-en-tunisie-un-levier-pour-redresser-l-economie\">Cliquez ici pour lire l&rsquo;article depuis sa source.<\/a><\/p>\n","protected":false},"excerpt":{"rendered":"<p>Par Najet Brahmi Zouaoui 1- Au moment o\u00f9 les t\u00eates sont tourn\u00e9es vers les Champs Elys\u00e9es en vue d\u2019enseignements sur le verdict de la rencontre du Pr\u00e9sident Kais Said avec son homologue fran\u00e7ais concernant les solutions envisageables \u00e0 la crise \u00e9conomique tunisienne, des experts\u00a0 juristes et \u00e9conomistes universitaires et praticiens se proposent \u00e0 leur tour [&hellip;]<\/p>\n","protected":false},"author":1772,"featured_media":0,"comment_status":"closed","ping_status":"closed","sticky":false,"template":"","format":"standard","meta":{"fifu_image_url":"\/uploads\/FCK_files\/affiche-webinaire-hanns-seidel.jpg","fifu_image_alt":"<div>L'\u00e9conomie sociale et solidaire en Tunisie: un levier pour redresser l'\u00e9conomie<\/div>","footnotes":""},"categories":[73,55],"tags":[],"class_list":["post-117035","post","type-post","status-publish","format-standard","hentry","category-actualite","category-tunisie"],"_links":{"self":[{"href":"https:\/\/linitiative.ca\/International\/wp-json\/wp\/v2\/posts\/117035","targetHints":{"allow":["GET"]}}],"collection":[{"href":"https:\/\/linitiative.ca\/International\/wp-json\/wp\/v2\/posts"}],"about":[{"href":"https:\/\/linitiative.ca\/International\/wp-json\/wp\/v2\/types\/post"}],"author":[{"embeddable":true,"href":"https:\/\/linitiative.ca\/International\/wp-json\/wp\/v2\/users\/1772"}],"replies":[{"embeddable":true,"href":"https:\/\/linitiative.ca\/International\/wp-json\/wp\/v2\/comments?post=117035"}],"version-history":[{"count":0,"href":"https:\/\/linitiative.ca\/International\/wp-json\/wp\/v2\/posts\/117035\/revisions"}],"wp:attachment":[{"href":"https:\/\/linitiative.ca\/International\/wp-json\/wp\/v2\/media?parent=117035"}],"wp:term":[{"taxonomy":"category","embeddable":true,"href":"https:\/\/linitiative.ca\/International\/wp-json\/wp\/v2\/categories?post=117035"},{"taxonomy":"post_tag","embeddable":true,"href":"https:\/\/linitiative.ca\/International\/wp-json\/wp\/v2\/tags?post=117035"}],"curies":[{"name":"wp","href":"https:\/\/api.w.org\/{rel}","templated":true}]}}