{"id":117036,"date":"2021-05-19T06:00:00","date_gmt":"2021-05-19T10:00:00","guid":{"rendered":"https:\/\/linitiative.ca\/International\/on-va-ou-quand-on-na-pas-ou-aller\/"},"modified":"2021-05-19T06:00:00","modified_gmt":"2021-05-19T10:00:00","slug":"on-va-ou-quand-on-na-pas-ou-aller","status":"publish","type":"post","link":"https:\/\/linitiative.ca\/International\/on-va-ou-quand-on-na-pas-ou-aller\/","title":{"rendered":"On va o\u00f9 quand on n\u2019a pas o\u00f9 aller ?"},"content":{"rendered":"<p class=\"c3\">Je disais pr\u00e9c\u00e9demment que l\u2019on vivait dans un univers o\u00f9 les uns, minoritaires, font et o\u00f9 les autres, majoritaires, n\u2019arr\u00eatent pas de se pr\u00e9parer \u00e0 accomplir une t\u00e2che ou \u00e0 affirmer qu\u2019il y a tout \u00e0 faire et, surtout, qu\u2019ils vont tout faire.\u00a0<br \/>Autant je ressens un furieux besoin de d\u00e9noncer ce qu\u2019une grande proportion de porte-monnaies s\u2019interdisent, autant j\u2019ai une triste envie de parler de celles et ceux qui ont tout compris \u00e0 l\u2019affaire. Ces derni\u00e8res semaines et m\u00eame plus que cela, les mendiantes et les mendiants ont envahi la rue.\u00a0<br \/>Des hommes, des femmes, des enfants et m\u00eame des b\u00e9b\u00e9s interdisent de d\u00e9tourner le regard et de penser \u00e0 autre chose lorsqu\u2019ils s\u2019accrochent aux bras des passants et prennent d\u2019assaut autant les march\u00e9s que la rue. Je passerais bien volontiers sur celles et ceux qui\u00a0 vous emp\u00eachent de franchir les portes des cimeti\u00e8res jusqu\u2019\u00e0 ce que vous c\u00e9diez \u00e0 leurs inlassables sollicitations. Elles et ils viennent de partout et savent combien le deuil qu\u2019engendre la disparition d\u2019un \u00eatre cher fragilise famille et amis. Alors, vous c\u00e9dez pour \u00eatre enfin autoris\u00e9 \u00e0 entrer vous recueillir sur les tombes de vos proches. Si cette cat\u00e9gorie particuli\u00e8re de citoyens peut tromper sur le degr\u00e9 de son d\u00e9nuement, les sans-abri, eux, ne laissent planer aucun doute sur la d\u00e9tresse qui trouble leur vie. La pr\u00e9carit\u00e9, c\u2019est aussi le logement. Il est l\u00e0 le malheur qui fait honteusement rire les gens, l\u00e0 o\u00f9 l\u2019on pr\u00e9tend d\u00e9ployer tellement d\u2019efforts pour r\u00e9pondre \u00e0 la demande citoyenne.<br \/>Regarder la mendicit\u00e9 prolif\u00e9rer \u00e0 un rythme qui d\u00e9fie l\u2019entendement avec autant d\u2019arrogance ne devrait pas \u00eatre permis. Comment, du coup, \u00e9chapper au souvenir de ces responsables locaux qui s\u2019\u00e9meuvent et font mine de pleurer quand on leur projette une vid\u00e9o qui illustre la n\u00e9gligence dont ils auront fait montre au cours de leur mandat ? Il y a quelques ann\u00e9es d\u00e9j\u00e0 qu\u2019un plan de lutte contre la mendicit\u00e9 des enfants avait \u00e9t\u00e9 lanc\u00e9. C\u2019est ce qu\u2019avait affirm\u00e9 la ministre de la Solidarit\u00e9! \u00c7a se passe, toujours, comme \u00e7a ! On ne fait jamais le point comme on ne rend jamais compte des r\u00e9sultats obtenus \u00e0 l\u2019issue de pareilles op\u00e9rations !\u00a0<br \/><em><strong>M. B.<\/strong><\/em><\/p>\n<p>Auteur:<br \/>\n<a href=\"https:\/\/www.lesoirdalgerie.com\/soit-dit-en-passant\/on-va-ou-quand-on-na-pas-ou-aller-61332\">Cliquez ici pour lire l&rsquo;article depuis sa source.<\/a><\/p>\n","protected":false},"excerpt":{"rendered":"<p>Je disais pr\u00e9c\u00e9demment que l\u2019on vivait dans un univers o\u00f9 les uns, minoritaires, font et o\u00f9 les autres, majoritaires, n\u2019arr\u00eatent pas de se pr\u00e9parer \u00e0 accomplir une t\u00e2che ou \u00e0 affirmer qu\u2019il y a tout \u00e0 faire et, surtout, qu\u2019ils vont tout faire.\u00a0Autant je ressens un furieux besoin de d\u00e9noncer ce qu\u2019une grande proportion de [&hellip;]<\/p>\n","protected":false},"author":1741,"featured_media":0,"comment_status":"closed","ping_status":"closed","sticky":false,"template":"","format":"standard","meta":{"fifu_image_url":"","fifu_image_alt":"","footnotes":""},"categories":[73,53],"tags":[],"class_list":["post-117036","post","type-post","status-publish","format-standard","hentry","category-actualite","category-algerie"],"_links":{"self":[{"href":"https:\/\/linitiative.ca\/International\/wp-json\/wp\/v2\/posts\/117036","targetHints":{"allow":["GET"]}}],"collection":[{"href":"https:\/\/linitiative.ca\/International\/wp-json\/wp\/v2\/posts"}],"about":[{"href":"https:\/\/linitiative.ca\/International\/wp-json\/wp\/v2\/types\/post"}],"author":[{"embeddable":true,"href":"https:\/\/linitiative.ca\/International\/wp-json\/wp\/v2\/users\/1741"}],"replies":[{"embeddable":true,"href":"https:\/\/linitiative.ca\/International\/wp-json\/wp\/v2\/comments?post=117036"}],"version-history":[{"count":0,"href":"https:\/\/linitiative.ca\/International\/wp-json\/wp\/v2\/posts\/117036\/revisions"}],"wp:attachment":[{"href":"https:\/\/linitiative.ca\/International\/wp-json\/wp\/v2\/media?parent=117036"}],"wp:term":[{"taxonomy":"category","embeddable":true,"href":"https:\/\/linitiative.ca\/International\/wp-json\/wp\/v2\/categories?post=117036"},{"taxonomy":"post_tag","embeddable":true,"href":"https:\/\/linitiative.ca\/International\/wp-json\/wp\/v2\/tags?post=117036"}],"curies":[{"name":"wp","href":"https:\/\/api.w.org\/{rel}","templated":true}]}}