{"id":117037,"date":"2021-05-19T06:00:00","date_gmt":"2021-05-19T10:00:00","guid":{"rendered":"https:\/\/linitiative.ca\/International\/makri-lhumoriste-malgre-lui\/"},"modified":"2021-05-19T06:00:00","modified_gmt":"2021-05-19T10:00:00","slug":"makri-lhumoriste-malgre-lui","status":"publish","type":"post","link":"https:\/\/linitiative.ca\/International\/makri-lhumoriste-malgre-lui\/","title":{"rendered":"Makri, l&rsquo;humoriste malgr\u00e9 lui"},"content":{"rendered":"<p class=\"c3\">Makri sent-il rena\u00eetre en lui l&rsquo;\u00e2me de Salah-Eddine, le Kurde ? C&rsquo;est manifestement un abus de mots, bien s\u00fbr ! Makri fait dans la petite d\u00e9magogie \u00e0 peine primaire. S&rsquo;il veut vraiment se battre pour les Palestiniens, comme l&rsquo;ont fait certains Alg\u00e9riens par le pass\u00e9, rien de plus facile. Et comme eux qui ne l&rsquo;ont jamais proclam\u00e9, il n&rsquo;avait pas besoin de le dire. Il fait, un point c&rsquo;est tout. Merci de nous donner l&rsquo;occasion de pouffer de rire en ces temps tristes !<br \/>A. T.<\/p>\n<p>Auteur:<br \/>\n<a href=\"https:\/\/www.lesoirdalgerie.com\/digoutage\/makri-lhumoriste-malgre-lui-61331\">Cliquez ici pour lire l&rsquo;article depuis sa source.<\/a><\/p>\n","protected":false},"excerpt":{"rendered":"<p>Makri sent-il rena\u00eetre en lui l&rsquo;\u00e2me de Salah-Eddine, le Kurde ? C&rsquo;est manifestement un abus de mots, bien s\u00fbr ! Makri fait dans la petite d\u00e9magogie \u00e0 peine primaire. S&rsquo;il veut vraiment se battre pour les Palestiniens, comme l&rsquo;ont fait certains Alg\u00e9riens par le pass\u00e9, rien de plus facile. Et comme eux qui ne l&rsquo;ont [&hellip;]<\/p>\n","protected":false},"author":1741,"featured_media":0,"comment_status":"closed","ping_status":"closed","sticky":false,"template":"","format":"standard","meta":{"fifu_image_url":"","fifu_image_alt":"","footnotes":""},"categories":[73,53],"tags":[],"class_list":["post-117037","post","type-post","status-publish","format-standard","hentry","category-actualite","category-algerie"],"_links":{"self":[{"href":"https:\/\/linitiative.ca\/International\/wp-json\/wp\/v2\/posts\/117037","targetHints":{"allow":["GET"]}}],"collection":[{"href":"https:\/\/linitiative.ca\/International\/wp-json\/wp\/v2\/posts"}],"about":[{"href":"https:\/\/linitiative.ca\/International\/wp-json\/wp\/v2\/types\/post"}],"author":[{"embeddable":true,"href":"https:\/\/linitiative.ca\/International\/wp-json\/wp\/v2\/users\/1741"}],"replies":[{"embeddable":true,"href":"https:\/\/linitiative.ca\/International\/wp-json\/wp\/v2\/comments?post=117037"}],"version-history":[{"count":0,"href":"https:\/\/linitiative.ca\/International\/wp-json\/wp\/v2\/posts\/117037\/revisions"}],"wp:attachment":[{"href":"https:\/\/linitiative.ca\/International\/wp-json\/wp\/v2\/media?parent=117037"}],"wp:term":[{"taxonomy":"category","embeddable":true,"href":"https:\/\/linitiative.ca\/International\/wp-json\/wp\/v2\/categories?post=117037"},{"taxonomy":"post_tag","embeddable":true,"href":"https:\/\/linitiative.ca\/International\/wp-json\/wp\/v2\/tags?post=117037"}],"curies":[{"name":"wp","href":"https:\/\/api.w.org\/{rel}","templated":true}]}}