{"id":117038,"date":"2021-05-19T06:00:00","date_gmt":"2021-05-19T10:00:00","guid":{"rendered":"https:\/\/linitiative.ca\/International\/tas-une-arme-sors-la\/"},"modified":"2021-05-19T06:00:00","modified_gmt":"2021-05-19T10:00:00","slug":"tas-une-arme-sors-la","status":"publish","type":"post","link":"https:\/\/linitiative.ca\/International\/tas-une-arme-sors-la\/","title":{"rendered":"T\u2019as une arme ? Sors-la !"},"content":{"rendered":"<p class=\"c3\">Enfin une d\u00e9cision \u00e9conomique courageuse. Pour la 1re voiture enti\u00e8rement made in Alg\u00e9rie, c\u2019est la\u2026<\/p>\n<p class=\"c3\"><strong>\u2026 Seaal qui fabriquera la marche arri\u00e8re !<\/strong><\/p>\n<p class=\"c3\">J\u2019ai cherch\u00e9 partout ! En vain ! Impossible de mettre l\u2019\u0153il et la main sur le chiffre des vaccin\u00e9s contre la Covid. Ou le Covid, parce que, para\u00eet-il, un dico a finalement opt\u00e9 pour le masculin. C\u2019est tout de m\u00eame intrigant. On devrait savoir au jour d\u2019aujourd\u2019hui combien de compatriotes ont \u00e9t\u00e9 piqu\u00e9s, non ? Quelle que soit la marque du vaccin, en une injection ou en deux. S\u2019il existe, il serait utile \u2014 me semble-t-il \u2014 de le communiquer, ce chiffre. Le bon toubib Fourar ne peut pas tout faire tout seul. Il donne toujours avec une abn\u00e9gation sans faille et qui fait plaisir \u00e0 voir les chiffres quotidiens des contaminations, des admissions en r\u00e9animation, des d\u00e9c\u00e8s et des gu\u00e9risons. Pourquoi pas un autre toubib, aussi s\u00e9rieux et pr\u00e9cis que le P\u00e8re Fourar pour nous dire o\u00f9 nous en sommes, en termes chiffr\u00e9s dans la campagne de vaccination ? Le ministre de la Sant\u00e9 a d\u00e9clar\u00e9 quelque chose l\u2019autre jour qui a retenu mon attention : la D\u00e9z\u00e9die n\u2019a pas rencontr\u00e9 que des \u00ab amis \u00bb dans l\u2019achat des vaccins. Certes ! Mais \u00e7a am\u00e8ne plusieurs remarques, ce genre de r\u00e9v\u00e9lations. En mati\u00e8re de m\u00e9docs, d\u2019achats de vaccins, il n\u2019y a pas d\u2019amis, au sens bucolique et bisounours du terme. Il n\u2019y a que des int\u00e9r\u00eats. Et face aux suppos\u00e9s \u00ab amis \u00bb qui tra\u00eeneraient de la seringue et du flacon, nous avons encore \u2014 al hamdoulillah \u2014 des moyens de riposter. On l\u2019a d\u00e9j\u00e0 fait avec des denr\u00e9es comme le bl\u00e9 ou le lait. Des capitales \u00ab amies \u00bb ont tent\u00e9 de jouer avec nos pieds et nos nerfs. Nous avons \u00ab r\u00e9ciproqu\u00e9 \u00bb nos relations \u00e9conomiques avec elles. C\u2019est de bonne guerre ! Le monde est vaste, aussi vaste et souple que les champs de bl\u00e9, les pis de vaches et la liste des fournisseurs ! Alors ? Qu\u2019est-ce qui emp\u00eache d\u2019en faire de m\u00eame dans le n\u00e9goce du vaccin ? Je ne me\u2026 pique pas d\u2019\u00eatre un sp\u00e9cialiste de l\u2019\u00e9conomie du m\u00e9dicament ni de l\u2019\u00e9conomie tout court, mais il me semble que nous avons l\u00e0 une certaine marge de man\u0153uvre, un moyen de riposter. Pourquoi encore garder cette arme dans son holster ou dans le fourreau ? Je fume du th\u00e9 et je reste \u00e9veill\u00e9, le cauchemar continue.<br \/><em><strong>H. L.<\/strong><\/em><\/p>\n<p>Auteur:<br \/>\n<a href=\"https:\/\/www.lesoirdalgerie.com\/pousse-avec-eux\/tas-une-arme-sors-la-61330\">Cliquez ici pour lire l&rsquo;article depuis sa source.<\/a><\/p>\n","protected":false},"excerpt":{"rendered":"<p>Enfin une d\u00e9cision \u00e9conomique courageuse. Pour la 1re voiture enti\u00e8rement made in Alg\u00e9rie, c\u2019est la\u2026 \u2026 Seaal qui fabriquera la marche arri\u00e8re ! J\u2019ai cherch\u00e9 partout ! En vain ! Impossible de mettre l\u2019\u0153il et la main sur le chiffre des vaccin\u00e9s contre la Covid. Ou le Covid, parce que, para\u00eet-il, un dico a finalement [&hellip;]<\/p>\n","protected":false},"author":1741,"featured_media":0,"comment_status":"closed","ping_status":"closed","sticky":false,"template":"","format":"standard","meta":{"fifu_image_url":"","fifu_image_alt":"","footnotes":""},"categories":[73,53],"tags":[],"class_list":["post-117038","post","type-post","status-publish","format-standard","hentry","category-actualite","category-algerie"],"_links":{"self":[{"href":"https:\/\/linitiative.ca\/International\/wp-json\/wp\/v2\/posts\/117038","targetHints":{"allow":["GET"]}}],"collection":[{"href":"https:\/\/linitiative.ca\/International\/wp-json\/wp\/v2\/posts"}],"about":[{"href":"https:\/\/linitiative.ca\/International\/wp-json\/wp\/v2\/types\/post"}],"author":[{"embeddable":true,"href":"https:\/\/linitiative.ca\/International\/wp-json\/wp\/v2\/users\/1741"}],"replies":[{"embeddable":true,"href":"https:\/\/linitiative.ca\/International\/wp-json\/wp\/v2\/comments?post=117038"}],"version-history":[{"count":0,"href":"https:\/\/linitiative.ca\/International\/wp-json\/wp\/v2\/posts\/117038\/revisions"}],"wp:attachment":[{"href":"https:\/\/linitiative.ca\/International\/wp-json\/wp\/v2\/media?parent=117038"}],"wp:term":[{"taxonomy":"category","embeddable":true,"href":"https:\/\/linitiative.ca\/International\/wp-json\/wp\/v2\/categories?post=117038"},{"taxonomy":"post_tag","embeddable":true,"href":"https:\/\/linitiative.ca\/International\/wp-json\/wp\/v2\/tags?post=117038"}],"curies":[{"name":"wp","href":"https:\/\/api.w.org\/{rel}","templated":true}]}}