{"id":117041,"date":"2021-05-19T12:50:26","date_gmt":"2021-05-19T16:50:26","guid":{"rendered":"https:\/\/linitiative.ca\/International\/le-pps-exhorte-lespagne-a-respecter-les-questions-nationales-fondamentales\/"},"modified":"2021-05-19T12:50:26","modified_gmt":"2021-05-19T16:50:26","slug":"le-pps-exhorte-lespagne-a-respecter-les-questions-nationales-fondamentales","status":"publish","type":"post","link":"https:\/\/linitiative.ca\/International\/le-pps-exhorte-lespagne-a-respecter-les-questions-nationales-fondamentales\/","title":{"rendered":"Le PPS exhorte l\u2019Espagne \u00e0 respecter les questions nationales fondamentales"},"content":{"rendered":"<p><strong>Le bureau politique du Parti du Progr\u00e8s et du Socialisme (PPS) a tenu, mardi 18 mai 2021, sa r\u00e9union hebdomadaire et examin\u00e9 de nombreuses questions nationales.<\/strong><\/p>\n<div class=\"c10\">\n<\/div>\n<p>A l\u2019ouverture de sa r\u00e9union, le bureau politique s\u2019est arr\u00eat\u00e9 sur les d\u00e9veloppements dangereux que conna\u00eet la question palestinienne et a salu\u00e9 les initiatives solidaires et humanitaires de notre pays, sous la conduite de S.M. le Roi, \u00e0 l\u2019\u00e9gard du peuple palestinien fr\u00e8re. Il a \u00e9galement exprim\u00e9 sa grande consid\u00e9ration des efforts officiels du Maroc pour l\u2019arr\u00eat de la dangereuse escalade isra\u00e9lienne contre la Palestine. Le Parti du Progr\u00e8s et du Socialisme condamne fermement la guerre d\u2019extermination men\u00e9e par les forces d\u2019occupation sionistes contre le peuple palestinien r\u00e9sistant. Il d\u00e9nonce \u00e9galement les politiques racistes de colonisation de l\u2019entit\u00e9 spoliatrice. Il consid\u00e8re que les agressions barbares commises par les forces d\u2019occupation r\u00e9pressives en Cisjordanie, \u00e0 Gaza, \u00e0 Al Qods Ach-Charif et dans les autres territoires palestiniens occup\u00e9s ne constituent pas seulement une violation du droit international humanitaire, mais aussi des crimes de guerre odieux qui visent les enfants, les vieillards, les femmes et les civils, sans distinction, et requi\u00e8rent enqu\u00eate et poursuites.<\/p>\n<p>Dans le m\u00eame temps, le Parti du Progr\u00e8s et du Socialisme appelle \u00e0 une action internationale urgente et efficace pour assurer la protection n\u00e9cessaire au peuple palestinien assi\u00e9g\u00e9 et \u00e0 \u0153uvrer pour la reconnaissance de ses droits l\u00e9gitimes, dont en premier lieu son droit \u00e0 \u00e9tablir son Etat ind\u00e9pendant avec Al Qods Ach-Charif comme capitale. Le bureau politique estime que le cours des \u00e9v\u00e8nements en Palestine, en \u00e9tat de r\u00e9sistance, interpelle profond\u00e9ment la conscience internationale, car la neutralit\u00e9 n\u00e9gative de la communaut\u00e9 internationale est inadmissible, en particulier de la part des grandes puissances occidentales, \u00e0 l\u2019\u00e9gard des massacres dont le peuple palestinien est victime et \u00e0 l\u2019\u00e9gard de l\u2019arrogance isra\u00e9lienne. Il est \u00e9galement inadmissible de faire pr\u00e9valoir une approche internationale, qui met sur le m\u00eame pied d\u2019\u00e9galit\u00e9 la victime et le bourreau et qui traite la situation comme s\u2019il s\u2019agissait de responsabilit\u00e9s \u00e9gales en ce qui concerne les violations graves commises sur le terrain.<\/p>\n<p><strong>Lire aussi | <a href=\"https:\/\/www.challenge.ma\/coronavirus-lue-ouvre-ses-frontieres-aux-touristes-vaccines-184980\/\" target=\"_blank\" rel=\"noreferrer noopener\">Coronavirus : l\u2019UE ouvre ses fronti\u00e8res aux touristes vaccin\u00e9s<\/a><\/strong><\/p>\n<p>Dans ce cadre, et tout en se recueillant sur l\u2019\u00e2me des martyrs palestiniens tomb\u00e9s dans la bataille pour la dignit\u00e9, la libert\u00e9 et l\u2019honneur, le bureau politique adresse ses salutations militantes \u00e0 l\u2019ensemble du peuple palestinien, en Cisjordanie, \u00e0 Al Qods et \u00e0 Gaza et dans tous les territoires palestiniens occup\u00e9s et consid\u00e8re que l\u2019unit\u00e9 des rangs palestiniens est d\u2019une importance vitale et d\u00e9cisive pour la juste cause palestinienne et \u00e0 ses perspectives. Partant de sa position constante de soutien \u00e0 la lutte du peuple palestinien militant et du fait que la cause palestinienne est une question fondamentale pour l\u2019ensemble des Marocains, le Parti du Progr\u00e8s et du Socialisme salue toutes les initiatives \u00e9difiantes et constructives prises par les forces vives dans notre pays pour le soutien au peuple palestinien et la d\u00e9nonciation des crimes sionistes.<\/p>\n<p>Par ailleurs, le bureau politique a suivi avec inqui\u00e9tude le franchissement par des milliers de personnes des points frontaliers vers la ville de Sebta occup\u00e9e et les images regrettables diffus\u00e9es sur les r\u00e9seaux sociaux qui refl\u00e8tent la situation difficile que vivent les habitants de la ville de Fnideq et des communes avoisinantes. A ce propos, il souligne, une nouvelle fois, la n\u00e9cessit\u00e9 de rem\u00e9dier \u00e0 cette situation par des solutions alternatives de d\u00e9veloppement qui garantissent \u00e0 toutes les familles concern\u00e9es les conditions d\u2019une vie digne. Dans le m\u00eame temps, le Parti du Progr\u00e8s et du Socialisme rappelle que ces \u00e9v\u00e8nements surviennent dans un contexte marqu\u00e9 par la tension que connaissent les relations de notre pays avec l\u2019Espagne, en raison du non-respect par cette derni\u00e8re des int\u00e9r\u00eats sup\u00e9rieurs de notre pays, faisant fi des exigences de la coop\u00e9ration constructive et du bon voisinage. Dans ce cadre, le Parti du Progr\u00e8s et du Socialisme souligne de nouveau la n\u00e9cessit\u00e9 pour l\u2019Espagne de s\u2019engager \u00e0 respecter, dans ses relations avec notre pays, les questions nationales fondamentales des deux pays, de ne pas r\u00e9duire ces relations de mani\u00e8re s\u00e9lective aux domaines \u00e9conomique et s\u00e9curitaire et aux efforts de lutte contre le terrorisme, la migration clandestine, les stup\u00e9fiants et la criminalit\u00e9 et de ne pas tourner le dos \u00e0 cette coop\u00e9ration quand il s\u2019agit des constantes nationales marocaines.<\/p>\n<p><strong>Lire aussi | <a href=\"https:\/\/www.challenge.ma\/mobilite-propre-le-devenir-de-lindustrie-automobile-passe-par-lelectrique-selon-joe-biden-185005\/\" target=\"_blank\" rel=\"noreferrer noopener\">Mobilit\u00e9 propre : le devenir de l\u2019industrie automobile passe par l\u2019\u00e9lectrique selon Joe Biden<\/a><\/strong><\/p>\n<p>Au niveau de la vie politique nationale, le bureau politique a r\u00e9it\u00e9r\u00e9 l\u2019appr\u00e9ciation par le parti de l\u2019initiative royale de lib\u00e9rer 17 d\u00e9tenus dans le cadre du Hirak du Rif, parmi les personnes graci\u00e9es \u00e0 l\u2019occasion de l\u2019Aid Al Fitr. Ce pas constructif et les mesures parall\u00e8les qui pourraient l\u2019accompagner sont de nature \u00e0 contribuer \u00e0 instaurer un climat politique positif dans notre pays \u00e0 la veille de l\u2019organisation des \u00e9lections. Dans ce cadre, le bureau politique s\u2019est arr\u00eat\u00e9 sur la d\u00e9cision de la r\u00e9vision exceptionnelle des listes \u00e9lectorales du 2 juin 2021 au 1er juillet 2021. A cette occasion, le parti adresse un appel pressant \u00e0 l\u2019ensemble des citoyennes et des citoyens, qu\u2019il s\u2019agisse des non-inscrits dans ces listes ou qu\u2019il s\u2019agisse des jeunes ayant r\u00e9cemment atteint l\u2019\u00e2ge l\u00e9gal de vote, \u00e0 aller s\u2019inscrire massivement \u00e9tant donn\u00e9 l\u2019importance majeure de cette action citoyenne pour la participation \u00e0 la vie publique et le soutien au changement, au progr\u00e8s, \u00e0 la d\u00e9mocratie et \u00e0 la justice sociale. Le bureau politique consid\u00e8re que le succ\u00e8s de cette op\u00e9ration, de sa gestion et de la campagne de sensibilisation \u00e0 son importance requi\u00e8rent la conjugaison des efforts des autorit\u00e9s publiques, des collectivit\u00e9s territoriales, des partis politiques, des syndicats, des composantes de la soci\u00e9t\u00e9 civile et des moyens d\u2019information et de communication.<\/p>\n<p>Auteur: challenge<br \/>\n<a href=\"https:\/\/www.challenge.ma\/le-pps-exhorte-lespagne-a-respecter-les-questions-nationales-fondamentales-185024\/\">Cliquez ici pour lire l&rsquo;article depuis sa source.<\/a><\/p>\n","protected":false},"excerpt":{"rendered":"<p>Le bureau politique du Parti du Progr\u00e8s et du Socialisme (PPS) a tenu, mardi 18 mai 2021, sa r\u00e9union hebdomadaire et examin\u00e9 de nombreuses questions nationales. A l\u2019ouverture de sa r\u00e9union, le bureau politique s\u2019est arr\u00eat\u00e9 sur les d\u00e9veloppements dangereux que conna\u00eet la question palestinienne et a salu\u00e9 les initiatives solidaires et humanitaires de notre [&hellip;]<\/p>\n","protected":false},"author":1787,"featured_media":0,"comment_status":"closed","ping_status":"closed","sticky":false,"template":"","format":"standard","meta":{"fifu_image_url":"","fifu_image_alt":"","footnotes":""},"categories":[78,54],"tags":[],"class_list":["post-117041","post","type-post","status-publish","format-standard","hentry","category-economie","category-maroc"],"_links":{"self":[{"href":"https:\/\/linitiative.ca\/International\/wp-json\/wp\/v2\/posts\/117041","targetHints":{"allow":["GET"]}}],"collection":[{"href":"https:\/\/linitiative.ca\/International\/wp-json\/wp\/v2\/posts"}],"about":[{"href":"https:\/\/linitiative.ca\/International\/wp-json\/wp\/v2\/types\/post"}],"author":[{"embeddable":true,"href":"https:\/\/linitiative.ca\/International\/wp-json\/wp\/v2\/users\/1787"}],"replies":[{"embeddable":true,"href":"https:\/\/linitiative.ca\/International\/wp-json\/wp\/v2\/comments?post=117041"}],"version-history":[{"count":0,"href":"https:\/\/linitiative.ca\/International\/wp-json\/wp\/v2\/posts\/117041\/revisions"}],"wp:attachment":[{"href":"https:\/\/linitiative.ca\/International\/wp-json\/wp\/v2\/media?parent=117041"}],"wp:term":[{"taxonomy":"category","embeddable":true,"href":"https:\/\/linitiative.ca\/International\/wp-json\/wp\/v2\/categories?post=117041"},{"taxonomy":"post_tag","embeddable":true,"href":"https:\/\/linitiative.ca\/International\/wp-json\/wp\/v2\/tags?post=117041"}],"curies":[{"name":"wp","href":"https:\/\/api.w.org\/{rel}","templated":true}]}}