{"id":117048,"date":"2021-05-19T16:34:50","date_gmt":"2021-05-19T20:34:50","guid":{"rendered":"https:\/\/linitiative.ca\/International\/tunisie-audio-la-greve-des-recettes-des-finances-nuit-gravement-a-leconomie-a-limage-et-a-la-credibilite-du-pays\/"},"modified":"2021-05-19T16:34:50","modified_gmt":"2021-05-19T20:34:50","slug":"tunisie-audio-la-greve-des-recettes-des-finances-nuit-gravement-a-leconomie-a-limage-et-a-la-credibilite-du-pays","status":"publish","type":"post","link":"https:\/\/linitiative.ca\/International\/tunisie-audio-la-greve-des-recettes-des-finances-nuit-gravement-a-leconomie-a-limage-et-a-la-credibilite-du-pays\/","title":{"rendered":"Tunisie \u2013 AUDIO\u00a0: La gr\u00e8ve des recettes des finances nuit gravement \u00e0 l\u2019\u00e9conomie, \u00e0 l\u2019image et \u00e0 la cr\u00e9dibilit\u00e9 du pays"},"content":{"rendered":"<div class=\"post-cont-in left relative\">\n<div id=\"post-info-wrap\" class=\"left relative post-info-out\">\n<div class=\"post-info-img left relative\"><img decoding=\"async\" alt=\"\" src=\"https:\/\/secure.gravatar.com\/avatar\/047123be9d5e8513774383916ee72db2?s=50&amp;d=mm&amp;r=g\" srcset=\"https:\/\/secure.gravatar.com\/avatar\/047123be9d5e8513774383916ee72db2?s=100&amp;d=mm&amp;r=g 2x\" class=\"avatar avatar-50 photo\" height=\"50\" width=\"50\" loading=\"lazy\"\/><\/div>\n<div class=\"post-info-in\">\n<div class=\"post-info-right left relative post-info-name left relative\"><span><span class=\"post-info-text\">Par<\/span> <span class=\"author-name vcard fn author\"><a href=\"https:\/\/www.tunisienumerique.com\/author\/lm\/\" title=\"Articles par LM\" rel=\"author\">LM<\/a><\/span><\/span> <span class=\"post-date updated\"><time class=\"post-date updated\" datetime=\"2021-05-19\">\u00a0| Il y a 9 secondes<\/time><\/span><br \/>\n<meta itemprop=\"dateModified\" content=\"2021-05-19\"\/><\/div>\n<div class=\"left relative\"><button id=\"listenButton1\" class=\"responsivevoice-button\" type=\"button\" value=\"Play\" title=\"\u00c9coutez l'article\"><span>\ud83d\udd0a \u00c9coutez l&rsquo;article<\/span><\/button>\n<\/div>\n<\/div>\n<\/div>\n<p>L\u2019expert en \u00e9conomie, Ezzeddine Sa\u00efdane a assur\u00e9 que les retomb\u00e9es de la gr\u00e8ve des agents des recettes des finances seront tr\u00e8s graves. Il a expliqu\u00e9 que cette gr\u00e8ve va emp\u00eacher le travail et la reprise de l\u2019\u00e9conomie, ainsi que le versement des salaires du mois de mai.<\/p>\n<div class=\"code-block code-block-1 c4\">\n <ins class=\"adsbygoogle c3\" data-ad-layout=\"in-article\" data-ad-format=\"fluid\" data-ad-client=\"ca-pub-2102118777505746\" data-ad-slot=\"7301775417\"\/>\n<\/div>\n<p>Sa\u00efdane \u00e0 ajout\u00e9 qu\u2019en plus de ces retomb\u00e9es, la plus grave est celle de nuire \u00e0 l\u2019image du pays, en cette p\u00e9riode critique, o\u00f9 il pr\u00e9sente sa requ\u00eate pour un pr\u00eat. Puisque cette gr\u00e8ve montre que le gouvernement est incapable de g\u00e9rer le pays et ses administrations.<\/p>\n<p><audio class=\"wp-audio-shortcode c5\" id=\"audio-664395-1\" preload=\"none\" controls=\"controls\"><source type=\"audio\/mpeg\" src=\"https:\/\/www.tunisienumerique.com\/wp-content\/uploads\/2021\/05\/Ezzedine-Saidane.mp3?_=1\"\/><a href=\"https:\/\/www.tunisienumerique.com\/wp-content\/uploads\/2021\/05\/Ezzedine-Saidane.mp3\">https:\/\/www.tunisienumerique.com\/wp-content\/uploads\/2021\/05\/Ezzedine-Saidane.mp3<\/a><\/audio><\/p>\n<div class=\"swp_social_panel swp_horizontal_panel swp_flat_fresh swp_default_full_color swp_individual_full_color swp_other_full_color scale-100 scale-\" data-min-width=\"1100\" data-float-color=\"#ffffff\" data-float=\"bottom\" data-float-mobile=\"bottom\" data-transition=\"slide\">\n<div class=\"nc_tweetContainer swp_share_button total_shares total_sharesalt\"><span class=\"swp_count\">0 <span class=\"swp_label\">Partages<\/span><\/span><\/div>\n<\/div>\n<p><strong>Que se passe-t-il en Tunisie?<\/strong><br \/>Nous expliquons sur notre <a href=\"https:\/\/www.youtube.com\/channel\/UCRzypVq0B_yBad5eGrwBx0Q?sub_confirmation=1\" target=\"_blank\" rel=\"noopener\">cha\u00eene YouTube<\/a> . <a href=\"https:\/\/www.youtube.com\/channel\/UCRzypVq0B_yBad5eGrwBx0Q?sub_confirmation=1\" target=\"_blank\" rel=\"noopener\">Abonnez-vous!<\/a><\/p>\n<div class=\"mvp-org-wrap\" itemprop=\"publisher\">\n<div class=\"mvp-org-logo\" itemprop=\"logo\"><img decoding=\"async\" src=\"https:\/\/www.tunisienumerique.com\/wp-content\/uploads\/2017\/02\/logo_tunisie_numerique.png\"\/><br \/>\n<meta itemprop=\"url\" content=\"https:\/\/www.tunisienumerique.com\/wp-content\/uploads\/2017\/02\/logo_tunisie_numerique.png\"\/><\/div>\n<p><meta content=\"Tunisie\"\/><\/div>\n<div class=\"mvp-related-posts left relative\">\n<h4 class=\"post-header\"><span class=\"post-header\">Lire aussi<\/span><\/h4>\n<\/div>\n<div id=\"article-ad\">\n <ins class=\"adsbygoogle c6\" data-ad-client=\"ca-pub-2102118777505746\" data-ad-slot=\"6513972734\" data-ad-format=\"auto\" data-full-width-responsive=\"true\"\/>\n<\/div>\n<\/div>\n<div id=\"post-sidebar-wrap\">\n <ins class=\"adsbygoogle c6\" data-ad-client=\"ca-pub-2102118777505746\" data-ad-slot=\"6168283410\" data-ad-format=\"auto\" data-full-width-responsive=\"true\"\/>\n<\/div>\n<p>Auteur: LM<br \/>\n<a href=\"https:\/\/www.tunisienumerique.com\/tunisie-audio-la-greve-des-recettes-des-finances-nuit-gravement-a-leconomie-a-limage-et-a-la-credibilite-du-pays\/\">Cliquez ici pour lire l&rsquo;article depuis sa source.<\/a><\/p>\n","protected":false},"excerpt":{"rendered":"<p>Par LM \u00a0| Il y a 9 secondes \ud83d\udd0a \u00c9coutez l&rsquo;article L\u2019expert en \u00e9conomie, Ezzeddine Sa\u00efdane a assur\u00e9 que les retomb\u00e9es de la gr\u00e8ve des agents des recettes des finances seront tr\u00e8s graves. Il a expliqu\u00e9 que cette gr\u00e8ve va emp\u00eacher le travail et la reprise de l\u2019\u00e9conomie, ainsi que le versement des salaires du [&hellip;]<\/p>\n","protected":false},"author":1789,"featured_media":0,"comment_status":"closed","ping_status":"closed","sticky":false,"template":"","format":"standard","meta":{"fifu_image_url":"https:\/\/secure.gravatar.com\/avatar\/047123be9d5e8513774383916ee72db2?s=50&d=mm&r=g","fifu_image_alt":"Tunisie \u2013 AUDIO\u00a0: La gr\u00e8ve des recettes des finances nuit gravement \u00e0 l\u2019\u00e9conomie, \u00e0 l\u2019image et \u00e0 la cr\u00e9dibilit\u00e9 du pays","footnotes":""},"categories":[73,55],"tags":[],"class_list":["post-117048","post","type-post","status-publish","format-standard","hentry","category-actualite","category-tunisie"],"_links":{"self":[{"href":"https:\/\/linitiative.ca\/International\/wp-json\/wp\/v2\/posts\/117048","targetHints":{"allow":["GET"]}}],"collection":[{"href":"https:\/\/linitiative.ca\/International\/wp-json\/wp\/v2\/posts"}],"about":[{"href":"https:\/\/linitiative.ca\/International\/wp-json\/wp\/v2\/types\/post"}],"author":[{"embeddable":true,"href":"https:\/\/linitiative.ca\/International\/wp-json\/wp\/v2\/users\/1789"}],"replies":[{"embeddable":true,"href":"https:\/\/linitiative.ca\/International\/wp-json\/wp\/v2\/comments?post=117048"}],"version-history":[{"count":0,"href":"https:\/\/linitiative.ca\/International\/wp-json\/wp\/v2\/posts\/117048\/revisions"}],"wp:attachment":[{"href":"https:\/\/linitiative.ca\/International\/wp-json\/wp\/v2\/media?parent=117048"}],"wp:term":[{"taxonomy":"category","embeddable":true,"href":"https:\/\/linitiative.ca\/International\/wp-json\/wp\/v2\/categories?post=117048"},{"taxonomy":"post_tag","embeddable":true,"href":"https:\/\/linitiative.ca\/International\/wp-json\/wp\/v2\/tags?post=117048"}],"curies":[{"name":"wp","href":"https:\/\/api.w.org\/{rel}","templated":true}]}}