{"id":117051,"date":"2021-05-19T15:50:30","date_gmt":"2021-05-19T19:50:30","guid":{"rendered":"https:\/\/linitiative.ca\/International\/arrivee-soudaine-et-massive-de-migrants-a-ceuta\/"},"modified":"2021-05-19T15:50:30","modified_gmt":"2021-05-19T19:50:30","slug":"arrivee-soudaine-et-massive-de-migrants-a-ceuta","status":"publish","type":"post","link":"https:\/\/linitiative.ca\/International\/arrivee-soudaine-et-massive-de-migrants-a-ceuta\/","title":{"rendered":"ARRIVEE SOUDAINE ET MASSIVE DE MIGRANTS A CEUTA  \u00a0"},"content":{"rendered":"<p class=\"c4\"><em>Un afflux de migrants sans pr\u00e9c\u00e9dent, que d\u2019aucuns ont vite qualifi\u00e9 \u00ab\u00a0d\u2019invasion\u00a0\u00bb\u00a0! \u00a0C\u2019est la triste et path\u00e9tique sc\u00e8ne qui se d\u00e9roulait sur la plage bruyante et les eaux agit\u00e9es de Tarajal dans l\u2019enclave espagnole de Ceuta, ville autonome espagnole situ\u00e9e sur la c\u00f4te nord de l\u2019Afrique ayant une fronti\u00e8re directe avec le Maroc. Le 18 mai dernier, en effet, cette petite bande de terre de quelque 18,5 km<sup>2<\/sup> relevant du ressort territorial de l\u2019Espagne, a \u00e9t\u00e9 prise d\u2019assaut par une horde de migrants clandestins (quelque 8 mille personnes) dont la moiti\u00e9 a \u00e9t\u00e9 reconduite de force \u00e0 la fronti\u00e8re marocaine. Parmi ces 8 mille desperados et autres cr\u00e8ve-la-faim, figuraient quelque deux mille enfants non accompagn\u00e9s qui, \u00e0 ce qu\u2019on dit, seraient toujours sur place. On comprend d\u00e8s lors toute la peine du monde \u00e9prouv\u00e9e par les forces de l\u2019ordre espagnoles, \u00e0 faire face \u00e0 ce d\u00e9ferlement humain massif jamais vu auparavant. D\u00e9bord\u00e9es comme elles ne l\u2019ont jamais autant \u00e9t\u00e9, ces forces de l\u2019ordre ont d\u00fb faire appel \u00e0 de nouveaux renforts. Cela dit, cette \u00ab\u00a0invasion\u00a0\u00bb intervient, comme on le sait, sur fond de crise diplomatique entre le Maroc et l\u2019Espagne\u00a0; Rabat n\u2019ayant gu\u00e8re appr\u00e9ci\u00e9 l\u2019accueil, par Madrid, du chef des ind\u00e9pendantistes saharaouis du Front Polisario, Brahim Ghali, pour raisons sanitaires li\u00e9es au Covid-19. \u00a0Connaissant l\u2019extr\u00eame sensibilit\u00e9 de la question du Sahara occidental pour la diplomatie ch\u00e9rifienne, on peut ais\u00e9ment imaginer le m\u00e9contentement de Rabat suite \u00e0 cet accueil.\u00a0 Quand bien m\u00eame les autorit\u00e9s ch\u00e9rifiennes rassurent celles de Madrid que cet afflux de migrants n\u2019est pas d\u00fb \u00e0 leur d\u00e9saccord et l\u2019Espagne r\u00e9fute l\u2019id\u00e9e d\u2019une manipulation, peut-on croire que Rabat ait voulu faire payer insidieusement au pays des Iglesias, sa solidarit\u00e9 envers le chef saharaoui\u00a0?\u00a0 Une chose est, en tout cas, certaine :\u00a0 le pacte qui faisait de Rabat, un alli\u00e9 s\u00fbr de l\u2019Espagne dans la lutte contre l\u2019immigration clandestine, semble, \u00e0 pr\u00e9sent, rompu ou du moins, grandement fragilis\u00e9.<\/em><\/p>\n<p class=\"c4\"><em>\u00a0<\/em><\/p>\n<p class=\"c4\"><em>\u00a0<\/em><\/p>\n<p class=\"c6\"><strong><em>Partir loin de sa famille, tout laisser derri\u00e8re soi, n\u2019a jamais \u00e9t\u00e9 une d\u00e9cision qu\u2019on prend de ga\u00eet\u00e9 de c\u0153ur<\/em><\/strong><\/p>\n<p class=\"c6\"><strong><em>\u00a0<\/em><\/strong><\/p>\n<p class=\"c4\"><em>\u00a0<\/em><\/p>\n<p class=\"c4\"><em>D\u2019autant que Rabat reproche \u00e0 son partenaire, de ne pas faire assez en termes de mobilisation de ressources en sa faveur, pour faire face au fl\u00e9au migratoire.\u00a0 Madrid, pour sa part, face \u00e0 cet afflux record, ne d\u00e9col\u00e8re pas.\u00a0 Ceci \u00e9tant, la position du gouvernement espagnol sur le dossier du Sahara occidental, ne saurait \u00eatre la seule explication \u00e0 cette nouvelle vague d\u00e9ferlante.\u00a0 La d\u00e9cision, il y a une ann\u00e9e et demie, de mettre fin \u00e0 la contrebande juteuse qui faisait vivre toute la zone concern\u00e9e (Maroc-Espagne), pourrait y \u00eatre aussi pour quelque chose.\u00a0 Si tel est le cas, quelle alternative a-t-on propos\u00e9 \u00e0 ces populations (parfois de pauvres-h\u00e8res) qui se sont retrouv\u00e9es, du jour au lendemain, d\u00e9pourvues de leur poule aux \u0153ufs d\u2019or ? En mettant fin \u00e0 la contrebande, il y avait urgence \u00e0 trouver une solution de rechange. Ce qui ne semble pas avoir \u00e9t\u00e9 le cas. En tout \u00e9tat de cause, qu\u2019ils soient Marocains ou autres, tous ces aventuriers qui n\u2019avaient plus rien \u00e0 perdre en montant \u00e0 l\u2019assaut de Ceuta, partagent une commune et impitoyable r\u00e9alit\u00e9 :\u00a0 celle de se sentir socialement exclus et oubli\u00e9s. Fatigu\u00e9s de promesses toujours sans lendemains, de leurs dirigeants quant \u00e0 un avenir meilleur, ils ont vu leur quotidien se d\u00e9grader davantage avec la crise sanitaire venue assombrir encore plus leur horizon et accentuer leur d\u00e9sir de partir co\u00fbte que co\u00fbte, advienne que pourra ! C\u2019est dire si plut\u00f4t que de rejeter la faute \u00e0 l\u2019Europe, les dirigeants des pays d\u2019o\u00f9 partent ces migrants, doivent se sentir surtout et avant tout interpell\u00e9s.\u00a0 Car, il est clair et certain que tous ces candidats \u00e0 l\u2019aventure ne s\u2019exposeraient pas \u00e0 tous les risques inh\u00e9rents \u00e0 de tels d\u00e9parts, si leurs pays respectifs leur offraient toutes les garanties de r\u00e9ussite et d\u2019\u00e9panouissement social \u00e0 travers des ambitieux programmes de promotion de l\u2019emploi les incitant \u00e0 rester au bercail. Partir loin de sa famille, tout laisser derri\u00e8re soi, n\u2019a jamais \u00e9t\u00e9 une d\u00e9cision qu\u2019on prend de ga\u00eet\u00e9 de c\u0153ur. Cela rel\u00e8ve plut\u00f4t quasiment du m\u00e9lodrame\u00a0! Une trag\u00e9die qui, h\u00e9las, ne semble pas vraiment troubler le sommeil de bien des dirigeants du continent\u00a0en panne de rem\u00e8de face \u00e0 la constante probl\u00e9matique d\u2019une jeunesse d\u00e9s\u0153uvr\u00e9e et sans emploi\u00a0! Mais, encore faut-il que ce probl\u00e8me constitue une source de pr\u00e9occupation permanente pour eux.\u00a0 De cela, on peut douter.<\/em><\/p>\n<p class=\"c4\"><em>\u00a0<\/em><\/p>\n<p class=\"c6\"><strong><em>Par CBS<\/em><\/strong><\/p>\n<p class=\"c4\"><em>\u00a0<\/em><\/p>\n<p><strong>\u00a0<\/strong><\/p>\n<p><strong>\u00a0<\/strong><\/p>\n<p><strong>\u00a0<\/strong><\/p>\n<p><strong>\u00a0<\/strong><\/p>\n<p>Auteur: Editions LEPAYS<br \/>\n<a href=\"https:\/\/lepays.bf\/arrivee-soudaine-et-massive-de-migrants-a-ceuta\/\">Cliquez ici pour lire l&rsquo;article depuis sa source.<\/a><\/p>\n","protected":false},"excerpt":{"rendered":"<p>Un afflux de migrants sans pr\u00e9c\u00e9dent, que d\u2019aucuns ont vite qualifi\u00e9 \u00ab\u00a0d\u2019invasion\u00a0\u00bb\u00a0! \u00a0C\u2019est la triste et path\u00e9tique sc\u00e8ne qui se d\u00e9roulait sur la plage bruyante et les eaux agit\u00e9es de Tarajal dans l\u2019enclave espagnole de Ceuta, ville autonome espagnole situ\u00e9e sur la c\u00f4te nord de l\u2019Afrique ayant une fronti\u00e8re directe avec le Maroc. Le 18 [&hellip;]<\/p>\n","protected":false},"author":1813,"featured_media":0,"comment_status":"closed","ping_status":"closed","sticky":false,"template":"","format":"standard","meta":{"fifu_image_url":"","fifu_image_alt":"","footnotes":""},"categories":[73,81],"tags":[],"class_list":["post-117051","post","type-post","status-publish","format-standard","hentry","category-actualite","category-burkina-faso"],"_links":{"self":[{"href":"https:\/\/linitiative.ca\/International\/wp-json\/wp\/v2\/posts\/117051","targetHints":{"allow":["GET"]}}],"collection":[{"href":"https:\/\/linitiative.ca\/International\/wp-json\/wp\/v2\/posts"}],"about":[{"href":"https:\/\/linitiative.ca\/International\/wp-json\/wp\/v2\/types\/post"}],"author":[{"embeddable":true,"href":"https:\/\/linitiative.ca\/International\/wp-json\/wp\/v2\/users\/1813"}],"replies":[{"embeddable":true,"href":"https:\/\/linitiative.ca\/International\/wp-json\/wp\/v2\/comments?post=117051"}],"version-history":[{"count":0,"href":"https:\/\/linitiative.ca\/International\/wp-json\/wp\/v2\/posts\/117051\/revisions"}],"wp:attachment":[{"href":"https:\/\/linitiative.ca\/International\/wp-json\/wp\/v2\/media?parent=117051"}],"wp:term":[{"taxonomy":"category","embeddable":true,"href":"https:\/\/linitiative.ca\/International\/wp-json\/wp\/v2\/categories?post=117051"},{"taxonomy":"post_tag","embeddable":true,"href":"https:\/\/linitiative.ca\/International\/wp-json\/wp\/v2\/tags?post=117051"}],"curies":[{"name":"wp","href":"https:\/\/api.w.org\/{rel}","templated":true}]}}