{"id":117053,"date":"2021-05-19T07:24:51","date_gmt":"2021-05-19T11:24:51","guid":{"rendered":"https:\/\/linitiative.ca\/International\/celebration-de-la-journee-de-lafrique-le-mardi-25-mai\/"},"modified":"2021-05-19T07:24:51","modified_gmt":"2021-05-19T11:24:51","slug":"celebration-de-la-journee-de-lafrique-le-mardi-25-mai","status":"publish","type":"post","link":"https:\/\/linitiative.ca\/International\/celebration-de-la-journee-de-lafrique-le-mardi-25-mai\/","title":{"rendered":"C\u00e9l\u00e9bration de la journ\u00e9e de l\u2019Afrique\u00a0 le mardi 25 mai"},"content":{"rendered":"<div class=\"td-post-featured-image\"><a href=\"https:\/\/www.sidwaya.info\/wp-content\/uploads\/2021\/05\/afrique.jpg\" data-caption=\"\"><img loading=\"lazy\" decoding=\"async\" width=\"680\" height=\"400\" class=\"entry-thumb td-modal-image\" src=\"https:\/\/www.sidwaya.info\/wp-content\/uploads\/2021\/05\/afrique.jpg\" srcset=\"https:\/\/www.sidwaya.info\/wp-content\/uploads\/2021\/05\/afrique.jpg 680w, https:\/\/www.sidwaya.info\/wp-content\/uploads\/2021\/05\/afrique-300x176.jpg 300w, https:\/\/www.sidwaya.info\/wp-content\/uploads\/2021\/05\/afrique-150x88.jpg 150w\" sizes=\"auto, (max-width: 680px) 100vw, 680px\" alt=\"\" title=\"afrique\"\/><\/a><\/div>\n<p>Le mardi 25 mai 2021, <strong>l\u2019Institut des Etudes Africaines<\/strong> de l\u2019universit\u00e9 Mohammed V de Rabat en partenariat avec <strong>CGLU Afrique<\/strong>, organise un s\u00e9minaire <strong>\u00e0 l\u2019occasion de la c\u00e9l\u00e9bration de la Journ\u00e9e de l\u2019Afrique<\/strong>. La rencontre se tiendra sous format hybride (pr\u00e9sentiel\u00a0: au si\u00e8ge de l\u2019Institut des Etudes Afriques de Rabat et en ligne) sous le th\u00e8me\u00a0: \u00ab <strong>Economie culturelle et cr\u00e9ative, levier de d\u00e9veloppement durable\u00bb.<\/strong><\/p>\n<p><strong>\u00a0<\/strong>La journ\u00e9e de l\u2019Afrique c\u00e9l\u00e8bre l\u2019anniversaire de la signature des accords de l\u2019OUA (Organisation de l\u2019Unit\u00e9 Africaine), le 25 mai 1963. C\u2019est l\u2019occasion pour chaque pays d\u2019organiser des \u00e9v\u00e9nements dans le but de favoriser le rapprochement entre les peuples africains. Cette journ\u00e9e co\u00efncide cette ann\u00e9e avec 3 \u00e9v\u00e8nements majeurs\u00a0:<\/p>\n<p>\u2013\u00a0\u00a0\u00a0 L\u2019Union Africaine a adopt\u00e9, pour 2021, le th\u00e8me \u00ab Arts, culture et patrimoine : un levier pour construire l\u2019Afrique que nous voulons \u00bb,<\/p>\n<p>\u2013 L\u2019ONU a d\u00e9clar\u00e9\u00a02021 \u00ab\u00a0Ann\u00e9e internationale de l\u2019\u00e9conomie cr\u00e9ative au service du d\u00e9veloppement durable\u00a0\u00bb,<\/p>\n<p>\u2013\u00a0\u00a0\u00a0 Cit\u00e9s et Gouvernements Locaux Unis d\u2019Afrique (CGLU Afrique) a d\u00e9sign\u00e9 la ville de Rabat \u00ab\u00a0Capitale Africaine de la Culture \u00bb.<\/p>\n<p>Le s\u00e9minaire traitera de la place de l\u2019\u00e9conomie culturelle et cr\u00e9ative comme \u00e9l\u00e9ment essentielle \u00e0 la r\u00e9alisation de l\u2019Afrique que nous voulons (Agenda 2063 de l\u2019Union Africaine)\u00a0: la culture et les arts, le patrimoine et la culture, comme un levier pour construire.<\/p>\n<p>Des pan\u00e9listes de renomm\u00e9s internationales et experts en la mati\u00e8re\u00a0 sont attendus \u00e0 ce rendez-vous. Ils \u00e9changeront particuli\u00e8rement sur :<\/p>\n<ul>\n<li>Les industries cr\u00e9atives et culturelles et l\u2019attractivit\u00e9 des territoires\u00a0;<\/li>\n<li>La r\u00e9volution num\u00e9rique, acc\u00e9l\u00e9rateur de r\u00e9appropriation par les jeunes de la culture et de la cr\u00e9ativit\u00e9 africaines\u00a0;<\/li>\n<li>Les besoins de formation aux m\u00e9tiers des industries culturelles et cr\u00e9atives\u00a0;<\/li>\n<li>Les conditions \u00e0 mettre en place pour l\u2019\u00e9mergence de places culturelles \u00e0 rayonnement international en Afrique.<\/li>\n<\/ul>\n<p>Par ailleurs, \u00e7a sera l\u2019occasion pour des jeunes africains d\u2019\u00e9changer et d\u2019exprimer <strong>leurs messages cr\u00e9atifs<\/strong> pour <strong>\u00ab\u00a0L\u2019Afrique qu\u2019ils veulent\u00a0\u00bb.<\/strong><\/p>\n<p><strong>Pour de plus amples informations veuillez contacter :<\/strong><\/p>\n<p><strong>Ga\u00eblle Yomi :<\/strong>\u00a0T\u00e9l : + 212 610 56 71 45\u00a0 <strong>E-mail\u00a0: <a href=\"mailto:gyomi@uclga.org\">gyomi@uclga.org<\/a><\/strong><\/p>\n<p><strong>Abdelkader Betari\u00a0:<\/strong> T\u00e9l : + 212\u00a0661\u00a0554\u00a0557, <strong>E-mail\u00a0: a.betari@um5.ac.ma<\/strong><\/p>\n<p><strong>\u00a0<\/strong><strong>A Propos \u00a0<\/strong><\/p>\n<p><strong>CGLU Afrique<\/strong> : Cit\u00e9s et Gouvernements Locaux Unis d\u2019Afrique (CGLU Afrique) est l\u2019Organisation fa\u00eeti\u00e8re qui assure la repr\u00e9sentation des collectivit\u00e9s territoriales d\u2019Afrique. CGLU Afrique compte 51 associations nationales de collectivit\u00e9s territoriales et plus de 2 000 villes et collectivit\u00e9s territoriales adh\u00e9rentes directes. \u00c0 travers ses membres, CGLU Afrique repr\u00e9sente plus de 350 millions de citoyens africains. <strong>Site Internet de CGLU Afrique\u00a0: <a href=\"http:\/\/www.uclga.org\">www.uclga.org<\/a>\u00a0<\/strong><\/p>\n<p><strong>\u00a0<\/strong><strong>L\u2019Institut des Etudes Africaines<\/strong>\u00a0: l\u2019IEA est un \u00e9tablissement universitaire sp\u00e9cialis\u00e9 sur l\u2019Afrique relevant de l\u2019Universit\u00e9 Mohammed V de Rabat. Il a \u00e9t\u00e9 cr\u00e9\u00e9 suite \u00e0 une d\u00e9cision de feu Sa Majest\u00e9 le Roi Hassan II en 1987 dans le cadre de la confirmation de la vocation africaine du Maroc et a entam\u00e9 ses activit\u00e9s en avril 1990. Il a \u00e9t\u00e9 cr\u00e9\u00e9 aussi pour \u00eatre une interface permettant de faire conna\u00eetre le Maroc en Afrique et l\u2019Afrique au Maroc.\u00a0 <strong>Site Internet de l\u2019IEA :<\/strong> <strong><a href=\"http:\/\/iea.um5.ac.ma\/\">http:\/\/iea.um5.ac.ma\/<\/a><\/strong><\/p>\n<div class=\"td-a-rec td-a-rec-id-content_bottom tdi_33_64c td_block_template_1\">\n<p><img loading=\"lazy\" decoding=\"async\" class=\"aligncenter size-full wp-image-27454\" src=\"https:\/\/www.sidwaya.info\/wp-content\/uploads\/2020\/10\/PUB-Bandeau-paiement-mobile-siteweb.jpg\" alt=\"\" width=\"728\" height=\"90\"\/><\/div>\n<p>Auteur: BS. Sidwaya<br \/>\n<a href=\"https:\/\/www.sidwaya.info\/blog\/2021\/05\/19\/celebration-de-la-journee-de-lafrique-le-mardi-25-mai\/\">Cliquez ici pour lire l&rsquo;article depuis sa source.<\/a><\/p>\n","protected":false},"excerpt":{"rendered":"<p>Le mardi 25 mai 2021, l\u2019Institut des Etudes Africaines de l\u2019universit\u00e9 Mohammed V de Rabat en partenariat avec CGLU Afrique, organise un s\u00e9minaire \u00e0 l\u2019occasion de la c\u00e9l\u00e9bration de la Journ\u00e9e de l\u2019Afrique. La rencontre se tiendra sous format hybride (pr\u00e9sentiel\u00a0: au si\u00e8ge de l\u2019Institut des Etudes Afriques de Rabat et en ligne) sous le [&hellip;]<\/p>\n","protected":false},"author":1816,"featured_media":0,"comment_status":"closed","ping_status":"closed","sticky":false,"template":"","format":"standard","meta":{"fifu_image_url":"https:\/\/www.sidwaya.info\/wp-content\/uploads\/2021\/05\/afrique.jpg","fifu_image_alt":"C\u00e9l\u00e9bration de la journ\u00e9e de l\u2019Afrique\u00a0 le mardi 25 mai","footnotes":""},"categories":[73,81],"tags":[],"class_list":["post-117053","post","type-post","status-publish","format-standard","hentry","category-actualite","category-burkina-faso"],"_links":{"self":[{"href":"https:\/\/linitiative.ca\/International\/wp-json\/wp\/v2\/posts\/117053","targetHints":{"allow":["GET"]}}],"collection":[{"href":"https:\/\/linitiative.ca\/International\/wp-json\/wp\/v2\/posts"}],"about":[{"href":"https:\/\/linitiative.ca\/International\/wp-json\/wp\/v2\/types\/post"}],"author":[{"embeddable":true,"href":"https:\/\/linitiative.ca\/International\/wp-json\/wp\/v2\/users\/1816"}],"replies":[{"embeddable":true,"href":"https:\/\/linitiative.ca\/International\/wp-json\/wp\/v2\/comments?post=117053"}],"version-history":[{"count":0,"href":"https:\/\/linitiative.ca\/International\/wp-json\/wp\/v2\/posts\/117053\/revisions"}],"wp:attachment":[{"href":"https:\/\/linitiative.ca\/International\/wp-json\/wp\/v2\/media?parent=117053"}],"wp:term":[{"taxonomy":"category","embeddable":true,"href":"https:\/\/linitiative.ca\/International\/wp-json\/wp\/v2\/categories?post=117053"},{"taxonomy":"post_tag","embeddable":true,"href":"https:\/\/linitiative.ca\/International\/wp-json\/wp\/v2\/tags?post=117053"}],"curies":[{"name":"wp","href":"https:\/\/api.w.org\/{rel}","templated":true}]}}