{"id":117059,"date":"2021-05-19T15:18:02","date_gmt":"2021-05-19T19:18:02","guid":{"rendered":"https:\/\/linitiative.ca\/International\/le-juge-rejette-la-demande-de-liberte-provisoire-des-pro-soro\/"},"modified":"2021-05-19T15:18:02","modified_gmt":"2021-05-19T19:18:02","slug":"le-juge-rejette-la-demande-de-liberte-provisoire-des-pro-soro","status":"publish","type":"post","link":"https:\/\/linitiative.ca\/International\/le-juge-rejette-la-demande-de-liberte-provisoire-des-pro-soro\/","title":{"rendered":"Le juge rejette la demande de libert\u00e9 provisoire des pro-Soro"},"content":{"rendered":"<div readability=\"32\">\n<p>Publi\u00e9 le 19.05.2021 \u00e0 20h18 par APA News<\/p>\n<\/div>\n<div readability=\"132\">\n<p>Le proc\u00e8s de l\u2019ancien pr\u00e9sident de l\u2019Assembl\u00e9e nationale ivoirienne Guillaume Soro et 19 de ses proches accus\u00e9s de \u00ab complot et atteinte \u00e0 l\u2019autorit\u00e9 de l\u2019Etat et \u00e0 l\u2019int\u00e9grit\u00e9 du territoire national \u00bb s\u2019est ouvert, mercredi, devant le Tribunal criminel d\u2019Abidjan.<\/p>\n<p>Lors de cette premi\u00e8re journ\u00e9e d\u2019audience, la d\u00e9fense a sollicit\u00e9 une \u00a0\u00ab libert\u00e9 provisoire imm\u00e9diate\u00bb de certains accus\u00e9s qui a \u00e9t\u00e9 rejet\u00e9e par le Tribunal.<\/p>\n<p>\u00a0En effet, le pr\u00e9sident du Tribunal criminel, le juge Charles Biny a rejet\u00e9 l\u2019ouverture d\u2019une nouvelle information judiciaire et cette demande de libert\u00e9 provisoire formul\u00e9e par \u00a0la d\u00e9fense, estimant que celle-ci est \u00a0\u00abmal fond\u00e9e \u00bb.<\/p>\n<p>\u00a0Cependant, le pr\u00e9sident du Tribunal a acc\u00e9d\u00e9 \u00e0 la communication des pi\u00e8ces exig\u00e9es par les avocats de la d\u00e9fense et a renvoy\u00e9 l\u2019audience au 26 mai prochain.\u00a0<\/p>\n<p>\u00ab Nous sollicitons, qu\u2019il vous plaise monsieur le pr\u00e9sident, une demande de libert\u00e9 provisoire pour nos clients Alain Lobognon, Soul To Soul, Rigobert Soro, F\u00e9licien S\u00e9kongo et Simon Soro conform\u00e9ment \u00e0 un arr\u00eat de la Cour africaine des droits de l\u2019homme et des peuples \u00a0datant d\u2019avril 2020\u00bb, avait plaid\u00e9 \u00a0auparavant, Me Souleymane Diallo, l\u2019un des \u00a0avocats de la d\u00e9fense.<\/p>\n<p>Par ailleurs, il avait soulev\u00e9 d\u00e8s l\u2019entame de l\u2019audience, une s\u00e9rie de pr\u00e9alables dont le contre interrogatoire de Sinaly Silu\u00e9, le directeur g\u00e9n\u00e9ral de l\u2019autorit\u00e9 nationale de l\u2019aviation civile (Anac) qui est l\u2019un des t\u00e9moins principaux de cette affaire.<\/p>\n<p>\u00a0Dans la m\u00eame veine que son confr\u00e8re, Me Raoul Gohi Bi, un autre avocat de la d\u00e9fense, a d\u00e9nonc\u00e9 un \u00a0\u00ab proc\u00e8s biais\u00e9\u00bb.<\/p>\n<p>\u00ab D\u00e9j\u00e0 nous avons l\u2019impression exacte de ce que ce proc\u00e8s est biais\u00e9. Dans un proc\u00e8s p\u00e9nal c\u2019est la d\u00e9fense seule qui a \u00a0plus de droit que l\u2019accusation. Ici c\u2019est le contraire. C\u2019est un proc\u00e8s politique \u00bb, a-t-il critiqu\u00e9.<\/p>\n<p>Quant au procureur de la R\u00e9publique Adou Richard Christophe et Me Abdoulaye Ben M\u00e9it\u00e9, l\u2019un des avocats de l\u2019Etat de C\u00f4te d\u2019Ivoire, ils se sont farouchement oppos\u00e9s \u00e0 ce plaidoyer de la d\u00e9fense, estimant \u00a0\u00ab qu\u2019aucun \u00e9l\u00e9ment ne justifie cette demande de libert\u00e9 provisoire \u00bb.<\/p>\n<p>\u00a0\u00ab Comment pouvez-vous imaginer que d\u00e8s l\u2019entame du proc\u00e8s, on fait valoir des exceptions comme c\u2019est le cas ? \u00a0\u00bb, s\u2019est interrog\u00e9 Me M\u00e9it\u00e9, estimant que l\u2019attitude de la d\u00e9fense est une \u00a0\u00ab fuite en avant \u00a0\u00bb. \u00a0Quatorze pr\u00e9venus sur vingt comparaissent dans ce proc\u00e8s qui s\u2019est ouvert devant une salle comble du Tribunal criminel d\u2019Abidjan.<\/p>\n<p>\u00a0 Les accus\u00e9s de ce proc\u00e8s sont Guillaume Soro, ex-pr\u00e9sident de l\u2019Assembl\u00e9e nationale ivoirienne, Alain Lobognon, Affoussiata Bamba Lamine, Kon\u00e9 Kamarat\u00e9 Souleymane, Kassi Kouam\u00e9 Jean-Baptiste, Zebret Souleymane, Kamagat\u00e9 Adama, Silu\u00e9 Neguerdjomon Emmanuel, Bamba Souleymane, Dosso Seydou, Kon\u00e9 Ardjouma, Traor\u00e9 Lamine, Fofana Kouakou, Soro Yedjossigu\u00e9 Simon, S\u00e9kongo Kouleyeri Simon, Traor\u00e9 Babou, Sess Soukou Mohamed, Tour\u00e9 Moussa, Issiaka Fofana et Soro Porlo Rigobert.<\/p>\n<p>Guillaume Soro, l\u2019ancien patron de l\u2019h\u00e9micycle ivoirien et d\u2019autres accus\u00e9s absents \u00e0 ce proc\u00e8s, dont l\u2019ex-ministre Affoussiata Bamba Lamine, seront jug\u00e9s par contumace.<\/p>\n<p>\u00a0La plupart des personnalit\u00e9s poursuivies dans cette affaire, a \u00e9t\u00e9 arr\u00eat\u00e9e depuis le 23 d\u00e9cembre 2019, date du retour avort\u00e9 de M. Soro \u00e0 Abidjan.<\/p>\n<\/div>\n<p>Auteur: APA News<br \/>\n<a href=\"https:\/\/www.journalducameroun.com\/le-juge-rejette-la-demande-de-liberte-provisoire-des-pro-soro\/\">Cliquez ici pour lire l&rsquo;article depuis sa source.<\/a><\/p>\n","protected":false},"excerpt":{"rendered":"<p>Publi\u00e9 le 19.05.2021 \u00e0 20h18 par APA News Le proc\u00e8s de l\u2019ancien pr\u00e9sident de l\u2019Assembl\u00e9e nationale ivoirienne Guillaume Soro et 19 de ses proches accus\u00e9s de \u00ab complot et atteinte \u00e0 l\u2019autorit\u00e9 de l\u2019Etat et \u00e0 l\u2019int\u00e9grit\u00e9 du territoire national \u00bb s\u2019est ouvert, mercredi, devant le Tribunal criminel d\u2019Abidjan. Lors de cette premi\u00e8re journ\u00e9e d\u2019audience, [&hellip;]<\/p>\n","protected":false},"author":1965,"featured_media":0,"comment_status":"closed","ping_status":"closed","sticky":false,"template":"","format":"standard","meta":{"fifu_image_url":"","fifu_image_alt":"","footnotes":""},"categories":[73,82],"tags":[],"class_list":["post-117059","post","type-post","status-publish","format-standard","hentry","category-actualite","category-cameroun"],"_links":{"self":[{"href":"https:\/\/linitiative.ca\/International\/wp-json\/wp\/v2\/posts\/117059","targetHints":{"allow":["GET"]}}],"collection":[{"href":"https:\/\/linitiative.ca\/International\/wp-json\/wp\/v2\/posts"}],"about":[{"href":"https:\/\/linitiative.ca\/International\/wp-json\/wp\/v2\/types\/post"}],"author":[{"embeddable":true,"href":"https:\/\/linitiative.ca\/International\/wp-json\/wp\/v2\/users\/1965"}],"replies":[{"embeddable":true,"href":"https:\/\/linitiative.ca\/International\/wp-json\/wp\/v2\/comments?post=117059"}],"version-history":[{"count":0,"href":"https:\/\/linitiative.ca\/International\/wp-json\/wp\/v2\/posts\/117059\/revisions"}],"wp:attachment":[{"href":"https:\/\/linitiative.ca\/International\/wp-json\/wp\/v2\/media?parent=117059"}],"wp:term":[{"taxonomy":"category","embeddable":true,"href":"https:\/\/linitiative.ca\/International\/wp-json\/wp\/v2\/categories?post=117059"},{"taxonomy":"post_tag","embeddable":true,"href":"https:\/\/linitiative.ca\/International\/wp-json\/wp\/v2\/tags?post=117059"}],"curies":[{"name":"wp","href":"https:\/\/api.w.org\/{rel}","templated":true}]}}