{"id":117060,"date":"2021-05-19T16:18:02","date_gmt":"2021-05-19T20:18:02","guid":{"rendered":"https:\/\/linitiative.ca\/International\/deces-au-maroc-de-lex-ministre-ivoirien-zakpa-komenan\/"},"modified":"2021-05-19T16:18:02","modified_gmt":"2021-05-19T20:18:02","slug":"deces-au-maroc-de-lex-ministre-ivoirien-zakpa-komenan","status":"publish","type":"post","link":"https:\/\/linitiative.ca\/International\/deces-au-maroc-de-lex-ministre-ivoirien-zakpa-komenan\/","title":{"rendered":"D\u00e9c\u00e8s au Maroc de l\u2019ex-ministre ivoirien Zakpa Kom\u00e9nan"},"content":{"rendered":"<div readability=\"32\">\n<p>Publi\u00e9 le 19.05.2021 \u00e0 21h18 par APA News<\/p>\n<\/div>\n<div readability=\"80\">\n<p>L\u2019ex-ministre ivoirien Zakpa Kom\u00e9nan Tch\u00e9koura Rolland est d\u00e9c\u00e9d\u00e9, mercredi, au Maroc, a appris APA de source officielle.<\/p>\n<p>Dans un communiqu\u00e9 dont APA a re\u00e7u copie, le ministre ivoirien de l\u2019Equipement et de l\u2019entretien routier, Dr Am\u00e9d\u00e9 Koffi Kouakou, \u00a0Coordonnateur du Rassemblement des houphou\u00ebtistes pour la d\u00e9mocratie et la paix (RHDP, parti au pouvoir) du Loh-Djiboua, annonce \u00ab le rappel \u00e0 Dieu du ministre Zakpa Kom\u00e9nan Tch\u00e9koura Rolland ce mercredi 19 mai 2021 au Maroc \u00bb.<\/p>\n<p>M. Zakpa, pr\u00e9sident du Conseil r\u00e9gional du Loh-Djiboua (Divo) \u00e9tait \u00e9galement \u00a0l\u2019un des coordonnateurs du RHDP dans cette r\u00e9gion.<\/p>\n<p>En ces moments douloureux, les \u00e9lus et cadres de la r\u00e9gion pr\u00e9sentent \u00ab leurs condol\u00e9ances \u00e0 la famille biologique, politique et \u00e0 toute la population du Loh-Djiboua \u00bb, conclut le communiqu\u00e9.<\/p>\n<p>Zakpa Komenan, membre du Parti d\u00e9mocratique de C\u00f4te d\u2019Ivoire (PDCI), ex-parti unique), est nomm\u00e9 ministre des Sport de C\u00f4te d\u2019Ivoire en 1993.\u00a0<\/p>\n<p>En janvier 1996, le pr\u00e9sident Henri Konan B\u00e9di\u00e9 le place au poste de ministre de l\u2019Enseignement technique et de la Formation Professionnelle, poste qu\u2019il occupera jusqu\u2019\u00e0 avril 1999.<\/p>\n<p>Apr\u00e8s des ann\u00e9es pass\u00e9es au PDCI, M. Zakpa, professeur de Droit \u00e0 l\u2019Universit\u00e9 F\u00e9lix Houphou\u00ebt-Boigny, passe chez le parti lib\u00e9ral du Rassemblement des r\u00e9publicains (RDR) dans les ann\u00e9es 2010.<\/p>\n<p>Parall\u00e8lement \u00e0 son poste au Conseil r\u00e9gional, il occupe de 2015 \u00e0 2019, la pr\u00e9sidence du Conseil national des sports (CNAS).<\/p>\n<\/div>\n<p>Auteur: APA News<br \/>\n<a href=\"https:\/\/www.journalducameroun.com\/deces-au-maroc-de-lex-ministre-ivoirien-zakpa-komenan\/\">Cliquez ici pour lire l&rsquo;article depuis sa source.<\/a><\/p>\n","protected":false},"excerpt":{"rendered":"<p>Publi\u00e9 le 19.05.2021 \u00e0 21h18 par APA News L\u2019ex-ministre ivoirien Zakpa Kom\u00e9nan Tch\u00e9koura Rolland est d\u00e9c\u00e9d\u00e9, mercredi, au Maroc, a appris APA de source officielle. Dans un communiqu\u00e9 dont APA a re\u00e7u copie, le ministre ivoirien de l\u2019Equipement et de l\u2019entretien routier, Dr Am\u00e9d\u00e9 Koffi Kouakou, \u00a0Coordonnateur du Rassemblement des houphou\u00ebtistes pour la d\u00e9mocratie et [&hellip;]<\/p>\n","protected":false},"author":1965,"featured_media":0,"comment_status":"closed","ping_status":"closed","sticky":false,"template":"","format":"standard","meta":{"fifu_image_url":"","fifu_image_alt":"","footnotes":""},"categories":[73,82],"tags":[],"class_list":["post-117060","post","type-post","status-publish","format-standard","hentry","category-actualite","category-cameroun"],"_links":{"self":[{"href":"https:\/\/linitiative.ca\/International\/wp-json\/wp\/v2\/posts\/117060","targetHints":{"allow":["GET"]}}],"collection":[{"href":"https:\/\/linitiative.ca\/International\/wp-json\/wp\/v2\/posts"}],"about":[{"href":"https:\/\/linitiative.ca\/International\/wp-json\/wp\/v2\/types\/post"}],"author":[{"embeddable":true,"href":"https:\/\/linitiative.ca\/International\/wp-json\/wp\/v2\/users\/1965"}],"replies":[{"embeddable":true,"href":"https:\/\/linitiative.ca\/International\/wp-json\/wp\/v2\/comments?post=117060"}],"version-history":[{"count":0,"href":"https:\/\/linitiative.ca\/International\/wp-json\/wp\/v2\/posts\/117060\/revisions"}],"wp:attachment":[{"href":"https:\/\/linitiative.ca\/International\/wp-json\/wp\/v2\/media?parent=117060"}],"wp:term":[{"taxonomy":"category","embeddable":true,"href":"https:\/\/linitiative.ca\/International\/wp-json\/wp\/v2\/categories?post=117060"},{"taxonomy":"post_tag","embeddable":true,"href":"https:\/\/linitiative.ca\/International\/wp-json\/wp\/v2\/tags?post=117060"}],"curies":[{"name":"wp","href":"https:\/\/api.w.org\/{rel}","templated":true}]}}